{"id":61894,"date":"2025-11-30T15:42:02","date_gmt":"2025-11-30T18:42:02","guid":{"rendered":"https:\/\/radiorevelacionfm.cl\/?p=61894"},"modified":"2025-11-30T15:43:16","modified_gmt":"2025-11-30T18:43:16","slug":"confirman-aprobacion-de-indicacion-que-otorga-asignacion-de-zona-a-asistentes-de-la-educacion","status":"publish","type":"post","link":"https:\/\/radiorevelacionfm.cl\/?p=61894","title":{"rendered":"Diputada Raphael confirma aprobaci\u00f3n de indicaci\u00f3n que otorga Asignaci\u00f3n de Zona a asistentes de la educaci\u00f3n"},"content":{"rendered":"<div class=\"flex_column av_one_full  flex_column_div av-zero-column-padding first  avia-builder-el-0  el_before_av_one_full  avia-builder-el-first  \" style='border-radius:0px; '><div  class='avia-image-container  av-styling-    avia-builder-el-1  avia-builder-el-no-sibling  avia-align-center '  itemprop=\"image\" itemscope=\"itemscope\" itemtype=\"https:\/\/schema.org\/ImageObject\"  ><div class='avia-image-container-inner'><div class='avia-image-overlay-wrap'><img decoding=\"async\" class='wp-image-30195 avia-img-lazy-loading-not-30195 avia_image' src=\"https:\/\/radiorevelacionfm.cl\/wp-content\/uploads\/2023\/04\/Diputada-Marcia-Raphael-1-1.jpeg\" alt='' title='Diputada Marcia Raphael (1) (1)' height=\"600\" width=\"900\"  itemprop=\"thumbnailUrl\" srcset=\"https:\/\/radiorevelacionfm.cl\/wp-content\/uploads\/2023\/04\/Diputada-Marcia-Raphael-1-1.jpeg 900w, https:\/\/radiorevelacionfm.cl\/wp-content\/uploads\/2023\/04\/Diputada-Marcia-Raphael-1-1-300x200.jpeg 300w, https:\/\/radiorevelacionfm.cl\/wp-content\/uploads\/2023\/04\/Diputada-Marcia-Raphael-1-1-768x512.jpeg 768w, https:\/\/radiorevelacionfm.cl\/wp-content\/uploads\/2023\/04\/Diputada-Marcia-Raphael-1-1-705x470.jpeg 705w, https:\/\/radiorevelacionfm.cl\/wp-content\/uploads\/2023\/04\/Diputada-Marcia-Raphael-1-1-450x300.jpeg 450w, https:\/\/radiorevelacionfm.cl\/wp-content\/uploads\/2023\/04\/Diputada-Marcia-Raphael-1-1-600x400.jpeg 600w\" sizes=\"(max-width: 900px) 100vw, 900px\" \/><\/div><\/div><\/div><\/div>\n<div class=\"flex_column av_one_full  flex_column_div av-zero-column-padding first  avia-builder-el-2  el_after_av_one_full  el_before_av_one_full  column-top-margin\" style='border-radius:0px; '><section class=\"av_textblock_section \"  itemscope=\"itemscope\" itemtype=\"https:\/\/schema.org\/BlogPosting\" itemprop=\"blogPost\" ><div class='avia_textblock  '   itemprop=\"text\" ><p style=\"text-align: center;\"><strong><span style=\"font-size: 18pt;\">Diputada Raphael confirma aprobaci\u00f3n de indicaci\u00f3n que otorga Asignaci\u00f3n de Zona a asistentes de la educaci\u00f3n<\/span><\/strong><\/p>\n<div id=\"gtx-trans\" style=\"position: absolute; left: -50px; top: 4.31534px;\">\n<div class=\"gtx-trans-icon\"><\/div>\n<\/div>\n<\/div><\/section><\/div><div class=\"flex_column av_one_full  flex_column_div av-zero-column-padding first  avia-builder-el-4  el_after_av_one_full  el_before_av_hr  column-top-margin\" style='border-radius:0px; '><section class=\"av_textblock_section \"  itemscope=\"itemscope\" itemtype=\"https:\/\/schema.org\/BlogPosting\" itemprop=\"blogPost\" ><div class='avia_textblock  '   itemprop=\"text\" ><p align=\"justify\"><i>Marcia Raphael representante de Ays\u00e9n en el Congreso resalt\u00f3 el trabajo en conjunto a las asociaciones gremiales de los asistentes de la educaci\u00f3n que permiti\u00f3 lograr la incorporaci\u00f3n de este art\u00edculo en la ley que regula los SLEP.<\/i><i><\/i><\/p>\n<p align=\"justify\">En el marco de la discusi\u00f3n del proyecto que modifica la Ley 21.040\u00a0con objetivo de\u00a0fortalecer y mejorar el funcionamiento de los Servicios Locales de Educaci\u00f3n P\u00fablica (SLEP), la Comisi\u00f3n de Educaci\u00f3n de la C\u00e1mara de Diputados aprob\u00f3 una serie de ajustes orientados a corregir falencias detectadas en su implementaci\u00f3n. Entre ellos, la incorporaci\u00f3n de un art\u00edculo clave para\u00a0que los asistentes de la educaci\u00f3n tengan el reconocimiento como tal de trabajadores p\u00fablicos.<\/p>\n<p align=\"justify\">La diputada,\u00a0Marcia Raphael Mora\u00a0(RN),\u00a0valor\u00f3 especialmente la inclusi\u00f3n del nuevo\u00a0art\u00edculo\u00a0que \u201cconcede\u00a0la\u00a0bonificaci\u00f3n de zona a los asistentes de la educaci\u00f3n que se desempe\u00f1en en establecimientos educacionales dependientes de los SLEP\u201d, anunci\u00f3.<\/p>\n<p align=\"justify\"><span style=\"font-family: Verdana;\">\u201cEs<\/span>ta es\u00a0una muy buena noticia, ya\u00a0que en las \u00faltimas indicaciones ingresadas por el gobierno se reconozca y haga efectivo el pago de la asignaci\u00f3n de zona para los asistentes de la educaci\u00f3n\u201d,\u00a0enfatiz\u00f3\u00a0la parlamentaria, subrayando que\u00a0<span style=\"font-family: Verdana;\">\u201cesto responde al trabajo que hemos realizado en conjunto a las asociaciones de los asistentes de la educaci\u00f3n de la regi\u00f3n\u201d.<\/span><\/p>\n<p align=\"justify\">Raphael sostuvo que esta modificaci\u00f3n \u201chace justicia a la importante labor que realizan en el sistema educativo y reconoce los derechos que les corresponden como funcionarios p\u00fablicos\u201d. En esa l\u00ednea, expres\u00f3 su reconocimiento a los trabajadores \u201cpor la persistencia que han tenido durante mucho tiempo con esta demanda y por la confianza que nos han entregado para impulsar este avance importante\u201d.<\/p>\n<p align=\"justify\">Finalmente, la legisladora precis\u00f3 que el proyecto continuar\u00e1 su tramitaci\u00f3n en el Congreso y se comprometi\u00f3 a resguardar la permanencia de esta indicaci\u00f3n durante las siguientes etapas legislativas. \u201cNuestro compromiso es que esta medida se mantenga en el debate y llegue a convertirse en ley\u201d,\u00a0concluy\u00f3.<\/p>\n<\/div><\/section><\/div><\/p>\n<div  style='height:50px' class='hr hr-invisible   avia-builder-el-6  el_after_av_one_full  el_before_av_social_share '><span class='hr-inner ' ><span class='hr-inner-style'><\/span><\/span><\/div>\n<div  class='av-social-sharing-box  avia-builder-el-7  el_after_av_hr  el_before_av_hr  '><div class='av-share-box'><h5 class='av-share-link-description av-no-toc '>Compartir esta noticia<\/h5><ul class='av-share-box-list noLightbox'><li class='av-share-link av-social-link-facebook' ><a target=\"_blank\" aria-label=\"Compartir en Facebook\" href='https:\/\/www.facebook.com\/sharer.php?u=https:\/\/radiorevelacionfm.cl\/?p=61894&#038;t=Diputada%20Raphael%20confirma%20aprobaci%C3%B3n%20de%20indicaci%C3%B3n%20que%20otorga%20Asignaci%C3%B3n%20de%20Zona%20a%20asistentes%20de%20la%20educaci%C3%B3n' aria-hidden='false' data-av_icon='\ue8f3' data-av_iconfont='entypo-fontello' title='' data-avia-related-tooltip='Compartir en Facebook' rel=\"noopener\"><span class='avia_hidden_link_text'>Compartir en Facebook<\/span><\/a><\/li><li class='av-share-link av-social-link-twitter' ><a target=\"_blank\" aria-label=\"Compartir en Twitter\" href='https:\/\/twitter.com\/share?text=Diputada%20Raphael%20confirma%20aprobaci%C3%B3n%20de%20indicaci%C3%B3n%20que%20otorga%20Asignaci%C3%B3n%20de%20Zona%20a%20asistentes%20de%20la%20educaci%C3%B3n&#038;url=https:\/\/radiorevelacionfm.cl\/?p=61894' aria-hidden='false' data-av_icon='\ue8f1' data-av_iconfont='entypo-fontello' title='' data-avia-related-tooltip='Compartir en Twitter' rel=\"noopener\"><span class='avia_hidden_link_text'>Compartir en Twitter<\/span><\/a><\/li><li class='av-share-link av-social-link-whatsapp' ><a target=\"_blank\" aria-label=\"Compartir en Whatsapp\" href='https:\/\/api.whatsapp.com\/send?text=https:\/\/radiorevelacionfm.cl\/?p=61894' aria-hidden='false' data-av_icon='\uf232' data-av_iconfont='entypo-fontello' title='' data-avia-related-tooltip='Compartir en Whatsapp' rel=\"noopener\"><span class='avia_hidden_link_text'>Compartir en Whatsapp<\/span><\/a><\/li><li class='av-share-link av-social-link-linkedin' ><a target=\"_blank\" aria-label=\"Compartir en LinkedIn\" href='https:\/\/linkedin.com\/shareArticle?mini=true&#038;title=Diputada%20Raphael%20confirma%20aprobaci%C3%B3n%20de%20indicaci%C3%B3n%20que%20otorga%20Asignaci%C3%B3n%20de%20Zona%20a%20asistentes%20de%20la%20educaci%C3%B3n&#038;url=https:\/\/radiorevelacionfm.cl\/?p=61894' aria-hidden='false' data-av_icon='\ue8fc' data-av_iconfont='entypo-fontello' title='' data-avia-related-tooltip='Compartir en LinkedIn' rel=\"noopener\"><span class='avia_hidden_link_text'>Compartir en LinkedIn<\/span><\/a><\/li><li class='av-share-link av-social-link-mail' ><a  aria-label=\"Compartir por correo\" href='mailto:?subject=Diputada%20Raphael%20confirma%20aprobaci%C3%B3n%20de%20indicaci%C3%B3n%20que%20otorga%20Asignaci%C3%B3n%20de%20Zona%20a%20asistentes%20de%20la%20educaci%C3%B3n&#038;body=https:\/\/radiorevelacionfm.cl\/?p=61894' aria-hidden='false' data-av_icon='\ue805' data-av_iconfont='entypo-fontello' title='' data-avia-related-tooltip='Compartir por correo'><span class='avia_hidden_link_text'>Compartir por correo<\/span><\/a><\/li><\/ul><\/div><\/div>\n<div  style='height:50px' class='hr hr-invisible   avia-builder-el-8  el_after_av_social_share  el_before_av_comments_list '><span class='hr-inner ' ><span class='hr-inner-style'><\/span><\/span><\/div>\n<div  class='av-buildercomment  av-blog-meta-html-info-disabled av-blog-meta-tag-disabled  '><\/div>\n","protected":false},"excerpt":{"rendered":"","protected":false},"author":1,"featured_media":30195,"comment_status":"closed","ping_status":"closed","sticky":false,"template":"","format":"standard","meta":{"footnotes":""},"categories":[35],"tags":[],"class_list":["post-61894","post","type-post","status-publish","format-standard","has-post-thumbnail","hentry","category-politica"],"jetpack_featured_media_url":"https:\/\/radiorevelacionfm.cl\/wp-content\/uploads\/2023\/04\/Diputada-Marcia-Raphael-1-1.jpeg","_links":{"self":[{"href":"https:\/\/radiorevelacionfm.cl\/index.php?rest_route=\/wp\/v2\/posts\/61894","targetHints":{"allow":["GET"]}}],"collection":[{"href":"https:\/\/radiorevelacionfm.cl\/index.php?rest_route=\/wp\/v2\/posts"}],"about":[{"href":"https:\/\/radiorevelacionfm.cl\/index.php?rest_route=\/wp\/v2\/types\/post"}],"author":[{"embeddable":true,"href":"https:\/\/radiorevelacionfm.cl\/index.php?rest_route=\/wp\/v2\/users\/1"}],"replies":[{"embeddable":true,"href":"https:\/\/radiorevelacionfm.cl\/index.php?rest_route=%2Fwp%2Fv2%2Fcomments&post=61894"}],"version-history":[{"count":4,"href":"https:\/\/radiorevelacionfm.cl\/index.php?rest_route=\/wp\/v2\/posts\/61894\/revisions"}],"predecessor-version":[{"id":61967,"href":"https:\/\/radiorevelacionfm.cl\/index.php?rest_route=\/wp\/v2\/posts\/61894\/revisions\/61967"}],"wp:featuredmedia":[{"embeddable":true,"href":"https:\/\/radiorevelacionfm.cl\/index.php?rest_route=\/wp\/v2\/media\/30195"}],"wp:attachment":[{"href":"https:\/\/radiorevelacionfm.cl\/index.php?rest_route=%2Fwp%2Fv2%2Fmedia&parent=61894"}],"wp:term":[{"taxonomy":"category","embeddable":true,"href":"https:\/\/radiorevelacionfm.cl\/index.php?rest_route=%2Fwp%2Fv2%2Fcategories&post=61894"},{"taxonomy":"post_tag","embeddable":true,"href":"https:\/\/radiorevelacionfm.cl\/index.php?rest_route=%2Fwp%2Fv2%2Ftags&post=61894"}],"curies":[{"name":"wp","href":"https:\/\/api.w.org\/{rel}","templated":true}]}}