{"id":61891,"date":"2025-11-27T19:03:29","date_gmt":"2025-11-27T22:03:29","guid":{"rendered":"https:\/\/radiorevelacionfm.cl\/?p=61891"},"modified":"2025-11-27T19:03:29","modified_gmt":"2025-11-27T22:03:29","slug":"advierten-riesgo-de-paralizacion-del-proyecto-chacra-g-por-deuda-del-minvu-con-empresa-constructora","status":"publish","type":"post","link":"https:\/\/radiorevelacionfm.cl\/?p=61891","title":{"rendered":"Advierten riesgo de paralizaci\u00f3n del proyecto Chacra G por deuda del MINVU con empresa constructora"},"content":{"rendered":"<div class=\"flex_column av_one_full  flex_column_div av-zero-column-padding first  avia-builder-el-0  el_before_av_one_full  avia-builder-el-first  \" style='border-radius:0px; '><div  class='avia-image-container  av-styling-    avia-builder-el-1  avia-builder-el-no-sibling  avia-align-center '  itemprop=\"image\" itemscope=\"itemscope\" itemtype=\"https:\/\/schema.org\/ImageObject\"  ><div class='avia-image-container-inner'><div class='avia-image-overlay-wrap'><img decoding=\"async\" class='wp-image-61892 avia-img-lazy-loading-not-61892 avia_image' src=\"https:\/\/radiorevelacionfm.cl\/wp-content\/uploads\/2025\/11\/Gugliemi-Chacra-G-1-1.jpeg\" alt='' title='Gugliemi Chacra G (1) (1)' height=\"654\" width=\"800\"  itemprop=\"thumbnailUrl\" srcset=\"https:\/\/radiorevelacionfm.cl\/wp-content\/uploads\/2025\/11\/Gugliemi-Chacra-G-1-1.jpeg 800w, https:\/\/radiorevelacionfm.cl\/wp-content\/uploads\/2025\/11\/Gugliemi-Chacra-G-1-1-300x245.jpeg 300w, https:\/\/radiorevelacionfm.cl\/wp-content\/uploads\/2025\/11\/Gugliemi-Chacra-G-1-1-768x628.jpeg 768w, https:\/\/radiorevelacionfm.cl\/wp-content\/uploads\/2025\/11\/Gugliemi-Chacra-G-1-1-705x576.jpeg 705w, https:\/\/radiorevelacionfm.cl\/wp-content\/uploads\/2025\/11\/Gugliemi-Chacra-G-1-1-450x368.jpeg 450w, https:\/\/radiorevelacionfm.cl\/wp-content\/uploads\/2025\/11\/Gugliemi-Chacra-G-1-1-600x491.jpeg 600w\" sizes=\"(max-width: 800px) 100vw, 800px\" \/><\/div><\/div><\/div><\/div>\n<div class=\"flex_column av_one_full  flex_column_div av-zero-column-padding first  avia-builder-el-2  el_after_av_one_full  el_before_av_one_full  column-top-margin\" style='border-radius:0px; '><section class=\"av_textblock_section \"  itemscope=\"itemscope\" itemtype=\"https:\/\/schema.org\/BlogPosting\" itemprop=\"blogPost\" ><div class='avia_textblock  '   itemprop=\"text\" ><p style=\"text-align: center;\"><span style=\"font-size: 18pt;\"><b>Advierten riesgo de paralizaci\u00f3n del proyecto Chacra G por deuda del <\/b><b>MINVU con empresa constructora<\/b><\/span><\/p>\n<div id=\"gtx-trans\" style=\"position: absolute; left: -50px; top: 4.31534px;\">\n<div class=\"gtx-trans-icon\"><\/div>\n<\/div>\n<\/div><\/section><\/div><div class=\"flex_column av_one_full  flex_column_div av-zero-column-padding first  avia-builder-el-4  el_after_av_one_full  el_before_av_hr  column-top-margin\" style='border-radius:0px; '><section class=\"av_textblock_section \"  itemscope=\"itemscope\" itemtype=\"https:\/\/schema.org\/BlogPosting\" itemprop=\"blogPost\" ><div class='avia_textblock  '   itemprop=\"text\" ><p style=\"font-weight: 400; text-align: justify;\"><em>El CORE constat\u00f3 el avance de las obras en el sector alto de la capital regional y enfatiz\u00f3 en que de cara al cambio de gobierno es la actual autoridad la que debe dar una pronta soluci\u00f3n.<\/em><\/p>\n<p style=\"font-weight: 400; text-align: justify;\">Una grave advertencia realiz\u00f3 el consejero regional por la Provincia de Coyhaique, Pablo Guglielmi, respecto de la compleja situaci\u00f3n financiera que enfrenta una de las constructoras encargadas del proyecto habitacional Chacra G, debido a deudas impagas del Ministerio de Vivienda y Urbanismo (MINVU), situaci\u00f3n que podr\u00eda afectar la continuidad de las obras del emblem\u00e1tico proyecto habitacional.<\/p>\n<p style=\"font-weight: 400; text-align: justify;\">Seg\u00fan explic\u00f3 la autoridad regional, el proyecto ubicado en el sector alto de Coyhaique re\u00fane a familias que llevan m\u00e1s de diez a\u00f1os esperando una soluci\u00f3n habitacional definitiva y que, pese a los avances de las obras, actualmente se encuentra en riesgo.<\/p>\n<p style=\"font-weight: 400; text-align: justify;\">\u00abQuienes conforman el proyecto del\u00a0sector Chacra G son vecinos que llevan m\u00e1s de diez a\u00f1os esperando una soluci\u00f3n habitacional y que este proyecto ha ido avanzando\u201d, se\u00f1al\u00f3 Guglielmi.<\/p>\n<p style=\"font-weight: 400; text-align: justify;\">El consejero regional inform\u00f3 que una de las empresas constructoras enfrenta serios problemas para continuar su ejecuci\u00f3n debido a remesas pendientes\u00a0lo que podr\u00eda\u00a0llevar\u00a0a la empresa a paralizar la compra de insumos, afectando directamente el normal desarrollo de las faenas.<\/p>\n<p style=\"font-weight: 400; text-align: justify;\">\u201cLamentablemente, hoy d\u00eda, una de las constructoras a cargo de este proyecto est\u00e1 teniendo problemas de financiamiento y de remesa. Desde Vivienda no han dado respuesta para cancelar las remesas que superan los mil quinientos millones de pesos\u201d, afirm\u00f3.<\/p>\n<p style=\"font-weight: 400; text-align: justify;\">\u201cLa constructora,\u00a0por ende,\u00a0se ver\u00eda\u00a0obligada a paralizar las compras de insumos para seguir construyendo estas viviendas y dos comit\u00e9s de viviendas se ver\u00edan afectados con esta situaci\u00f3n\u201d, agreg\u00f3.<\/p>\n<p style=\"font-weight: 400; text-align: justify;\">Guglielmi llam\u00f3 a la\u00a0SEREMI de Vivienda\u00a0a pronunciarse con urgencia y entregar una soluci\u00f3n tanto a la empresa como a las familias involucradas.<\/p>\n<p style=\"font-weight: 400; text-align: justify;\">\u201cEsperamos un pronunciamiento por parte de la Autoridad de Vivienda en nuestra regi\u00f3n de Ays\u00e9n y para que le den una pronta respuesta, tanto a la constructora que genera empleo en Coyhaique, como para que sigan avanzando las obras de estas etapas en el sector Chacra G\u201d,\u00a0concluy\u00f3.<\/p>\n<\/div><\/section><\/div><\/p>\n<div  style='height:50px' class='hr hr-invisible   avia-builder-el-6  el_after_av_one_full  el_before_av_social_share '><span class='hr-inner ' ><span class='hr-inner-style'><\/span><\/span><\/div>\n<div  class='av-social-sharing-box  avia-builder-el-7  el_after_av_hr  el_before_av_hr  '><div class='av-share-box'><h5 class='av-share-link-description av-no-toc '>Compartir esta noticia<\/h5><ul class='av-share-box-list noLightbox'><li class='av-share-link av-social-link-facebook' ><a target=\"_blank\" aria-label=\"Compartir en Facebook\" href='https:\/\/www.facebook.com\/sharer.php?u=https:\/\/radiorevelacionfm.cl\/?p=61891&#038;t=Advierten%20riesgo%20de%20paralizaci%C3%B3n%20del%20proyecto%20Chacra%20G%20por%20deuda%20del%20MINVU%20con%20empresa%20constructora' aria-hidden='false' data-av_icon='\ue8f3' data-av_iconfont='entypo-fontello' title='' data-avia-related-tooltip='Compartir en Facebook' rel=\"noopener\"><span class='avia_hidden_link_text'>Compartir en Facebook<\/span><\/a><\/li><li class='av-share-link av-social-link-twitter' ><a target=\"_blank\" aria-label=\"Compartir en Twitter\" href='https:\/\/twitter.com\/share?text=Advierten%20riesgo%20de%20paralizaci%C3%B3n%20del%20proyecto%20Chacra%20G%20por%20deuda%20del%20MINVU%20con%20empresa%20constructora&#038;url=https:\/\/radiorevelacionfm.cl\/?p=61891' aria-hidden='false' data-av_icon='\ue8f1' data-av_iconfont='entypo-fontello' title='' data-avia-related-tooltip='Compartir en Twitter' rel=\"noopener\"><span class='avia_hidden_link_text'>Compartir en Twitter<\/span><\/a><\/li><li class='av-share-link av-social-link-whatsapp' ><a target=\"_blank\" aria-label=\"Compartir en Whatsapp\" href='https:\/\/api.whatsapp.com\/send?text=https:\/\/radiorevelacionfm.cl\/?p=61891' aria-hidden='false' data-av_icon='\uf232' data-av_iconfont='entypo-fontello' title='' data-avia-related-tooltip='Compartir en Whatsapp' rel=\"noopener\"><span class='avia_hidden_link_text'>Compartir en Whatsapp<\/span><\/a><\/li><li class='av-share-link av-social-link-linkedin' ><a target=\"_blank\" aria-label=\"Compartir en LinkedIn\" href='https:\/\/linkedin.com\/shareArticle?mini=true&#038;title=Advierten%20riesgo%20de%20paralizaci%C3%B3n%20del%20proyecto%20Chacra%20G%20por%20deuda%20del%20MINVU%20con%20empresa%20constructora&#038;url=https:\/\/radiorevelacionfm.cl\/?p=61891' aria-hidden='false' data-av_icon='\ue8fc' data-av_iconfont='entypo-fontello' title='' data-avia-related-tooltip='Compartir en LinkedIn' rel=\"noopener\"><span class='avia_hidden_link_text'>Compartir en LinkedIn<\/span><\/a><\/li><li class='av-share-link av-social-link-mail' ><a  aria-label=\"Compartir por correo\" href='mailto:?subject=Advierten%20riesgo%20de%20paralizaci%C3%B3n%20del%20proyecto%20Chacra%20G%20por%20deuda%20del%20MINVU%20con%20empresa%20constructora&#038;body=https:\/\/radiorevelacionfm.cl\/?p=61891' aria-hidden='false' data-av_icon='\ue805' data-av_iconfont='entypo-fontello' title='' data-avia-related-tooltip='Compartir por correo'><span class='avia_hidden_link_text'>Compartir por correo<\/span><\/a><\/li><\/ul><\/div><\/div>\n<div  style='height:50px' class='hr hr-invisible   avia-builder-el-8  el_after_av_social_share  el_before_av_comments_list '><span class='hr-inner ' ><span class='hr-inner-style'><\/span><\/span><\/div>\n<div  class='av-buildercomment  av-blog-meta-html-info-disabled av-blog-meta-tag-disabled  '><\/div>\n","protected":false},"excerpt":{"rendered":"","protected":false},"author":1,"featured_media":61892,"comment_status":"closed","ping_status":"closed","sticky":false,"template":"","format":"standard","meta":{"footnotes":""},"categories":[38],"tags":[],"class_list":["post-61891","post","type-post","status-publish","format-standard","has-post-thumbnail","hentry","category-regional"],"jetpack_featured_media_url":"https:\/\/radiorevelacionfm.cl\/wp-content\/uploads\/2025\/11\/Gugliemi-Chacra-G-1-1.jpeg","_links":{"self":[{"href":"https:\/\/radiorevelacionfm.cl\/index.php?rest_route=\/wp\/v2\/posts\/61891","targetHints":{"allow":["GET"]}}],"collection":[{"href":"https:\/\/radiorevelacionfm.cl\/index.php?rest_route=\/wp\/v2\/posts"}],"about":[{"href":"https:\/\/radiorevelacionfm.cl\/index.php?rest_route=\/wp\/v2\/types\/post"}],"author":[{"embeddable":true,"href":"https:\/\/radiorevelacionfm.cl\/index.php?rest_route=\/wp\/v2\/users\/1"}],"replies":[{"embeddable":true,"href":"https:\/\/radiorevelacionfm.cl\/index.php?rest_route=%2Fwp%2Fv2%2Fcomments&post=61891"}],"version-history":[{"count":3,"href":"https:\/\/radiorevelacionfm.cl\/index.php?rest_route=\/wp\/v2\/posts\/61891\/revisions"}],"predecessor-version":[{"id":61900,"href":"https:\/\/radiorevelacionfm.cl\/index.php?rest_route=\/wp\/v2\/posts\/61891\/revisions\/61900"}],"wp:featuredmedia":[{"embeddable":true,"href":"https:\/\/radiorevelacionfm.cl\/index.php?rest_route=\/wp\/v2\/media\/61892"}],"wp:attachment":[{"href":"https:\/\/radiorevelacionfm.cl\/index.php?rest_route=%2Fwp%2Fv2%2Fmedia&parent=61891"}],"wp:term":[{"taxonomy":"category","embeddable":true,"href":"https:\/\/radiorevelacionfm.cl\/index.php?rest_route=%2Fwp%2Fv2%2Fcategories&post=61891"},{"taxonomy":"post_tag","embeddable":true,"href":"https:\/\/radiorevelacionfm.cl\/index.php?rest_route=%2Fwp%2Fv2%2Ftags&post=61891"}],"curies":[{"name":"wp","href":"https:\/\/api.w.org\/{rel}","templated":true}]}}