{"id":61884,"date":"2025-11-28T10:16:09","date_gmt":"2025-11-28T13:16:09","guid":{"rendered":"https:\/\/radiorevelacionfm.cl\/?p=61884"},"modified":"2025-11-28T10:23:41","modified_gmt":"2025-11-28T13:23:41","slug":"division-de-organizaciones-sociales-dos-invita-a-participar-en-la-consulta-ciudadana-territorios-organizados","status":"publish","type":"post","link":"https:\/\/radiorevelacionfm.cl\/?p=61884","title":{"rendered":"Divisi\u00f3n de Organizaciones Sociales (DOS) invita a participar en la Consulta Ciudadana \u201cTerritorios Organizados\u201d"},"content":{"rendered":"<div class=\"flex_column av_one_full  flex_column_div av-zero-column-padding first  avia-builder-el-0  el_before_av_one_full  avia-builder-el-first  \" style='border-radius:0px; '><div  class='avia-image-container  av-styling-    avia-builder-el-1  avia-builder-el-no-sibling  avia-align-center '  itemprop=\"image\" itemscope=\"itemscope\" itemtype=\"https:\/\/schema.org\/ImageObject\"  ><div class='avia-image-container-inner'><div class='avia-image-overlay-wrap'><img decoding=\"async\" class='wp-image-61907 avia-img-lazy-loading-not-61907 avia_image' src=\"https:\/\/radiorevelacionfm.cl\/wp-content\/uploads\/2025\/11\/consulta-ciudadana-territorios-organizados-1-1_optimized-1.jpg\" alt='' title='consulta-ciudadana-territorios-organizados-(1)-(1)_optimized (1)' height=\"1000\" width=\"799\"  itemprop=\"thumbnailUrl\" srcset=\"https:\/\/radiorevelacionfm.cl\/wp-content\/uploads\/2025\/11\/consulta-ciudadana-territorios-organizados-1-1_optimized-1.jpg 799w, https:\/\/radiorevelacionfm.cl\/wp-content\/uploads\/2025\/11\/consulta-ciudadana-territorios-organizados-1-1_optimized-1-240x300.jpg 240w, https:\/\/radiorevelacionfm.cl\/wp-content\/uploads\/2025\/11\/consulta-ciudadana-territorios-organizados-1-1_optimized-1-768x961.jpg 768w, https:\/\/radiorevelacionfm.cl\/wp-content\/uploads\/2025\/11\/consulta-ciudadana-territorios-organizados-1-1_optimized-1-563x705.jpg 563w, https:\/\/radiorevelacionfm.cl\/wp-content\/uploads\/2025\/11\/consulta-ciudadana-territorios-organizados-1-1_optimized-1-450x563.jpg 450w, https:\/\/radiorevelacionfm.cl\/wp-content\/uploads\/2025\/11\/consulta-ciudadana-territorios-organizados-1-1_optimized-1-600x751.jpg 600w\" sizes=\"(max-width: 799px) 100vw, 799px\" \/><\/div><\/div><\/div><\/div><div class=\"flex_column av_one_full  flex_column_div av-zero-column-padding first  avia-builder-el-2  el_after_av_one_full  el_before_av_one_full  column-top-margin\" style='border-radius:0px; '><section class=\"av_textblock_section \"  itemscope=\"itemscope\" itemtype=\"https:\/\/schema.org\/BlogPosting\" itemprop=\"blogPost\" ><div class='avia_textblock  '   itemprop=\"text\" ><p style=\"text-align: center;\"><strong><span style=\"font-size: 18pt;\">Divisi\u00f3n de Organizaciones Sociales (DOS) invita a participar en\u00a0 la Consulta Ciudadana \u201cTerritorios Organizados\u201d<\/span><\/strong><\/p>\n<div id=\"gtx-trans\" style=\"position: absolute; left: -50px; top: 4.31534px;\">\n<div class=\"gtx-trans-icon\"><\/div>\n<\/div>\n<\/div><\/section><\/div><\/p>\n<div class=\"flex_column av_one_full  flex_column_div av-zero-column-padding first  avia-builder-el-4  el_after_av_one_full  el_before_av_hr  column-top-margin\" style='border-radius:0px; '><section class=\"av_textblock_section \"  itemscope=\"itemscope\" itemtype=\"https:\/\/schema.org\/BlogPosting\" itemprop=\"blogPost\" ><div class='avia_textblock  '   itemprop=\"text\" ><p style=\"text-align: justify;\">La Divisi\u00f3n de Organizaciones Sociales (DOS), dependiente del Ministerio Secretar\u00eda General de Gobierno (SEGEGOB), invita a todos los vecinos y vecinas, dirigentes y miembros de organizaciones comunitarias de la Regi\u00f3n de Ays\u00e9n y de todo el pa\u00eds a participar activamente en la Consulta Ciudadana virtual \u00abTerritorios Organizados\u00bb.<\/p>\n<p style=\"text-align: justify;\">Este proceso de participaci\u00f3n es fundamental para recoger la visi\u00f3n de la comunidad sobre las propuestas de modernizaci\u00f3n de la Ley 19.418, normativa que regula la constituci\u00f3n y funcionamiento de las juntas de vecinos y diversas organizaciones comunitarias.<\/p>\n<p style=\"text-align: justify;\">La consulta tiene como objetivo fortalecer la participaci\u00f3n ciudadana y las propias organizaciones sociales, permitiendo que la voz de los territorios sea escuchada directamente en la elaboraci\u00f3n de pol\u00edticas p\u00fablicas que les afectan. Las opiniones obtenidas servir\u00e1n de base para las decisiones gubernamentales en torno a la actualizaci\u00f3n de esta importante ley.<\/p>\n<p style=\"text-align: justify;\">La invitaci\u00f3n est\u00e1 dirigida tanto a dirigentas y dirigentes sociales con experiencia en la ley, como a cualquier persona interesada en el futuro de sus comunidades y la vida de sus barrios.<\/p>\n<p style=\"text-align: justify;\">La consulta es un mecanismo de participaci\u00f3n virtual, a trav\u00e9s de un formulario, accesible para todos los ciudadanos. Para responder la encuesta, los interesados deben visitar el sitio web oficial de la Divisi\u00f3n de Organizaciones Sociales <a href=\"http:\/\/www.organizacionessociales.gob.cl\">www.organizacionessociales.gob.cl<\/a><\/p>\n<p style=\"text-align: justify;\">El plazo para participar en esta consulta se extiende hasta el 13 de diciembre. La DOS reitera la importancia de este ejercicio democr\u00e1tico y la necesidad de contar con la mayor cantidad de visiones posibles para asegurar que la modernizaci\u00f3n de la ley 19.418 refleje las necesidades y realidades de las comunidades a lo largo de Chile.<\/p>\n<\/div><\/section><\/div>\n<div  style='height:50px' class='hr hr-invisible   avia-builder-el-6  el_after_av_one_full  el_before_av_social_share '><span class='hr-inner ' ><span class='hr-inner-style'><\/span><\/span><\/div>\n<div  class='av-social-sharing-box  avia-builder-el-7  el_after_av_hr  el_before_av_hr  '><div class='av-share-box'><h5 class='av-share-link-description av-no-toc '>Compartir esta noticia<\/h5><ul class='av-share-box-list noLightbox'><li class='av-share-link av-social-link-facebook' ><a target=\"_blank\" aria-label=\"Compartir en Facebook\" href='https:\/\/www.facebook.com\/sharer.php?u=https:\/\/radiorevelacionfm.cl\/?p=61884&#038;t=Divisi%C3%B3n%20de%20Organizaciones%20Sociales%20%28DOS%29%20invita%20a%20participar%20en%20la%20Consulta%20Ciudadana%20%E2%80%9CTerritorios%20Organizados%E2%80%9D' aria-hidden='false' data-av_icon='\ue8f3' data-av_iconfont='entypo-fontello' title='' data-avia-related-tooltip='Compartir en Facebook' rel=\"noopener\"><span class='avia_hidden_link_text'>Compartir en Facebook<\/span><\/a><\/li><li class='av-share-link av-social-link-twitter' ><a target=\"_blank\" aria-label=\"Compartir en Twitter\" href='https:\/\/twitter.com\/share?text=Divisi%C3%B3n%20de%20Organizaciones%20Sociales%20%28DOS%29%20invita%20a%20participar%20en%20la%20Consulta%20Ciudadana%20%E2%80%9CTerritorios%20Organizados%E2%80%9D&#038;url=https:\/\/radiorevelacionfm.cl\/?p=61884' aria-hidden='false' data-av_icon='\ue8f1' data-av_iconfont='entypo-fontello' title='' data-avia-related-tooltip='Compartir en Twitter' rel=\"noopener\"><span class='avia_hidden_link_text'>Compartir en Twitter<\/span><\/a><\/li><li class='av-share-link av-social-link-whatsapp' ><a target=\"_blank\" aria-label=\"Compartir en Whatsapp\" href='https:\/\/api.whatsapp.com\/send?text=https:\/\/radiorevelacionfm.cl\/?p=61884' aria-hidden='false' data-av_icon='\uf232' data-av_iconfont='entypo-fontello' title='' data-avia-related-tooltip='Compartir en Whatsapp' rel=\"noopener\"><span class='avia_hidden_link_text'>Compartir en Whatsapp<\/span><\/a><\/li><li class='av-share-link av-social-link-linkedin' ><a target=\"_blank\" aria-label=\"Compartir en LinkedIn\" href='https:\/\/linkedin.com\/shareArticle?mini=true&#038;title=Divisi%C3%B3n%20de%20Organizaciones%20Sociales%20%28DOS%29%20invita%20a%20participar%20en%20la%20Consulta%20Ciudadana%20%E2%80%9CTerritorios%20Organizados%E2%80%9D&#038;url=https:\/\/radiorevelacionfm.cl\/?p=61884' aria-hidden='false' data-av_icon='\ue8fc' data-av_iconfont='entypo-fontello' title='' data-avia-related-tooltip='Compartir en LinkedIn' rel=\"noopener\"><span class='avia_hidden_link_text'>Compartir en LinkedIn<\/span><\/a><\/li><li class='av-share-link av-social-link-mail' ><a  aria-label=\"Compartir por correo\" href='mailto:?subject=Divisi%C3%B3n%20de%20Organizaciones%20Sociales%20%28DOS%29%20invita%20a%20participar%20en%20la%20Consulta%20Ciudadana%20%E2%80%9CTerritorios%20Organizados%E2%80%9D&#038;body=https:\/\/radiorevelacionfm.cl\/?p=61884' aria-hidden='false' data-av_icon='\ue805' data-av_iconfont='entypo-fontello' title='' data-avia-related-tooltip='Compartir por correo'><span class='avia_hidden_link_text'>Compartir por correo<\/span><\/a><\/li><\/ul><\/div><\/div>\n<div  style='height:50px' class='hr hr-invisible   avia-builder-el-8  el_after_av_social_share  el_before_av_comments_list '><span class='hr-inner ' ><span class='hr-inner-style'><\/span><\/span><\/div>\n<div  class='av-buildercomment  av-blog-meta-html-info-disabled av-blog-meta-tag-disabled  '><\/div>\n","protected":false},"excerpt":{"rendered":"","protected":false},"author":1,"featured_media":61907,"comment_status":"closed","ping_status":"closed","sticky":false,"template":"","format":"standard","meta":{"footnotes":""},"categories":[38],"tags":[],"class_list":["post-61884","post","type-post","status-publish","format-standard","has-post-thumbnail","hentry","category-regional"],"jetpack_featured_media_url":"https:\/\/radiorevelacionfm.cl\/wp-content\/uploads\/2025\/11\/consulta-ciudadana-territorios-organizados-1-1_optimized-1.jpg","_links":{"self":[{"href":"https:\/\/radiorevelacionfm.cl\/index.php?rest_route=\/wp\/v2\/posts\/61884","targetHints":{"allow":["GET"]}}],"collection":[{"href":"https:\/\/radiorevelacionfm.cl\/index.php?rest_route=\/wp\/v2\/posts"}],"about":[{"href":"https:\/\/radiorevelacionfm.cl\/index.php?rest_route=\/wp\/v2\/types\/post"}],"author":[{"embeddable":true,"href":"https:\/\/radiorevelacionfm.cl\/index.php?rest_route=\/wp\/v2\/users\/1"}],"replies":[{"embeddable":true,"href":"https:\/\/radiorevelacionfm.cl\/index.php?rest_route=%2Fwp%2Fv2%2Fcomments&post=61884"}],"version-history":[{"count":3,"href":"https:\/\/radiorevelacionfm.cl\/index.php?rest_route=\/wp\/v2\/posts\/61884\/revisions"}],"predecessor-version":[{"id":61906,"href":"https:\/\/radiorevelacionfm.cl\/index.php?rest_route=\/wp\/v2\/posts\/61884\/revisions\/61906"}],"wp:featuredmedia":[{"embeddable":true,"href":"https:\/\/radiorevelacionfm.cl\/index.php?rest_route=\/wp\/v2\/media\/61907"}],"wp:attachment":[{"href":"https:\/\/radiorevelacionfm.cl\/index.php?rest_route=%2Fwp%2Fv2%2Fmedia&parent=61884"}],"wp:term":[{"taxonomy":"category","embeddable":true,"href":"https:\/\/radiorevelacionfm.cl\/index.php?rest_route=%2Fwp%2Fv2%2Fcategories&post=61884"},{"taxonomy":"post_tag","embeddable":true,"href":"https:\/\/radiorevelacionfm.cl\/index.php?rest_route=%2Fwp%2Fv2%2Ftags&post=61884"}],"curies":[{"name":"wp","href":"https:\/\/api.w.org\/{rel}","templated":true}]}}