{"id":61881,"date":"2025-11-27T17:57:22","date_gmt":"2025-11-27T20:57:22","guid":{"rendered":"https:\/\/radiorevelacionfm.cl\/?p=61881"},"modified":"2025-11-27T17:57:22","modified_gmt":"2025-11-27T20:57:22","slug":"vecino-as-de-melinka-concretan-renovado-espacio-publico-a-traves-del-programa-para-pequenas-localidades-del-minvu","status":"publish","type":"post","link":"https:\/\/radiorevelacionfm.cl\/?p=61881","title":{"rendered":"Vecino\/as de Melinka concretan renovado espacio p\u00fablico a trav\u00e9s del Programa Para Peque\u00f1as localidades del Minvu"},"content":{"rendered":"<div class=\"flex_column av_one_full  flex_column_div av-zero-column-padding first  avia-builder-el-0  el_before_av_one_full  avia-builder-el-first  \" style='border-radius:0px; '><div  class='avia-image-container  av-styling-    avia-builder-el-1  avia-builder-el-no-sibling  avia-align-center '  itemprop=\"image\" itemscope=\"itemscope\" itemtype=\"https:\/\/schema.org\/ImageObject\"  ><div class='avia-image-container-inner'><div class='avia-image-overlay-wrap'><img decoding=\"async\" class='wp-image-61882 avia-img-lazy-loading-not-61882 avia_image' src=\"https:\/\/radiorevelacionfm.cl\/wp-content\/uploads\/2025\/11\/2.-Hito-identitario-de-Melinka-permitio-renovar-espacio-publico-para-la-comunidad-1-1.jpeg\" alt='' title='2. Hito identitario de Melinka permiti\u00f3 renovar espacio p\u00fablico para la comunidad (1) (1)' height=\"600\" width=\"887\"  itemprop=\"thumbnailUrl\" srcset=\"https:\/\/radiorevelacionfm.cl\/wp-content\/uploads\/2025\/11\/2.-Hito-identitario-de-Melinka-permitio-renovar-espacio-publico-para-la-comunidad-1-1.jpeg 887w, https:\/\/radiorevelacionfm.cl\/wp-content\/uploads\/2025\/11\/2.-Hito-identitario-de-Melinka-permitio-renovar-espacio-publico-para-la-comunidad-1-1-300x203.jpeg 300w, https:\/\/radiorevelacionfm.cl\/wp-content\/uploads\/2025\/11\/2.-Hito-identitario-de-Melinka-permitio-renovar-espacio-publico-para-la-comunidad-1-1-768x520.jpeg 768w, https:\/\/radiorevelacionfm.cl\/wp-content\/uploads\/2025\/11\/2.-Hito-identitario-de-Melinka-permitio-renovar-espacio-publico-para-la-comunidad-1-1-705x477.jpeg 705w, https:\/\/radiorevelacionfm.cl\/wp-content\/uploads\/2025\/11\/2.-Hito-identitario-de-Melinka-permitio-renovar-espacio-publico-para-la-comunidad-1-1-450x304.jpeg 450w, https:\/\/radiorevelacionfm.cl\/wp-content\/uploads\/2025\/11\/2.-Hito-identitario-de-Melinka-permitio-renovar-espacio-publico-para-la-comunidad-1-1-600x406.jpeg 600w\" sizes=\"(max-width: 887px) 100vw, 887px\" \/><\/div><\/div><\/div><\/div><div class=\"flex_column av_one_full  flex_column_div av-zero-column-padding first  avia-builder-el-2  el_after_av_one_full  el_before_av_one_full  column-top-margin\" style='border-radius:0px; '><section class=\"av_textblock_section \"  itemscope=\"itemscope\" itemtype=\"https:\/\/schema.org\/BlogPosting\" itemprop=\"blogPost\" ><div class='avia_textblock  '   itemprop=\"text\" ><p style=\"text-align: center;\"><strong><span style=\"font-size: 18pt;\">Vecino\/as de Melinka concretan renovado espacio p\u00fablico a trav\u00e9s del Programa Para Peque\u00f1as localidades del Minvu<\/span><\/strong><\/p>\n<div id=\"gtx-trans\" style=\"position: absolute; left: -50px; top: 4.31534px;\">\n<div class=\"gtx-trans-icon\"><\/div>\n<\/div>\n<\/div><\/section><\/div><div class=\"flex_column av_one_full  flex_column_div av-zero-column-padding first  avia-builder-el-4  el_after_av_one_full  el_before_av_hr  column-top-margin\" style='border-radius:0px; '><section class=\"av_textblock_section \"  itemscope=\"itemscope\" itemtype=\"https:\/\/schema.org\/BlogPosting\" itemprop=\"blogPost\" ><div class='avia_textblock  '   itemprop=\"text\" ><p style=\"text-align: justify;\">En la localidad de Melinka, ubicada en el extremo norte de la regi\u00f3n de Ays\u00e9n, se realiz\u00f3 la semana pasada la inauguraci\u00f3n de la primera obra ejecutada en el marco del Programa para Peque\u00f1as Localidades del Ministerio de Vivienda y Urbanismo (Minvu). Se trat\u00f3 del \u201chito identitario de Melinka\u201d, consistente en la renovaci\u00f3n de un demandado espacio p\u00fablico que permitir\u00e1 a los vecinos y vecinas rememorar y visibilizar las tradiciones, costumbres y oficios que conforman la identidad de la comuna de G\u00fcaitecas.<\/p>\n<p style=\"text-align: justify;\">Cabe recordar que el Programa para Peque\u00f1as Localidades (PPL) se ejecuta en conjunto con los municipios y la comunidad organizada, priorizando la participaci\u00f3n ciudadana en la definici\u00f3n de las obras y proyectos que buscan impulsar el desarrollo de las localidades de menos de 20 mil habitantes y donde existen rezagos en la oferta ministerial y estatal.<\/p>\n<p style=\"text-align: justify;\">Tal como indic\u00f3 la Seremi de Vivienda y Urbanismo, Paulina Ruz Delf\u00edn, se trat\u00f3 de un proyecto que permite reconocer parte de la historia, patrimonios y sobre todo a quienes aportaron en el desarrollo de la localidad.<\/p>\n<p style=\"text-align: justify;\">\u201cLo primero es destacar que este 2025 se est\u00e1n cumpliendo 10 a\u00f1os desde la creaci\u00f3n del Programa para Peque\u00f1as Localidades a nivel nacional, siendo Melinka, nuestra tercera experiencia en la regi\u00f3n. En el caso espec\u00edfico de este proyecto, tuvimos que escuchar las opiniones de la comunidad, ya que eso nos permiti\u00f3 decidir en conjunto en qu\u00e9 consistir\u00eda la obra y definir d\u00f3nde ser\u00eda emplazada definitivamente.\u00a0 As\u00ed, junto a los vecinos y el municipio fuimos definiendo el dise\u00f1o de cada espacio, los materiales y colores, para finalizar con la ejecuci\u00f3n de las obras. Uno de los puntos m\u00e1s destacables, es que durante todo el proceso nos ha acompa\u00f1ado la comunidad a trav\u00e9s de la Mesa de Actores Locales, instancia de toma de decisiones, traspaso de informaci\u00f3n y encuentro de opiniones acerca de las acciones del Programa. De esta forma, la participaci\u00f3n ciudadana es el eje transversal de todos los proyectos que se van concretando a trav\u00e9s de estas iniciativas\u201d, precis\u00f3.<\/p>\n<p style=\"text-align: justify;\">En ese mismo sentido, la analista del \u00e1rea social del Programa para Peque\u00f1as Localidades, Yaritza Aguilar, enfatiz\u00f3 en el positivo impacto que ha tenido el trabajo con la comunidad local. \u201cSe puede destacar la importancia de que el Estado est\u00e9 realizando inversi\u00f3n p\u00fablica directa en la localidad mediante infraestructura y proyectos en la costanera. Tambi\u00e9n la participaci\u00f3n ciudadana, donde las personas han podido entregar sus opiniones y sus comentarios con respecto a c\u00f3mo se ven identificados con los espacios p\u00fablicos y tambi\u00e9n con las actividades de cohesi\u00f3n social que buscan fortalecer la mano de obra y tambi\u00e9n la identidad y el patrimonio\u201d, se\u00f1al\u00f3.<\/p>\n<p style=\"text-align: justify;\">Tambi\u00e9n la dirigenta social de Melinka, Cecilia Quintallana, valor\u00f3 los avances que se han ido logrando. \u201cDesde el punto de vista fundamental, el programa para Peque\u00f1as Localidades tiene mucha importancia, ya que desde que ha estado aqu\u00ed en G\u00fcaitecas, se han enfocado en que los recursos que llegan desde el Estado sean, primero, bien recibidos. Eso se refleja en que la comunidad se ha visto involucrada, desde los j\u00f3venes, dando opiniones para lo que se quiere obtener, y se han estado desarrollando obras en lugares donde antiguamente no se hab\u00eda ejecutado ning\u00fan tipo de proyectos. Por lo tanto, es muy importante contar con este apoyo, ya que nos permite avanzar en proyectos que sean fundamentales para el crecimiento y el desarrollo de todos en general, en especial los que somos parte de esta localidad\u201d, afirm\u00f3.<\/p>\n<p style=\"text-align: justify;\">Durante la ceremonia inaugural de la obra \u201cHito Identitario de Melinka\u201d se entreg\u00f3 un reconocimiento especial a dos tesoros humanos vivos de Chile, los tejueleros Ram\u00f3n Carimoney y Jos\u00e9 Coliboro. Tambi\u00e9n se entregaron reconocimientos a Octavio Chiguay, Miguel Chiguay y Jorge Piucol, quienes desempe\u00f1aron el oficio de la Carpinter\u00eda de Ribera y a las \u201ctejedoras de manila\u201d, artesanas que utilizan fibra de plantas para crear cester\u00eda tradicional.<\/p>\n<p style=\"text-align: justify;\">La obra fue ejecutada durante este 2025 por el contratista Pedro Quintrileo Cayum\u00e1n, con un monto que bordea los 85 millones de pesos. Entre las iniciativas incorporadas para el mejoramiento del espacio p\u00fablico destaca una escultura del buzo escafandra esculpido en madera de ma\u00f1\u00edo, \u00e1rbol nativo del archipi\u00e9lago, y la tejueler\u00eda, que ha dejado su huella como uno de los oficios tradicionales en la isla.<\/p>\n<p style=\"text-align: justify;\">Si bien la ceremonia se cerr\u00f3 con el tradicional corte de cinta, un momento especial se vivi\u00f3 con el entierro de la c\u00e1psula del tiempo, que guarda los testimonios, sue\u00f1os y esperanzas de sus habitantes, la cual permanecer\u00e1 como s\u00edmbolo de uni\u00f3n, identidad y memoria para las generaciones que vendr\u00e1n, y ser\u00e1 abierta en el a\u00f1o 2060, al cumplir 200 a\u00f1os de Melinka, la localidad m\u00e1s antigua de la regi\u00f3n de Ays\u00e9n.<\/p>\n<\/div><\/section><\/div><div  style='height:50px' class='hr hr-invisible   avia-builder-el-6  el_after_av_one_full  el_before_av_social_share '><span class='hr-inner ' ><span class='hr-inner-style'><\/span><\/span><\/div><\/p>\n<div  class='av-social-sharing-box  avia-builder-el-7  el_after_av_hr  el_before_av_hr  '><div class='av-share-box'><h5 class='av-share-link-description av-no-toc '>Compartir esta noticia<\/h5><ul class='av-share-box-list noLightbox'><li class='av-share-link av-social-link-facebook' ><a target=\"_blank\" aria-label=\"Compartir en Facebook\" href='https:\/\/www.facebook.com\/sharer.php?u=https:\/\/radiorevelacionfm.cl\/?p=61881&#038;t=Vecino%2Fas%20de%20Melinka%20concretan%20renovado%20espacio%20p%C3%BAblico%20a%20trav%C3%A9s%20del%20Programa%20Para%20Peque%C3%B1as%20localidades%20del%20Minvu' aria-hidden='false' data-av_icon='\ue8f3' data-av_iconfont='entypo-fontello' title='' data-avia-related-tooltip='Compartir en Facebook' rel=\"noopener\"><span class='avia_hidden_link_text'>Compartir en Facebook<\/span><\/a><\/li><li class='av-share-link av-social-link-twitter' ><a target=\"_blank\" aria-label=\"Compartir en Twitter\" href='https:\/\/twitter.com\/share?text=Vecino%2Fas%20de%20Melinka%20concretan%20renovado%20espacio%20p%C3%BAblico%20a%20trav%C3%A9s%20del%20Programa%20Para%20Peque%C3%B1as%20localidades%20del%20Minvu&#038;url=https:\/\/radiorevelacionfm.cl\/?p=61881' aria-hidden='false' data-av_icon='\ue8f1' data-av_iconfont='entypo-fontello' title='' data-avia-related-tooltip='Compartir en Twitter' rel=\"noopener\"><span class='avia_hidden_link_text'>Compartir en Twitter<\/span><\/a><\/li><li class='av-share-link av-social-link-whatsapp' ><a target=\"_blank\" aria-label=\"Compartir en Whatsapp\" href='https:\/\/api.whatsapp.com\/send?text=https:\/\/radiorevelacionfm.cl\/?p=61881' aria-hidden='false' data-av_icon='\uf232' data-av_iconfont='entypo-fontello' title='' data-avia-related-tooltip='Compartir en Whatsapp' rel=\"noopener\"><span class='avia_hidden_link_text'>Compartir en Whatsapp<\/span><\/a><\/li><li class='av-share-link av-social-link-linkedin' ><a target=\"_blank\" aria-label=\"Compartir en LinkedIn\" href='https:\/\/linkedin.com\/shareArticle?mini=true&#038;title=Vecino%2Fas%20de%20Melinka%20concretan%20renovado%20espacio%20p%C3%BAblico%20a%20trav%C3%A9s%20del%20Programa%20Para%20Peque%C3%B1as%20localidades%20del%20Minvu&#038;url=https:\/\/radiorevelacionfm.cl\/?p=61881' aria-hidden='false' data-av_icon='\ue8fc' data-av_iconfont='entypo-fontello' title='' data-avia-related-tooltip='Compartir en LinkedIn' rel=\"noopener\"><span class='avia_hidden_link_text'>Compartir en LinkedIn<\/span><\/a><\/li><li class='av-share-link av-social-link-mail' ><a  aria-label=\"Compartir por correo\" href='mailto:?subject=Vecino%2Fas%20de%20Melinka%20concretan%20renovado%20espacio%20p%C3%BAblico%20a%20trav%C3%A9s%20del%20Programa%20Para%20Peque%C3%B1as%20localidades%20del%20Minvu&#038;body=https:\/\/radiorevelacionfm.cl\/?p=61881' aria-hidden='false' data-av_icon='\ue805' data-av_iconfont='entypo-fontello' title='' data-avia-related-tooltip='Compartir por correo'><span class='avia_hidden_link_text'>Compartir por correo<\/span><\/a><\/li><\/ul><\/div><\/div>\n<div  style='height:50px' class='hr hr-invisible   avia-builder-el-8  el_after_av_social_share  el_before_av_comments_list '><span class='hr-inner ' ><span class='hr-inner-style'><\/span><\/span><\/div>\n<div  class='av-buildercomment  av-blog-meta-html-info-disabled av-blog-meta-tag-disabled  '><\/div>\n","protected":false},"excerpt":{"rendered":"","protected":false},"author":1,"featured_media":61882,"comment_status":"closed","ping_status":"closed","sticky":false,"template":"","format":"standard","meta":{"footnotes":""},"categories":[57],"tags":[],"class_list":["post-61881","post","type-post","status-publish","format-standard","has-post-thumbnail","hentry","category-vivienda"],"jetpack_featured_media_url":"https:\/\/radiorevelacionfm.cl\/wp-content\/uploads\/2025\/11\/2.-Hito-identitario-de-Melinka-permitio-renovar-espacio-publico-para-la-comunidad-1-1.jpeg","_links":{"self":[{"href":"https:\/\/radiorevelacionfm.cl\/index.php?rest_route=\/wp\/v2\/posts\/61881","targetHints":{"allow":["GET"]}}],"collection":[{"href":"https:\/\/radiorevelacionfm.cl\/index.php?rest_route=\/wp\/v2\/posts"}],"about":[{"href":"https:\/\/radiorevelacionfm.cl\/index.php?rest_route=\/wp\/v2\/types\/post"}],"author":[{"embeddable":true,"href":"https:\/\/radiorevelacionfm.cl\/index.php?rest_route=\/wp\/v2\/users\/1"}],"replies":[{"embeddable":true,"href":"https:\/\/radiorevelacionfm.cl\/index.php?rest_route=%2Fwp%2Fv2%2Fcomments&post=61881"}],"version-history":[{"count":2,"href":"https:\/\/radiorevelacionfm.cl\/index.php?rest_route=\/wp\/v2\/posts\/61881\/revisions"}],"predecessor-version":[{"id":61887,"href":"https:\/\/radiorevelacionfm.cl\/index.php?rest_route=\/wp\/v2\/posts\/61881\/revisions\/61887"}],"wp:featuredmedia":[{"embeddable":true,"href":"https:\/\/radiorevelacionfm.cl\/index.php?rest_route=\/wp\/v2\/media\/61882"}],"wp:attachment":[{"href":"https:\/\/radiorevelacionfm.cl\/index.php?rest_route=%2Fwp%2Fv2%2Fmedia&parent=61881"}],"wp:term":[{"taxonomy":"category","embeddable":true,"href":"https:\/\/radiorevelacionfm.cl\/index.php?rest_route=%2Fwp%2Fv2%2Fcategories&post=61881"},{"taxonomy":"post_tag","embeddable":true,"href":"https:\/\/radiorevelacionfm.cl\/index.php?rest_route=%2Fwp%2Fv2%2Ftags&post=61881"}],"curies":[{"name":"wp","href":"https:\/\/api.w.org\/{rel}","templated":true}]}}