{"id":61877,"date":"2025-11-27T17:24:13","date_gmt":"2025-11-27T20:24:13","guid":{"rendered":"https:\/\/radiorevelacionfm.cl\/?p=61877"},"modified":"2025-11-27T17:24:13","modified_gmt":"2025-11-27T20:24:13","slug":"denuncian-vertimiento-ilegal-de-lubricantes-que-deja-en-estado-critico-planta-de-tratamiento-de-puerto-guadal","status":"publish","type":"post","link":"https:\/\/radiorevelacionfm.cl\/?p=61877","title":{"rendered":"Denuncian vertimiento ilegal de lubricantes que deja en estado cr\u00edtico Planta de Tratamiento de Puerto Guadal"},"content":{"rendered":"<div class=\"flex_column av_one_full  flex_column_div av-zero-column-padding first  avia-builder-el-0  el_before_av_one_full  avia-builder-el-first  \" style='border-radius:0px; '><div  class='avia-image-container  av-styling-    avia-builder-el-1  avia-builder-el-no-sibling  avia-align-center '  itemprop=\"image\" itemscope=\"itemscope\" itemtype=\"https:\/\/schema.org\/ImageObject\"  ><div class='avia-image-container-inner'><div class='avia-image-overlay-wrap'><img decoding=\"async\" class='wp-image-61878 avia-img-lazy-loading-not-61878 avia_image' src=\"https:\/\/radiorevelacionfm.cl\/wp-content\/uploads\/2025\/11\/WhatsApp-Image-2025-11-18-at-23.18.41-1-1-1.jpeg\" alt='' title='WhatsApp Image 2025-11-18 at 23.18.41 (1) (1) (1)' height=\"600\" width=\"800\"  itemprop=\"thumbnailUrl\" srcset=\"https:\/\/radiorevelacionfm.cl\/wp-content\/uploads\/2025\/11\/WhatsApp-Image-2025-11-18-at-23.18.41-1-1-1.jpeg 800w, https:\/\/radiorevelacionfm.cl\/wp-content\/uploads\/2025\/11\/WhatsApp-Image-2025-11-18-at-23.18.41-1-1-1-300x225.jpeg 300w, https:\/\/radiorevelacionfm.cl\/wp-content\/uploads\/2025\/11\/WhatsApp-Image-2025-11-18-at-23.18.41-1-1-1-768x576.jpeg 768w, https:\/\/radiorevelacionfm.cl\/wp-content\/uploads\/2025\/11\/WhatsApp-Image-2025-11-18-at-23.18.41-1-1-1-705x529.jpeg 705w, https:\/\/radiorevelacionfm.cl\/wp-content\/uploads\/2025\/11\/WhatsApp-Image-2025-11-18-at-23.18.41-1-1-1-450x338.jpeg 450w, https:\/\/radiorevelacionfm.cl\/wp-content\/uploads\/2025\/11\/WhatsApp-Image-2025-11-18-at-23.18.41-1-1-1-600x450.jpeg 600w\" sizes=\"(max-width: 800px) 100vw, 800px\" \/><\/div><\/div><\/div><\/div><div class=\"flex_column av_one_full  flex_column_div av-zero-column-padding first  avia-builder-el-2  el_after_av_one_full  el_before_av_one_full  column-top-margin\" style='border-radius:0px; '><section class=\"av_textblock_section \"  itemscope=\"itemscope\" itemtype=\"https:\/\/schema.org\/BlogPosting\" itemprop=\"blogPost\" ><div class='avia_textblock  '   itemprop=\"text\" ><p style=\"text-align: center;\"><strong><span style=\"font-size: 18pt;\">Denuncian vertimiento ilegal de lubricantes que deja en estado cr\u00edtico Planta de Tratamiento de Puerto Guadal<\/span><\/strong><\/p>\n<div id=\"gtx-trans\" style=\"position: absolute; left: -50px; top: 4.31534px;\">\n<div class=\"gtx-trans-icon\"><\/div>\n<\/div>\n<\/div><\/section><\/div><div class=\"flex_column av_one_full  flex_column_div av-zero-column-padding first  avia-builder-el-4  el_after_av_one_full  el_before_av_hr  column-top-margin\" style='border-radius:0px; '><section class=\"av_textblock_section \"  itemscope=\"itemscope\" itemtype=\"https:\/\/schema.org\/BlogPosting\" itemprop=\"blogPost\" ><div class='avia_textblock  '   itemprop=\"text\" ><p style=\"text-align: justify;\">El Municipio de Chile Chico inform\u00f3 un grave episodio ambiental ocurrido en la Planta de Tratamiento de Aguas Servidas de Puerto Guadal, luego de constatar un vertimiento ilegal de lubricantes que afect\u00f3 de manera cr\u00edtica el sistema, poniendo en riesgo la salud p\u00fablica y el equilibrio ambiental del sector.<\/p>\n<p style=\"text-align: justify;\">El alcalde de Chile Chico, Ariel Keim, explic\u00f3 que el hecho fue descubierto mientras se inspeccionaban los avances de la planta, cuyo proceso de recuperaci\u00f3n ha sido prioridad desde el inicio de la actual administraci\u00f3n.<\/p>\n<p style=\"text-align: justify;\">\u201cLa planta de tratamiento en Puerto Guadal, cuando ingresamos hace un poquito menos de un a\u00f1o, estaba en una condici\u00f3n muy cr\u00edtica y con alto riesgo de colapsar. Hemos concentrado todos los esfuerzos como municipio para normalizar su funcionamiento, incluso con recursos propios y proyectos al Gobierno Regional. Y hoy nos encontramos con esta situaci\u00f3n que la vuelve a poner en un estado muy cr\u00edtico.\u201d<\/p>\n<p style=\"text-align: justify;\">La autoridad comunal precis\u00f3 que el da\u00f1o fue ocasionado por un vertimiento ilegal de lubricantes que inutiliz\u00f3 el proceso biol\u00f3gico del sistema:<\/p>\n<p style=\"text-align: justify;\">\u201cDetectamos un vertimiento ilegal de lubricantes que deja a esta planta en un estado cr\u00edtico, poniendo en riesgo la salud de nuestros vecinos y generando un da\u00f1o ambiental importante. Apenas tomamos conocimiento ingresamos la denuncia formal al Ministerio P\u00fablico para que se investigue y se sancione a quien resulte responsable de este atentado contra la comunidad y el medio ambiente.\u201d<\/p>\n<p style=\"text-align: justify;\">Keim inform\u00f3 que el municipio y la empresa a cargo de las mejoras ya trabajan intensamente para contener el da\u00f1o:<\/p>\n<p style=\"text-align: justify;\">\u201cNuestro equipo municipal y la empresa est\u00e1n realizando limpieza y recuperaci\u00f3n del sistema para evitar da\u00f1os mayores. La recuperaci\u00f3n y modernizaci\u00f3n del sistema de alcantarillado en Puerto Guadal ha sido una prioridad para esta administraci\u00f3n y para la comunidad.\u201d<\/p>\n<p style=\"text-align: justify;\">El jefe comunal record\u00f3 que, por primera vez, se hab\u00edan invertido m\u00e1s de $250 millones, entre recursos municipales y proyectos al Gobierno Regional, logrando avances que la misma comunidad valoraba. Sin embargo, este ataque pone en riesgo meses de mejora continua:<\/p>\n<p style=\"text-align: justify;\">\u201cSituaciones como este vertimiento ilegal entorpecen el proceso y da\u00f1an el esfuerzo que hemos hecho como administraci\u00f3n y como comunidad. No vamos a permitir que hechos como este queden impunes. Hemos realizado todas las denuncias y vamos a seguir adelante con fuerza, protegiendo a Puerto Guadal y resguardando esta importante inversi\u00f3n.\u201d<\/p>\n<p style=\"text-align: justify;\">Keim a\u00f1adi\u00f3 que, pese a este duro golpe, el compromiso con Puerto Guadal no cambia:<\/p>\n<p style=\"text-align: justify;\">\u201cEsto nos golpea como comunidad, pero no nos quita las ganas de seguir trabajando. Vamos a entregar una respuesta concreta a nuestros vecinos, tal como lo comprometimos desde el primer d\u00eda.\u201d<\/p>\n<p style=\"text-align: justify;\">El municipio continuar\u00e1 informando sobre los avances en la recuperaci\u00f3n del sistema y sobre las acciones legales en curso.<\/p>\n<\/div><\/section><\/div><div  style='height:50px' class='hr hr-invisible   avia-builder-el-6  el_after_av_one_full  el_before_av_social_share '><span class='hr-inner ' ><span class='hr-inner-style'><\/span><\/span><\/div><\/p>\n<div  class='av-social-sharing-box  avia-builder-el-7  el_after_av_hr  el_before_av_hr  '><div class='av-share-box'><h5 class='av-share-link-description av-no-toc '>Compartir esta noticia<\/h5><ul class='av-share-box-list noLightbox'><li class='av-share-link av-social-link-facebook' ><a target=\"_blank\" aria-label=\"Compartir en Facebook\" href='https:\/\/www.facebook.com\/sharer.php?u=https:\/\/radiorevelacionfm.cl\/?p=61877&#038;t=Denuncian%20vertimiento%20ilegal%20de%20lubricantes%20que%20deja%20en%20estado%20cr%C3%ADtico%20Planta%20de%20Tratamiento%20de%20Puerto%20Guadal' aria-hidden='false' data-av_icon='\ue8f3' data-av_iconfont='entypo-fontello' title='' data-avia-related-tooltip='Compartir en Facebook' rel=\"noopener\"><span class='avia_hidden_link_text'>Compartir en Facebook<\/span><\/a><\/li><li class='av-share-link av-social-link-twitter' ><a target=\"_blank\" aria-label=\"Compartir en Twitter\" href='https:\/\/twitter.com\/share?text=Denuncian%20vertimiento%20ilegal%20de%20lubricantes%20que%20deja%20en%20estado%20cr%C3%ADtico%20Planta%20de%20Tratamiento%20de%20Puerto%20Guadal&#038;url=https:\/\/radiorevelacionfm.cl\/?p=61877' aria-hidden='false' data-av_icon='\ue8f1' data-av_iconfont='entypo-fontello' title='' data-avia-related-tooltip='Compartir en Twitter' rel=\"noopener\"><span class='avia_hidden_link_text'>Compartir en Twitter<\/span><\/a><\/li><li class='av-share-link av-social-link-whatsapp' ><a target=\"_blank\" aria-label=\"Compartir en Whatsapp\" href='https:\/\/api.whatsapp.com\/send?text=https:\/\/radiorevelacionfm.cl\/?p=61877' aria-hidden='false' data-av_icon='\uf232' data-av_iconfont='entypo-fontello' title='' data-avia-related-tooltip='Compartir en Whatsapp' rel=\"noopener\"><span class='avia_hidden_link_text'>Compartir en Whatsapp<\/span><\/a><\/li><li class='av-share-link av-social-link-linkedin' ><a target=\"_blank\" aria-label=\"Compartir en LinkedIn\" href='https:\/\/linkedin.com\/shareArticle?mini=true&#038;title=Denuncian%20vertimiento%20ilegal%20de%20lubricantes%20que%20deja%20en%20estado%20cr%C3%ADtico%20Planta%20de%20Tratamiento%20de%20Puerto%20Guadal&#038;url=https:\/\/radiorevelacionfm.cl\/?p=61877' aria-hidden='false' data-av_icon='\ue8fc' data-av_iconfont='entypo-fontello' title='' data-avia-related-tooltip='Compartir en LinkedIn' rel=\"noopener\"><span class='avia_hidden_link_text'>Compartir en LinkedIn<\/span><\/a><\/li><li class='av-share-link av-social-link-mail' ><a  aria-label=\"Compartir por correo\" href='mailto:?subject=Denuncian%20vertimiento%20ilegal%20de%20lubricantes%20que%20deja%20en%20estado%20cr%C3%ADtico%20Planta%20de%20Tratamiento%20de%20Puerto%20Guadal&#038;body=https:\/\/radiorevelacionfm.cl\/?p=61877' aria-hidden='false' data-av_icon='\ue805' data-av_iconfont='entypo-fontello' title='' data-avia-related-tooltip='Compartir por correo'><span class='avia_hidden_link_text'>Compartir por correo<\/span><\/a><\/li><\/ul><\/div><\/div>\n<div  style='height:50px' class='hr hr-invisible   avia-builder-el-8  el_after_av_social_share  el_before_av_comments_list '><span class='hr-inner ' ><span class='hr-inner-style'><\/span><\/span><\/div>\n<div  class='av-buildercomment  av-blog-meta-html-info-disabled av-blog-meta-tag-disabled  '><\/div>\n","protected":false},"excerpt":{"rendered":"","protected":false},"author":1,"featured_media":61878,"comment_status":"closed","ping_status":"closed","sticky":false,"template":"","format":"standard","meta":{"footnotes":""},"categories":[38],"tags":[],"class_list":["post-61877","post","type-post","status-publish","format-standard","has-post-thumbnail","hentry","category-regional"],"jetpack_featured_media_url":"https:\/\/radiorevelacionfm.cl\/wp-content\/uploads\/2025\/11\/WhatsApp-Image-2025-11-18-at-23.18.41-1-1-1.jpeg","_links":{"self":[{"href":"https:\/\/radiorevelacionfm.cl\/index.php?rest_route=\/wp\/v2\/posts\/61877","targetHints":{"allow":["GET"]}}],"collection":[{"href":"https:\/\/radiorevelacionfm.cl\/index.php?rest_route=\/wp\/v2\/posts"}],"about":[{"href":"https:\/\/radiorevelacionfm.cl\/index.php?rest_route=\/wp\/v2\/types\/post"}],"author":[{"embeddable":true,"href":"https:\/\/radiorevelacionfm.cl\/index.php?rest_route=\/wp\/v2\/users\/1"}],"replies":[{"embeddable":true,"href":"https:\/\/radiorevelacionfm.cl\/index.php?rest_route=%2Fwp%2Fv2%2Fcomments&post=61877"}],"version-history":[{"count":2,"href":"https:\/\/radiorevelacionfm.cl\/index.php?rest_route=\/wp\/v2\/posts\/61877\/revisions"}],"predecessor-version":[{"id":61880,"href":"https:\/\/radiorevelacionfm.cl\/index.php?rest_route=\/wp\/v2\/posts\/61877\/revisions\/61880"}],"wp:featuredmedia":[{"embeddable":true,"href":"https:\/\/radiorevelacionfm.cl\/index.php?rest_route=\/wp\/v2\/media\/61878"}],"wp:attachment":[{"href":"https:\/\/radiorevelacionfm.cl\/index.php?rest_route=%2Fwp%2Fv2%2Fmedia&parent=61877"}],"wp:term":[{"taxonomy":"category","embeddable":true,"href":"https:\/\/radiorevelacionfm.cl\/index.php?rest_route=%2Fwp%2Fv2%2Fcategories&post=61877"},{"taxonomy":"post_tag","embeddable":true,"href":"https:\/\/radiorevelacionfm.cl\/index.php?rest_route=%2Fwp%2Fv2%2Ftags&post=61877"}],"curies":[{"name":"wp","href":"https:\/\/api.w.org\/{rel}","templated":true}]}}