{"id":61873,"date":"2025-11-27T17:13:02","date_gmt":"2025-11-27T20:13:02","guid":{"rendered":"https:\/\/radiorevelacionfm.cl\/?p=61873"},"modified":"2025-11-27T17:13:02","modified_gmt":"2025-11-27T20:13:02","slug":"aysen-profundiza-su-conversacion-sobre-capital-natural-e-invita-a-sumarse-a-las-jornadas-del-28-y-29-de-noviembre","status":"publish","type":"post","link":"https:\/\/radiorevelacionfm.cl\/?p=61873","title":{"rendered":"Ays\u00e9n profundiza su conversaci\u00f3n sobre capital natural e invita a sumarse a las jornadas del 28 y 29 de noviembre"},"content":{"rendered":"<div class=\"flex_column av_one_full  flex_column_div av-zero-column-padding first  avia-builder-el-0  el_before_av_one_full  avia-builder-el-first  \" style='border-radius:0px; '><div  class='avia-image-container  av-styling-    avia-builder-el-1  avia-builder-el-no-sibling  avia-align-center '  itemprop=\"image\" itemscope=\"itemscope\" itemtype=\"https:\/\/schema.org\/ImageObject\"  ><div class='avia-image-container-inner'><div class='avia-image-overlay-wrap'><img decoding=\"async\" class='wp-image-61874 avia-img-lazy-loading-not-61874 avia_image' src=\"https:\/\/radiorevelacionfm.cl\/wp-content\/uploads\/2025\/11\/8-45-1-1_optimized-1.jpg\" alt='' title='8-(45)-(1)-(1)_optimized (1)' height=\"600\" width=\"1067\"  itemprop=\"thumbnailUrl\" srcset=\"https:\/\/radiorevelacionfm.cl\/wp-content\/uploads\/2025\/11\/8-45-1-1_optimized-1.jpg 1067w, https:\/\/radiorevelacionfm.cl\/wp-content\/uploads\/2025\/11\/8-45-1-1_optimized-1-300x169.jpg 300w, https:\/\/radiorevelacionfm.cl\/wp-content\/uploads\/2025\/11\/8-45-1-1_optimized-1-1030x579.jpg 1030w, https:\/\/radiorevelacionfm.cl\/wp-content\/uploads\/2025\/11\/8-45-1-1_optimized-1-768x432.jpg 768w, https:\/\/radiorevelacionfm.cl\/wp-content\/uploads\/2025\/11\/8-45-1-1_optimized-1-705x396.jpg 705w, https:\/\/radiorevelacionfm.cl\/wp-content\/uploads\/2025\/11\/8-45-1-1_optimized-1-450x253.jpg 450w, https:\/\/radiorevelacionfm.cl\/wp-content\/uploads\/2025\/11\/8-45-1-1_optimized-1-600x337.jpg 600w\" sizes=\"(max-width: 1067px) 100vw, 1067px\" \/><\/div><\/div><\/div><\/div><div class=\"flex_column av_one_full  flex_column_div av-zero-column-padding first  avia-builder-el-2  el_after_av_one_full  el_before_av_one_full  column-top-margin\" style='border-radius:0px; '><section class=\"av_textblock_section \"  itemscope=\"itemscope\" itemtype=\"https:\/\/schema.org\/BlogPosting\" itemprop=\"blogPost\" ><div class='avia_textblock  '   itemprop=\"text\" ><p style=\"text-align: center;\"><strong><span style=\"font-size: 18pt;\">Ays\u00e9n profundiza su conversaci\u00f3n sobre capital natural e invita a sumarse a las jornadas del 28 y 29 de noviembre<\/span><\/strong><\/p>\n<div id=\"gtx-trans\" style=\"position: absolute; left: -50px; top: 4.31534px;\">\n<div class=\"gtx-trans-icon\"><\/div>\n<\/div>\n<\/div><\/section><\/div><div class=\"flex_column av_one_full  flex_column_div av-zero-column-padding first  avia-builder-el-4  el_after_av_one_full  el_before_av_hr  column-top-margin\" style='border-radius:0px; '><section class=\"av_textblock_section \"  itemscope=\"itemscope\" itemtype=\"https:\/\/schema.org\/BlogPosting\" itemprop=\"blogPost\" ><div class='avia_textblock  '   itemprop=\"text\" ><p style=\"text-align: justify;\">Tras una primera jornada marcada por el inter\u00e9s ciudadano, la alta participaci\u00f3n institucional y un intercambio profundo de ideas, el Seminario Ays\u00e9n Carbono Capital Natural 2025 contin\u00faa este viernes 28 de noviembre con un d\u00eda dedicado a la gobernanza, acci\u00f3n territorial y las oportunidades que abre una econom\u00eda basada en naturaleza. La invitaci\u00f3n sigue abierta para todas las personas, organizaciones, emprendedores, instituciones p\u00fablicas, privadas y academia que quieran ser parte de este di\u00e1logo regional.<\/p>\n<p style=\"text-align: justify;\">El encuentro, organizado por la SEREMI del Medio Ambiente, el Gobierno Regional de Ays\u00e9n, Transforma Cambio Clim\u00e1tico de CORFO y CONAF Ays\u00e9n, ha reunido a especialistas locales, nacionales e internacionales para analizar los desaf\u00edos del mercado de carbono, los sistemas de compensaci\u00f3n, la valorizaci\u00f3n del capital natural y los modelos de financiamiento que pueden impulsar proyectos sostenibles en el territorio.<\/p>\n<p style=\"text-align: justify;\"><strong>Un puntapi\u00e9 inicial para ordenar, proyectar y conectar la acci\u00f3n regional<\/strong><\/p>\n<p style=\"text-align: justify;\">Durante el primer d\u00eda, el SEREMI del Medio Ambiente, Yoal D\u00edaz Reyes, destac\u00f3 que la regi\u00f3n se encuentra en un punto clave para integrar conservaci\u00f3n, desarrollo y una mejor gesti\u00f3n de instrumentos econ\u00f3micos vinculados al carbono, \u201ceste seminario busca relevar la importancia de valorar nuestro capital natural, ordenar las tem\u00e1ticas vinculadas a compensaci\u00f3n de emisiones y, sobre todo, articular el trabajo que ya se est\u00e1 desarrollando para que rinda frutos. Aqu\u00ed vemos una oportunidad enorme, un puntapi\u00e9 inicial para avanzar en pol\u00edticas p\u00fablicas que permitan tanto conservar como proyectar nuevas oportunidades para Ays\u00e9n\u201d, asegur\u00f3.<\/p>\n<p style=\"text-align: justify;\">Desde el Gobierno Regional, La profesional de la Divisi\u00f3n de Fomento e Industria, Zolka Moreno, enfatiz\u00f3 la relevancia de abrir este camino \u201cEste es un tema relativamente nuevo, y queremos abrir el camino para generar ese v\u00ednculo entre conservaci\u00f3n y desarrollo productivo. Desde peque\u00f1os productores a grandes iniciativas de conservaci\u00f3n, estamos buscando c\u00f3mo conectar ambas dimensiones para abrir nuevas oportunidades en la regi\u00f3n.\u201d<\/p>\n<p style=\"text-align: justify;\">Por su parte, el Director Regional de CONAF Ays\u00e9n, Ronald Valenzuela Campos, subray\u00f3 la relevancia hist\u00f3rica del trabajo de conservaci\u00f3n en la regi\u00f3n, \u201cm\u00e1s del 52%\u00a0 de la superficie regional est\u00e1 dentro del sistema de \u00e1reas protegidas. Nuestro trabajo en conservaci\u00f3n, fiscalizaci\u00f3n y manejo forestal ha sido clave para preservar este patrimonio, y tambi\u00e9n para enfrentar desaf\u00edos como los incendios forestales, que son una de las principales fuentes de emisiones y p\u00e9rdidas ambientales.\u201d<\/p>\n<p style=\"text-align: justify;\">En la misma l\u00ednea, la gerenta del programa Transforma Cambio Clim\u00e1tico de CORFO, Irina Reyes, resalt\u00f3 los avances en torno al dise\u00f1o del Observatorio de Biodiversidad BioAys\u00e9n, \u201cestamos desarrollando, gracias al apoyo que hemos tenido de CORFO y de la Direcci\u00f3n Regional, hoy d\u00eda Agencia de Desarrollo Productivo de Ays\u00e9n, un trabajo que tiene que ver con dise\u00f1ar un Observatorio de Biodiversidad que nos permita hacer un caso de negocio de valorizaci\u00f3n, de poner el capital natural en valor. Y eso es un trabajo que viene desde la Estrategia Nacional de Corfo de Sostenibilidad en su l\u00ednea de capital natural y que ha tenido una expresi\u00f3n aqu\u00ed en la regi\u00f3n gracias al apoyo de los profesionales de CORFO\u201d.<\/p>\n<p style=\"text-align: justify;\">Finalmente el Presidente del Comit\u00e9 de Capital Natural de Chile, y jefe de divisi\u00f3n de econom\u00eda ambiental del Ministerio del Medio Ambiente, V\u00edctor Caro, remarc\u00f3 los dos grandes ejes que se discuten en la regi\u00f3n \u201cpor un lado, la capacidad que tiene Ays\u00e9n para producir cr\u00e9ditos de carbono; y por otro, c\u00f3mo estos instrumentos pueden contribuir al financiamiento de la biodiversidad y con ello generar una mayor capacidad de resiliencia del capital natural en la regi\u00f3n (\u2026) Que todos estos actores est\u00e9n reunidos hoy muestra un camino me parece que es un camino que debiese ser se\u00f1ero para el resto de las regiones\u201d.<\/p>\n<p style=\"text-align: justify;\"><strong>Invitaci\u00f3n abierta: jornada del viernes 28 y salida a terreno del s\u00e1bado 29<\/strong><\/p>\n<p style=\"text-align: justify;\">El viernes, el seminario continuar\u00e1 con exposiciones sobre: Gobernanza territorial para mecanismos de compensaci\u00f3n; Carbono azul a escala local y global; Experiencias en conservaci\u00f3n, restauraci\u00f3n y pagos por servicios ecosist\u00e9micos; y Hoja de ruta regional para una econom\u00eda basada en naturaleza.<\/p>\n<p style=\"text-align: justify;\">La jornada culminar\u00e1 con un plenario orientado a delinear los pr\u00f3ximos pasos para fortalecer mecanismos de financiamiento clim\u00e1tico y la adopci\u00f3n de soluciones basadas en naturaleza. Adem\u00e1s, el s\u00e1bado 29 se realizar\u00e1 una salida a terreno \u2014abierta a las y los participantes\u2014 para conocer en primera persona un modelo de Ordenaci\u00f3n Forestal y Acuerdo de Producci\u00f3n Limpia para el Bosque Nativo, con punto de encuentro a las 08:30 horas en el frontis del Gobierno Regional (Ej\u00e9rcito 405). Los cupos para la actividad en terreno son limitados, por cuanto invitaron los interesados e interesadas a inscribirse en el link\u00a0\u00a0 <a href=\"https:\/\/bit.ly\/AysenCapitalNatural?fbclid=IwZXh0bgNhZW0CMTAAYnJpZBExUXpCRWoyUDVRd3UyRWNSNnNydGMGYXBwX2lkEDIyMjAzOTE3ODgyMDA4OTIAAR5nJCenhKUX6PPqnID9VMxJf7aPeMZ9kttWwiI83MZONAe9wDlVJP8nToYELg_aem_bVuSD6ubtQp33yMSJPFRVQ\">https:\/\/bit.ly\/AysenCapitalNatural<\/a><\/p>\n<\/div><\/section><\/div><div  style='height:50px' class='hr hr-invisible   avia-builder-el-6  el_after_av_one_full  el_before_av_social_share '><span class='hr-inner ' ><span class='hr-inner-style'><\/span><\/span><\/div><\/p>\n<div  class='av-social-sharing-box  avia-builder-el-7  el_after_av_hr  el_before_av_hr  '><div class='av-share-box'><h5 class='av-share-link-description av-no-toc '>Compartir esta noticia<\/h5><ul class='av-share-box-list noLightbox'><li class='av-share-link av-social-link-facebook' ><a target=\"_blank\" aria-label=\"Compartir en Facebook\" href='https:\/\/www.facebook.com\/sharer.php?u=https:\/\/radiorevelacionfm.cl\/?p=61873&#038;t=Ays%C3%A9n%20profundiza%20su%20conversaci%C3%B3n%20sobre%20capital%20natural%20e%20invita%20a%20sumarse%20a%20las%20jornadas%20del%2028%20y%2029%20de%20noviembre' aria-hidden='false' data-av_icon='\ue8f3' data-av_iconfont='entypo-fontello' title='' data-avia-related-tooltip='Compartir en Facebook' rel=\"noopener\"><span class='avia_hidden_link_text'>Compartir en Facebook<\/span><\/a><\/li><li class='av-share-link av-social-link-twitter' ><a target=\"_blank\" aria-label=\"Compartir en Twitter\" href='https:\/\/twitter.com\/share?text=Ays%C3%A9n%20profundiza%20su%20conversaci%C3%B3n%20sobre%20capital%20natural%20e%20invita%20a%20sumarse%20a%20las%20jornadas%20del%2028%20y%2029%20de%20noviembre&#038;url=https:\/\/radiorevelacionfm.cl\/?p=61873' aria-hidden='false' data-av_icon='\ue8f1' data-av_iconfont='entypo-fontello' title='' data-avia-related-tooltip='Compartir en Twitter' rel=\"noopener\"><span class='avia_hidden_link_text'>Compartir en Twitter<\/span><\/a><\/li><li class='av-share-link av-social-link-whatsapp' ><a target=\"_blank\" aria-label=\"Compartir en Whatsapp\" href='https:\/\/api.whatsapp.com\/send?text=https:\/\/radiorevelacionfm.cl\/?p=61873' aria-hidden='false' data-av_icon='\uf232' data-av_iconfont='entypo-fontello' title='' data-avia-related-tooltip='Compartir en Whatsapp' rel=\"noopener\"><span class='avia_hidden_link_text'>Compartir en Whatsapp<\/span><\/a><\/li><li class='av-share-link av-social-link-linkedin' ><a target=\"_blank\" aria-label=\"Compartir en LinkedIn\" href='https:\/\/linkedin.com\/shareArticle?mini=true&#038;title=Ays%C3%A9n%20profundiza%20su%20conversaci%C3%B3n%20sobre%20capital%20natural%20e%20invita%20a%20sumarse%20a%20las%20jornadas%20del%2028%20y%2029%20de%20noviembre&#038;url=https:\/\/radiorevelacionfm.cl\/?p=61873' aria-hidden='false' data-av_icon='\ue8fc' data-av_iconfont='entypo-fontello' title='' data-avia-related-tooltip='Compartir en LinkedIn' rel=\"noopener\"><span class='avia_hidden_link_text'>Compartir en LinkedIn<\/span><\/a><\/li><li class='av-share-link av-social-link-mail' ><a  aria-label=\"Compartir por correo\" href='mailto:?subject=Ays%C3%A9n%20profundiza%20su%20conversaci%C3%B3n%20sobre%20capital%20natural%20e%20invita%20a%20sumarse%20a%20las%20jornadas%20del%2028%20y%2029%20de%20noviembre&#038;body=https:\/\/radiorevelacionfm.cl\/?p=61873' aria-hidden='false' data-av_icon='\ue805' data-av_iconfont='entypo-fontello' title='' data-avia-related-tooltip='Compartir por correo'><span class='avia_hidden_link_text'>Compartir por correo<\/span><\/a><\/li><\/ul><\/div><\/div>\n<div  style='height:50px' class='hr hr-invisible   avia-builder-el-8  el_after_av_social_share  el_before_av_comments_list '><span class='hr-inner ' ><span class='hr-inner-style'><\/span><\/span><\/div>\n<div  class='av-buildercomment  av-blog-meta-html-info-disabled av-blog-meta-tag-disabled  '><\/div>\n","protected":false},"excerpt":{"rendered":"","protected":false},"author":1,"featured_media":61874,"comment_status":"closed","ping_status":"closed","sticky":false,"template":"","format":"standard","meta":{"footnotes":""},"categories":[39],"tags":[],"class_list":["post-61873","post","type-post","status-publish","format-standard","has-post-thumbnail","hentry","category-medio-ambiente"],"jetpack_featured_media_url":"https:\/\/radiorevelacionfm.cl\/wp-content\/uploads\/2025\/11\/8-45-1-1_optimized-1.jpg","_links":{"self":[{"href":"https:\/\/radiorevelacionfm.cl\/index.php?rest_route=\/wp\/v2\/posts\/61873","targetHints":{"allow":["GET"]}}],"collection":[{"href":"https:\/\/radiorevelacionfm.cl\/index.php?rest_route=\/wp\/v2\/posts"}],"about":[{"href":"https:\/\/radiorevelacionfm.cl\/index.php?rest_route=\/wp\/v2\/types\/post"}],"author":[{"embeddable":true,"href":"https:\/\/radiorevelacionfm.cl\/index.php?rest_route=\/wp\/v2\/users\/1"}],"replies":[{"embeddable":true,"href":"https:\/\/radiorevelacionfm.cl\/index.php?rest_route=%2Fwp%2Fv2%2Fcomments&post=61873"}],"version-history":[{"count":2,"href":"https:\/\/radiorevelacionfm.cl\/index.php?rest_route=\/wp\/v2\/posts\/61873\/revisions"}],"predecessor-version":[{"id":61876,"href":"https:\/\/radiorevelacionfm.cl\/index.php?rest_route=\/wp\/v2\/posts\/61873\/revisions\/61876"}],"wp:featuredmedia":[{"embeddable":true,"href":"https:\/\/radiorevelacionfm.cl\/index.php?rest_route=\/wp\/v2\/media\/61874"}],"wp:attachment":[{"href":"https:\/\/radiorevelacionfm.cl\/index.php?rest_route=%2Fwp%2Fv2%2Fmedia&parent=61873"}],"wp:term":[{"taxonomy":"category","embeddable":true,"href":"https:\/\/radiorevelacionfm.cl\/index.php?rest_route=%2Fwp%2Fv2%2Fcategories&post=61873"},{"taxonomy":"post_tag","embeddable":true,"href":"https:\/\/radiorevelacionfm.cl\/index.php?rest_route=%2Fwp%2Fv2%2Ftags&post=61873"}],"curies":[{"name":"wp","href":"https:\/\/api.w.org\/{rel}","templated":true}]}}