{"id":61869,"date":"2025-11-27T16:07:30","date_gmt":"2025-11-27T19:07:30","guid":{"rendered":"https:\/\/radiorevelacionfm.cl\/?p=61869"},"modified":"2025-11-27T16:07:30","modified_gmt":"2025-11-27T19:07:30","slug":"mesa-de-supervision-carcelaria-de-coyhaique-abordo-avances-en-proyectos-penitenciarios-para-la-region","status":"publish","type":"post","link":"https:\/\/radiorevelacionfm.cl\/?p=61869","title":{"rendered":"Mesa de Supervisi\u00f3n Carcelaria de Coyhaique abord\u00f3 avances en proyectos penitenciarios para la regi\u00f3n"},"content":{"rendered":"<div class=\"flex_column av_one_full  flex_column_div av-zero-column-padding first  avia-builder-el-0  el_before_av_one_full  avia-builder-el-first  \" style='border-radius:0px; '><div  class='avia-image-container  av-styling-    avia-builder-el-1  avia-builder-el-no-sibling  avia-align-center '  itemprop=\"image\" itemscope=\"itemscope\" itemtype=\"https:\/\/schema.org\/ImageObject\"  ><div class='avia-image-container-inner'><div class='avia-image-overlay-wrap'><img decoding=\"async\" class='wp-image-61870 avia-img-lazy-loading-not-61870 avia_image' src=\"https:\/\/radiorevelacionfm.cl\/wp-content\/uploads\/2025\/11\/foto-01-3-1_optimized.jpeg\" alt='' title='foto-01-(3)-(1)_optimized' height=\"600\" width=\"877\"  itemprop=\"thumbnailUrl\" srcset=\"https:\/\/radiorevelacionfm.cl\/wp-content\/uploads\/2025\/11\/foto-01-3-1_optimized.jpeg 877w, https:\/\/radiorevelacionfm.cl\/wp-content\/uploads\/2025\/11\/foto-01-3-1_optimized-300x205.jpeg 300w, https:\/\/radiorevelacionfm.cl\/wp-content\/uploads\/2025\/11\/foto-01-3-1_optimized-768x525.jpeg 768w, https:\/\/radiorevelacionfm.cl\/wp-content\/uploads\/2025\/11\/foto-01-3-1_optimized-705x482.jpeg 705w, https:\/\/radiorevelacionfm.cl\/wp-content\/uploads\/2025\/11\/foto-01-3-1_optimized-450x308.jpeg 450w, https:\/\/radiorevelacionfm.cl\/wp-content\/uploads\/2025\/11\/foto-01-3-1_optimized-600x410.jpeg 600w\" sizes=\"(max-width: 877px) 100vw, 877px\" \/><\/div><\/div><\/div><\/div><div class=\"flex_column av_one_full  flex_column_div av-zero-column-padding first  avia-builder-el-2  el_after_av_one_full  el_before_av_one_full  column-top-margin\" style='border-radius:0px; '><section class=\"av_textblock_section \"  itemscope=\"itemscope\" itemtype=\"https:\/\/schema.org\/BlogPosting\" itemprop=\"blogPost\" ><div class='avia_textblock  '   itemprop=\"text\" ><p style=\"text-align: center;\"><span style=\"font-size: 18pt;\"><b>Mesa de Supervisi\u00f3n Carcelaria de Coyhaique abord\u00f3 avances en proyectos penitenciarios para la regi\u00f3n<\/b><\/span><\/p>\n<div id=\"gtx-trans\" style=\"position: absolute; left: -50px; top: 4.31534px;\">\n<div class=\"gtx-trans-icon\"><\/div>\n<\/div>\n<\/div><\/section><\/div><div class=\"flex_column av_one_full  flex_column_div av-zero-column-padding first  avia-builder-el-4  el_after_av_one_full  el_before_av_hr  column-top-margin\" style='border-radius:0px; '><section class=\"av_textblock_section \"  itemscope=\"itemscope\" itemtype=\"https:\/\/schema.org\/BlogPosting\" itemprop=\"blogPost\" ><div class='avia_textblock  '   itemprop=\"text\" ><p style=\"font-weight: 400; text-align: justify;\">En dependencias de la Corte de Apelaciones de Coyhaique se realiz\u00f3 ayer una nueva sesi\u00f3n de la Mesa Regional de Supervisi\u00f3n Carcelaria, instancia en la que se revisaron los principales proyectos y estados de avance en materia penitenciaria en la Regi\u00f3n de Ays\u00e9n, incluyendo iniciativas de infraestructura, funcionamiento interno de recintos y situaciones particulares de personas privadas de libertad.<\/p>\n<p style=\"font-weight: 400; text-align: justify;\">La reuni\u00f3n fue liderada por el fiscal judicial (s) de la Corte de Apelaciones de Coyhaique, Juan Patricio Silva; el seremi de Justicia y Derechos Humanos, Samuel Navarro; el magistrado del Juzgado de Garant\u00eda, Mario Devaud; el director regional del Instituto Nacional de Derechos Humanos, Joaqu\u00edn Bizama; la abogada asesora del Ministerio P\u00fablico, Yessie Villegas; la defensora penitenciaria de la Defensor\u00eda Regional, Paulina P\u00e9rez, y representantes de Gendarmer\u00eda de Chile.<\/p>\n<p style=\"font-weight: 400; text-align: justify;\">Durante la sesi\u00f3n, la mesa abord\u00f3 en primer t\u00e9rmino el estado de avance del proyecto de conservaci\u00f3n del Centro de Cumplimiento Penitenciario de Coyhaique, iniciativa destinada a mejorar la infraestructura del recinto, junto con revisar el progreso del proyecto de la nueva Unidad Penal para la ciudad, incluido en el Plan Maestro de Infraestructura Penitenciaria. Posteriormente, se analizaron diversos aspectos vinculados al Centro de Detenci\u00f3n Preventiva de Puerto Ays\u00e9n, entre ellos la situaci\u00f3n de las mujeres condenadas \u2014considerando sus planes de intervenci\u00f3n, actividades y condiciones de funcionamiento de la secci\u00f3n femenina habilitada este a\u00f1o\u2014 y la puesta en marcha de la nueva caldera del establecimiento, evaluando su operatividad en el sistema de calefacci\u00f3n central. Finalmente, se examin\u00f3 la situaci\u00f3n de un adolescente condenado respecto del cumplimiento de la pena impuesta, adem\u00e1s de otros asuntos de inter\u00e9s relacionados con el funcionamiento penitenciario regional.<\/p>\n<p style=\"font-weight: 400; text-align: justify;\">Al cierre, el fiscal judicial (s) Juan Patricio Silva valor\u00f3 el trabajo coordinado de las instituciones que integran la mesa, destacando que \u201ceste espacio permite monitorear de manera permanente el funcionamiento de los recintos penitenciarios y avanzar en soluciones concretas para las personas privadas de libertad, siempre resguardando los est\u00e1ndares que exige la normativa vigente\u201d.<\/p>\n<\/div><\/section><\/div><div  style='height:50px' class='hr hr-invisible   avia-builder-el-6  el_after_av_one_full  el_before_av_social_share '><span class='hr-inner ' ><span class='hr-inner-style'><\/span><\/span><\/div><\/p>\n<div  class='av-social-sharing-box  avia-builder-el-7  el_after_av_hr  el_before_av_hr  '><div class='av-share-box'><h5 class='av-share-link-description av-no-toc '>Compartir esta noticia<\/h5><ul class='av-share-box-list noLightbox'><li class='av-share-link av-social-link-facebook' ><a target=\"_blank\" aria-label=\"Compartir en Facebook\" href='https:\/\/www.facebook.com\/sharer.php?u=https:\/\/radiorevelacionfm.cl\/?p=61869&#038;t=Mesa%20de%20Supervisi%C3%B3n%20Carcelaria%20de%20Coyhaique%20abord%C3%B3%20avances%20en%20proyectos%20penitenciarios%20para%20la%20regi%C3%B3n' aria-hidden='false' data-av_icon='\ue8f3' data-av_iconfont='entypo-fontello' title='' data-avia-related-tooltip='Compartir en Facebook' rel=\"noopener\"><span class='avia_hidden_link_text'>Compartir en Facebook<\/span><\/a><\/li><li class='av-share-link av-social-link-twitter' ><a target=\"_blank\" aria-label=\"Compartir en Twitter\" href='https:\/\/twitter.com\/share?text=Mesa%20de%20Supervisi%C3%B3n%20Carcelaria%20de%20Coyhaique%20abord%C3%B3%20avances%20en%20proyectos%20penitenciarios%20para%20la%20regi%C3%B3n&#038;url=https:\/\/radiorevelacionfm.cl\/?p=61869' aria-hidden='false' data-av_icon='\ue8f1' data-av_iconfont='entypo-fontello' title='' data-avia-related-tooltip='Compartir en Twitter' rel=\"noopener\"><span class='avia_hidden_link_text'>Compartir en Twitter<\/span><\/a><\/li><li class='av-share-link av-social-link-whatsapp' ><a target=\"_blank\" aria-label=\"Compartir en Whatsapp\" href='https:\/\/api.whatsapp.com\/send?text=https:\/\/radiorevelacionfm.cl\/?p=61869' aria-hidden='false' data-av_icon='\uf232' data-av_iconfont='entypo-fontello' title='' data-avia-related-tooltip='Compartir en Whatsapp' rel=\"noopener\"><span class='avia_hidden_link_text'>Compartir en Whatsapp<\/span><\/a><\/li><li class='av-share-link av-social-link-linkedin' ><a target=\"_blank\" aria-label=\"Compartir en LinkedIn\" href='https:\/\/linkedin.com\/shareArticle?mini=true&#038;title=Mesa%20de%20Supervisi%C3%B3n%20Carcelaria%20de%20Coyhaique%20abord%C3%B3%20avances%20en%20proyectos%20penitenciarios%20para%20la%20regi%C3%B3n&#038;url=https:\/\/radiorevelacionfm.cl\/?p=61869' aria-hidden='false' data-av_icon='\ue8fc' data-av_iconfont='entypo-fontello' title='' data-avia-related-tooltip='Compartir en LinkedIn' rel=\"noopener\"><span class='avia_hidden_link_text'>Compartir en LinkedIn<\/span><\/a><\/li><li class='av-share-link av-social-link-mail' ><a  aria-label=\"Compartir por correo\" href='mailto:?subject=Mesa%20de%20Supervisi%C3%B3n%20Carcelaria%20de%20Coyhaique%20abord%C3%B3%20avances%20en%20proyectos%20penitenciarios%20para%20la%20regi%C3%B3n&#038;body=https:\/\/radiorevelacionfm.cl\/?p=61869' aria-hidden='false' data-av_icon='\ue805' data-av_iconfont='entypo-fontello' title='' data-avia-related-tooltip='Compartir por correo'><span class='avia_hidden_link_text'>Compartir por correo<\/span><\/a><\/li><\/ul><\/div><\/div>\n<div  style='height:50px' class='hr hr-invisible   avia-builder-el-8  el_after_av_social_share  el_before_av_comments_list '><span class='hr-inner ' ><span class='hr-inner-style'><\/span><\/span><\/div>\n<div  class='av-buildercomment  av-blog-meta-html-info-disabled av-blog-meta-tag-disabled  '><\/div>\n","protected":false},"excerpt":{"rendered":"","protected":false},"author":1,"featured_media":61870,"comment_status":"closed","ping_status":"closed","sticky":false,"template":"","format":"standard","meta":{"footnotes":""},"categories":[55],"tags":[],"class_list":["post-61869","post","type-post","status-publish","format-standard","has-post-thumbnail","hentry","category-justicia"],"jetpack_featured_media_url":"https:\/\/radiorevelacionfm.cl\/wp-content\/uploads\/2025\/11\/foto-01-3-1_optimized.jpeg","_links":{"self":[{"href":"https:\/\/radiorevelacionfm.cl\/index.php?rest_route=\/wp\/v2\/posts\/61869","targetHints":{"allow":["GET"]}}],"collection":[{"href":"https:\/\/radiorevelacionfm.cl\/index.php?rest_route=\/wp\/v2\/posts"}],"about":[{"href":"https:\/\/radiorevelacionfm.cl\/index.php?rest_route=\/wp\/v2\/types\/post"}],"author":[{"embeddable":true,"href":"https:\/\/radiorevelacionfm.cl\/index.php?rest_route=\/wp\/v2\/users\/1"}],"replies":[{"embeddable":true,"href":"https:\/\/radiorevelacionfm.cl\/index.php?rest_route=%2Fwp%2Fv2%2Fcomments&post=61869"}],"version-history":[{"count":2,"href":"https:\/\/radiorevelacionfm.cl\/index.php?rest_route=\/wp\/v2\/posts\/61869\/revisions"}],"predecessor-version":[{"id":61872,"href":"https:\/\/radiorevelacionfm.cl\/index.php?rest_route=\/wp\/v2\/posts\/61869\/revisions\/61872"}],"wp:featuredmedia":[{"embeddable":true,"href":"https:\/\/radiorevelacionfm.cl\/index.php?rest_route=\/wp\/v2\/media\/61870"}],"wp:attachment":[{"href":"https:\/\/radiorevelacionfm.cl\/index.php?rest_route=%2Fwp%2Fv2%2Fmedia&parent=61869"}],"wp:term":[{"taxonomy":"category","embeddable":true,"href":"https:\/\/radiorevelacionfm.cl\/index.php?rest_route=%2Fwp%2Fv2%2Fcategories&post=61869"},{"taxonomy":"post_tag","embeddable":true,"href":"https:\/\/radiorevelacionfm.cl\/index.php?rest_route=%2Fwp%2Fv2%2Ftags&post=61869"}],"curies":[{"name":"wp","href":"https:\/\/api.w.org\/{rel}","templated":true}]}}