{"id":61865,"date":"2025-11-27T14:56:24","date_gmt":"2025-11-27T17:56:24","guid":{"rendered":"https:\/\/radiorevelacionfm.cl\/?p=61865"},"modified":"2025-11-27T14:56:24","modified_gmt":"2025-11-27T17:56:24","slug":"escuela-victor-domingo-silva-vive-experiencia-formativa-junto-a-edelaysen-y-la-cruz-roja-de-coyhaique","status":"publish","type":"post","link":"https:\/\/radiorevelacionfm.cl\/?p=61865","title":{"rendered":"Escuela V\u00edctor Domingo Silva vive experiencia formativa junto a Edelaysen y la Cruz Roja de Coyhaique"},"content":{"rendered":"<div class=\"flex_column av_one_full  flex_column_div av-zero-column-padding first  avia-builder-el-0  el_before_av_one_full  avia-builder-el-first  \" style='border-radius:0px; '><div  class='avia-image-container  av-styling-    avia-builder-el-1  avia-builder-el-no-sibling  avia-align-center '  itemprop=\"image\" itemscope=\"itemscope\" itemtype=\"https:\/\/schema.org\/ImageObject\"  ><div class='avia-image-container-inner'><div class='avia-image-overlay-wrap'><img decoding=\"async\" class='wp-image-61866 avia-img-lazy-loading-not-61866 avia_image' src=\"https:\/\/radiorevelacionfm.cl\/wp-content\/uploads\/2025\/11\/Cruz-Roja-3-1-1.jpeg\" alt='' title='Cruz Roja (3) (1) (1)' height=\"600\" width=\"800\"  itemprop=\"thumbnailUrl\" srcset=\"https:\/\/radiorevelacionfm.cl\/wp-content\/uploads\/2025\/11\/Cruz-Roja-3-1-1.jpeg 800w, https:\/\/radiorevelacionfm.cl\/wp-content\/uploads\/2025\/11\/Cruz-Roja-3-1-1-300x225.jpeg 300w, https:\/\/radiorevelacionfm.cl\/wp-content\/uploads\/2025\/11\/Cruz-Roja-3-1-1-768x576.jpeg 768w, https:\/\/radiorevelacionfm.cl\/wp-content\/uploads\/2025\/11\/Cruz-Roja-3-1-1-705x529.jpeg 705w, https:\/\/radiorevelacionfm.cl\/wp-content\/uploads\/2025\/11\/Cruz-Roja-3-1-1-450x338.jpeg 450w, https:\/\/radiorevelacionfm.cl\/wp-content\/uploads\/2025\/11\/Cruz-Roja-3-1-1-600x450.jpeg 600w\" sizes=\"(max-width: 800px) 100vw, 800px\" \/><\/div><\/div><\/div><\/div><div class=\"flex_column av_one_full  flex_column_div av-zero-column-padding first  avia-builder-el-2  el_after_av_one_full  el_before_av_one_full  column-top-margin\" style='border-radius:0px; '><section class=\"av_textblock_section \"  itemscope=\"itemscope\" itemtype=\"https:\/\/schema.org\/BlogPosting\" itemprop=\"blogPost\" ><div class='avia_textblock  '   itemprop=\"text\" ><p style=\"text-align: center;\"><strong><span style=\"font-size: 18pt;\">Escuela V\u00edctor Domingo Silva vive experiencia formativa junto a Edelaysen y la Cruz Roja de Coyhaique<\/span><\/strong><\/p>\n<div id=\"gtx-trans\" style=\"position: absolute; left: -50px; top: 4.31534px;\">\n<div class=\"gtx-trans-icon\"><\/div>\n<\/div>\n<\/div><\/section><\/div><div class=\"flex_column av_one_full  flex_column_div av-zero-column-padding first  avia-builder-el-4  el_after_av_one_full  el_before_av_hr  column-top-margin\" style='border-radius:0px; '><section class=\"av_textblock_section \"  itemscope=\"itemscope\" itemtype=\"https:\/\/schema.org\/BlogPosting\" itemprop=\"blogPost\" ><div class='avia_textblock  '   itemprop=\"text\" ><p style=\"text-align: justify;\">La iniciativa permiti\u00f3 acercar a ni\u00f1os de tercero b\u00e1sico al funcionamiento de instituciones y empresas locales, a trav\u00e9s de una charla educativa realizada en la Cruz Roja, instancia donde particip\u00f3 la el\u00e9ctrica y empresa Aguas Patagonia.<\/p>\n<p style=\"text-align: justify;\">La Cruz Roja de Coyhaique desarroll\u00f3 una jornada educativa para 19 estudiantes de tercero b\u00e1sico de la Escuela V\u00edctor Domingo Silva, quienes asisten diariamente a la instituci\u00f3n humanitaria a recibir su colaci\u00f3n. La actividad forma parte de un ciclo formativo que busca ense\u00f1ar a los ni\u00f1os c\u00f3mo operan distintas organizaciones presentes en la comunidad, en un formato similar a las antiguas clases de educaci\u00f3n c\u00edvica.<\/p>\n<p style=\"text-align: justify;\">En esta oportunidad, la Cruz Roja convoc\u00f3 a Edelaysen y a Aguas Patagonia para complementar la visita con contenidos sobre el trabajo que realizan ambas empresas en la regi\u00f3n. En respuesta a la invitaci\u00f3n, el equipo de Edelaysen realiz\u00f3 una charla interactiva centrada en la energ\u00eda, la seguridad el\u00e9ctrica y el funcionamiento del sistema de distribuci\u00f3n, a trav\u00e9s de una presentaci\u00f3n din\u00e1mica realizada por la el\u00e9ctrica.<\/p>\n<p style=\"text-align: justify;\">La actividad gener\u00f3 alto inter\u00e9s entre los estudiantes, quienes realizaron numerosas preguntas, junto con su profesora y asistente, aprovechando la instancia para conocer de manera simple c\u00f3mo funciona la electricidad, las centrales y el uso seguro de la energ\u00eda.<\/p>\n<p style=\"text-align: justify;\">De acuerdo con ello, Sandra Haro de la Cruz Roja de Coyhaique destac\u00f3: \u201cLa charla, de verdad que fue magistral, sobre todo con el tema de alambrito. \u00c9l se gan\u00f3 todas las estrellas y todos los corazones habidos y por haber, pero fue bastante educativa porque los ni\u00f1os hicieron preguntas y estuvieron muy atentos a lo que se les estaba compartiendo. Fue entretenida porque interactuaron harto con Alambrito, les coment\u00f3 el tema de las pilas, de c\u00f3mo funcionaba el tema de las centrales. Fue bastante entretenida; los ni\u00f1os preguntaron hartas cositas, las t\u00edas tambi\u00e9n preguntaron, as\u00ed que de verdad muchas gracias a Edelaysen por participar\u201d.<\/p>\n<p style=\"text-align: justify;\">Desde Edelaysen, destacaron el valor de participar en esta instancia convocada por la Cruz Roja. Yasna Vera, ejecutiva de Relacionamiento de Edelaysen, se\u00f1al\u00f3: \u201cAgradecemos a la Cruz Roja por invitarnos a ser parte de esta jornada educativa. Para Edelaysen es fundamental acercar la energ\u00eda a la comunidad. Poder compartir con los ni\u00f1os y ni\u00f1as, responder sus preguntas y acompa\u00f1ar este trabajo formativo es algo que valoramos profundamente\u201d.<\/p>\n<p style=\"text-align: justify;\">La jornada, de cerca de una hora de duraci\u00f3n, cont\u00f3 con la presencia de voluntarias y voluntarios de la Cruz Roja y se realiz\u00f3 en el horario colaci\u00f3n que la instituci\u00f3n mantiene para entregar una colaci\u00f3n vespertina a los ni\u00f1os. En ese sentido, la participaci\u00f3n de Edelaysen refuerza la cooperaci\u00f3n comunitaria y el compromiso conjunto por promover la educaci\u00f3n y el bienestar de la infancia en la regi\u00f3n de Ays\u00e9n.<\/p>\n<\/div><\/section><\/div><div  style='height:50px' class='hr hr-invisible   avia-builder-el-6  el_after_av_one_full  el_before_av_social_share '><span class='hr-inner ' ><span class='hr-inner-style'><\/span><\/span><\/div><\/p>\n<div  class='av-social-sharing-box  avia-builder-el-7  el_after_av_hr  el_before_av_hr  '><div class='av-share-box'><h5 class='av-share-link-description av-no-toc '>Compartir esta noticia<\/h5><ul class='av-share-box-list noLightbox'><li class='av-share-link av-social-link-facebook' ><a target=\"_blank\" aria-label=\"Compartir en Facebook\" href='https:\/\/www.facebook.com\/sharer.php?u=https:\/\/radiorevelacionfm.cl\/?p=61865&#038;t=Escuela%20V%C3%ADctor%20Domingo%20Silva%20vive%20experiencia%20formativa%20junto%20a%20Edelaysen%20y%20la%20Cruz%20Roja%20de%20Coyhaique' aria-hidden='false' data-av_icon='\ue8f3' data-av_iconfont='entypo-fontello' title='' data-avia-related-tooltip='Compartir en Facebook' rel=\"noopener\"><span class='avia_hidden_link_text'>Compartir en Facebook<\/span><\/a><\/li><li class='av-share-link av-social-link-twitter' ><a target=\"_blank\" aria-label=\"Compartir en Twitter\" href='https:\/\/twitter.com\/share?text=Escuela%20V%C3%ADctor%20Domingo%20Silva%20vive%20experiencia%20formativa%20junto%20a%20Edelaysen%20y%20la%20Cruz%20Roja%20de%20Coyhaique&#038;url=https:\/\/radiorevelacionfm.cl\/?p=61865' aria-hidden='false' data-av_icon='\ue8f1' data-av_iconfont='entypo-fontello' title='' data-avia-related-tooltip='Compartir en Twitter' rel=\"noopener\"><span class='avia_hidden_link_text'>Compartir en Twitter<\/span><\/a><\/li><li class='av-share-link av-social-link-whatsapp' ><a target=\"_blank\" aria-label=\"Compartir en Whatsapp\" href='https:\/\/api.whatsapp.com\/send?text=https:\/\/radiorevelacionfm.cl\/?p=61865' aria-hidden='false' data-av_icon='\uf232' data-av_iconfont='entypo-fontello' title='' data-avia-related-tooltip='Compartir en Whatsapp' rel=\"noopener\"><span class='avia_hidden_link_text'>Compartir en Whatsapp<\/span><\/a><\/li><li class='av-share-link av-social-link-linkedin' ><a target=\"_blank\" aria-label=\"Compartir en LinkedIn\" href='https:\/\/linkedin.com\/shareArticle?mini=true&#038;title=Escuela%20V%C3%ADctor%20Domingo%20Silva%20vive%20experiencia%20formativa%20junto%20a%20Edelaysen%20y%20la%20Cruz%20Roja%20de%20Coyhaique&#038;url=https:\/\/radiorevelacionfm.cl\/?p=61865' aria-hidden='false' data-av_icon='\ue8fc' data-av_iconfont='entypo-fontello' title='' data-avia-related-tooltip='Compartir en LinkedIn' rel=\"noopener\"><span class='avia_hidden_link_text'>Compartir en LinkedIn<\/span><\/a><\/li><li class='av-share-link av-social-link-mail' ><a  aria-label=\"Compartir por correo\" href='mailto:?subject=Escuela%20V%C3%ADctor%20Domingo%20Silva%20vive%20experiencia%20formativa%20junto%20a%20Edelaysen%20y%20la%20Cruz%20Roja%20de%20Coyhaique&#038;body=https:\/\/radiorevelacionfm.cl\/?p=61865' aria-hidden='false' data-av_icon='\ue805' data-av_iconfont='entypo-fontello' title='' data-avia-related-tooltip='Compartir por correo'><span class='avia_hidden_link_text'>Compartir por correo<\/span><\/a><\/li><\/ul><\/div><\/div>\n<div  style='height:50px' class='hr hr-invisible   avia-builder-el-8  el_after_av_social_share  el_before_av_comments_list '><span class='hr-inner ' ><span class='hr-inner-style'><\/span><\/span><\/div>\n<div  class='av-buildercomment  av-blog-meta-html-info-disabled av-blog-meta-tag-disabled  '><\/div>\n","protected":false},"excerpt":{"rendered":"","protected":false},"author":1,"featured_media":61866,"comment_status":"closed","ping_status":"closed","sticky":false,"template":"","format":"standard","meta":{"footnotes":""},"categories":[38],"tags":[],"class_list":["post-61865","post","type-post","status-publish","format-standard","has-post-thumbnail","hentry","category-regional"],"jetpack_featured_media_url":"https:\/\/radiorevelacionfm.cl\/wp-content\/uploads\/2025\/11\/Cruz-Roja-3-1-1.jpeg","_links":{"self":[{"href":"https:\/\/radiorevelacionfm.cl\/index.php?rest_route=\/wp\/v2\/posts\/61865","targetHints":{"allow":["GET"]}}],"collection":[{"href":"https:\/\/radiorevelacionfm.cl\/index.php?rest_route=\/wp\/v2\/posts"}],"about":[{"href":"https:\/\/radiorevelacionfm.cl\/index.php?rest_route=\/wp\/v2\/types\/post"}],"author":[{"embeddable":true,"href":"https:\/\/radiorevelacionfm.cl\/index.php?rest_route=\/wp\/v2\/users\/1"}],"replies":[{"embeddable":true,"href":"https:\/\/radiorevelacionfm.cl\/index.php?rest_route=%2Fwp%2Fv2%2Fcomments&post=61865"}],"version-history":[{"count":2,"href":"https:\/\/radiorevelacionfm.cl\/index.php?rest_route=\/wp\/v2\/posts\/61865\/revisions"}],"predecessor-version":[{"id":61868,"href":"https:\/\/radiorevelacionfm.cl\/index.php?rest_route=\/wp\/v2\/posts\/61865\/revisions\/61868"}],"wp:featuredmedia":[{"embeddable":true,"href":"https:\/\/radiorevelacionfm.cl\/index.php?rest_route=\/wp\/v2\/media\/61866"}],"wp:attachment":[{"href":"https:\/\/radiorevelacionfm.cl\/index.php?rest_route=%2Fwp%2Fv2%2Fmedia&parent=61865"}],"wp:term":[{"taxonomy":"category","embeddable":true,"href":"https:\/\/radiorevelacionfm.cl\/index.php?rest_route=%2Fwp%2Fv2%2Fcategories&post=61865"},{"taxonomy":"post_tag","embeddable":true,"href":"https:\/\/radiorevelacionfm.cl\/index.php?rest_route=%2Fwp%2Fv2%2Ftags&post=61865"}],"curies":[{"name":"wp","href":"https:\/\/api.w.org\/{rel}","templated":true}]}}