{"id":61862,"date":"2025-11-27T14:35:02","date_gmt":"2025-11-27T17:35:02","guid":{"rendered":"https:\/\/radiorevelacionfm.cl\/?p=61862"},"modified":"2025-11-27T14:35:02","modified_gmt":"2025-11-27T17:35:02","slug":"corte-de-coyhaique-rechaza-recurso-de-nulidad-y-confirma-condena-por-robo-en-lugar-habitado","status":"publish","type":"post","link":"https:\/\/radiorevelacionfm.cl\/?p=61862","title":{"rendered":"Corte de Coyhaique rechaza recurso de nulidad y confirma condena por robo en lugar habitado"},"content":{"rendered":"<div class=\"flex_column av_one_full  flex_column_div av-zero-column-padding first  avia-builder-el-0  el_before_av_one_full  avia-builder-el-first  \" style='border-radius:0px; '><div  class='avia-image-container  av-styling-    avia-builder-el-1  avia-builder-el-no-sibling  avia-align-center '  itemprop=\"image\" itemscope=\"itemscope\" itemtype=\"https:\/\/schema.org\/ImageObject\"  ><div class='avia-image-container-inner'><div class='avia-image-overlay-wrap'><img decoding=\"async\" class='wp-image-6281 avia-img-lazy-loading-not-6281 avia_image' src=\"https:\/\/radiorevelacionfm.cl\/wp-content\/uploads\/2021\/07\/Foto-02-Corte-Coyhaique-1-1.jpg\" alt='' title='Foto 02 Corte Coyhaique (1) (1)' height=\"600\" width=\"900\"  itemprop=\"thumbnailUrl\" srcset=\"https:\/\/radiorevelacionfm.cl\/wp-content\/uploads\/2021\/07\/Foto-02-Corte-Coyhaique-1-1.jpg 900w, https:\/\/radiorevelacionfm.cl\/wp-content\/uploads\/2021\/07\/Foto-02-Corte-Coyhaique-1-1-300x200.jpg 300w, https:\/\/radiorevelacionfm.cl\/wp-content\/uploads\/2021\/07\/Foto-02-Corte-Coyhaique-1-1-768x512.jpg 768w, https:\/\/radiorevelacionfm.cl\/wp-content\/uploads\/2021\/07\/Foto-02-Corte-Coyhaique-1-1-705x470.jpg 705w, https:\/\/radiorevelacionfm.cl\/wp-content\/uploads\/2021\/07\/Foto-02-Corte-Coyhaique-1-1-600x400.jpg 600w\" sizes=\"(max-width: 900px) 100vw, 900px\" \/><\/div><\/div><\/div><\/div><div class=\"flex_column av_one_full  flex_column_div av-zero-column-padding first  avia-builder-el-2  el_after_av_one_full  el_before_av_one_full  column-top-margin\" style='border-radius:0px; '><section class=\"av_textblock_section \"  itemscope=\"itemscope\" itemtype=\"https:\/\/schema.org\/BlogPosting\" itemprop=\"blogPost\" ><div class='avia_textblock  '   itemprop=\"text\" ><p style=\"text-align: center;\"><span style=\"font-size: 18pt;\"><b>Corte de Coyhaique rechaza recurso de nulidad y confirma condena por robo en lugar habitado<\/b><\/span><\/p>\n<div id=\"gtx-trans\" style=\"position: absolute; left: -50px; top: 4.31534px;\">\n<div class=\"gtx-trans-icon\"><\/div>\n<\/div>\n<\/div><\/section><\/div><div class=\"flex_column av_one_full  flex_column_div av-zero-column-padding first  avia-builder-el-4  el_after_av_one_full  el_before_av_hr  column-top-margin\" style='border-radius:0px; '><section class=\"av_textblock_section \"  itemscope=\"itemscope\" itemtype=\"https:\/\/schema.org\/BlogPosting\" itemprop=\"blogPost\" ><div class='avia_textblock  '   itemprop=\"text\" ><p style=\"font-weight: 400; text-align: justify;\">La Corte de Apelaciones de Coyhaique rechaz\u00f3 el recurso de nulidad interpuesto por la defensa en contra de la sentencia que conden\u00f3 a Daniel Alejandro Soto Osorio a 7 a\u00f1os y un d\u00eda de presidio efectivo, en calidad de autor del delito consumado de robo en lugar habitado. Il\u00edcito perpetrado en mayo del a\u00f1o pasado, en la ciudad.<\/p>\n<p style=\"font-weight: 400; text-align: justify;\">En fallo un\u00e1nime (causa rol 356-2025), la Primera Sala del tribunal de alzada \u2013integrada por el ministro Pedro Castro Espinoza, el fiscal judicial Jaime \u00c1lvarez Astete y el abogado (i) Selim Carrasco Lobo\u2013 desestim\u00f3 los alegatos de la defensa, que buscaban la invalidaci\u00f3n del juicio y la realizaci\u00f3n de uno nuevo ante jueces no inhabilitados.<\/p>\n<p style=\"font-weight: 400; text-align: justify;\">\u201cQue, de la lectura de los motivos antes transcritos, en concepto de esta Ilustr\u00edsima Corte, el tribunal de la instancia ha sopesado y valorado adecuadamente los distintos medios de prueba rendidos, dando estricto cumplimiento a lo mandatado en el citado art\u00edculo 297 del C\u00f3digo Procesal Penal\u201d, sostiene el fallo.<\/p>\n<p style=\"font-weight: 400; text-align: justify;\">\u201cEn efecto, consta que para la calificaci\u00f3n de los hechos establecidos, como constitutivos de un delito de robo en lugar habitado, la sentencia pormenorizadamente se refiere a todas las piezas probatorias rendidas y configuradas en el juicio oral\u201d, a\u00f1ade.<\/p>\n<p style=\"font-weight: 400; text-align: justify;\">\u201cTodos los anteriores elementos de prueba posibilitan descartar el motivo de nulidad planteado por el recurrente, desde que estos, en su conjunto, permiten concluir que el accionar desplegado por el sentenciado Soto Osorio, se enmarca dentro de la calificaci\u00f3n jur\u00eddica que el tribunal en la sentencia en alzada, otorg\u00f3 a los hechos que la prueba rendida permiti\u00f3 establecer\u201d, concluye.<\/p>\n<p style=\"font-weight: 400; text-align: justify;\">Por tanto, se resuelve que: \u201c<strong>SE RECHAZA<\/strong>, sin costas, el recurso de nulidad deducido por Paola Zapata D\u00edaz, Defensora Penal P\u00fablico, en representaci\u00f3n del sentenciado Daniel Alejandro Soto Osorio, en contra de la sentencia definitiva pronunciada por el Tribunal Oral en lo Penal de Coyhaique con fecha 15 de septiembre del a\u00f1o 2025, por la que se conden\u00f3 a su representado, a la pena de\u00a0<strong>SIETE A\u00d1OS Y UN D\u00cdA<\/strong>\u00a0de presidio mayor en grado m\u00ednimo y a las penas accesorias de inhabilitaci\u00f3n absoluta perpetua para cargos y oficios p\u00fablicos y derechos pol\u00edticos y la de inhabilitaci\u00f3n absoluta para profesiones titulares mientras dure la condena, como autor del delito de robo en lugar habitado, previsto y sancionado en el art\u00edculo 440 N\u00b01, en relaci\u00f3n al art\u00edculo 432, ambos del C\u00f3digo Penal, cometido el d\u00eda 27 de mayo de 2024, en la comuna de Coyhaique, decidi\u00e9ndose, en consecuencia, que esta, no es nula\u201d.<\/p>\n<p style=\"font-weight: 400; text-align: justify;\">Recordar que el tribunal de Juicio Oral en lo Penal, dio por acreditado, m\u00e1s all\u00e1 de toda duda razonable, que aproximadamente a las 05:00 horas del 27 de mayo de 2024, Soto Osorio ingres\u00f3, mediante escalamiento de la reja perimetral, a un domicilio ubicado en calle Pedro Aguirre Cerda de Coyhaique, desde donde sustrajo una bicicleta marca Oxford, modelo Aura, avaluada en $300.000 (trescientos mil pesos). El acusado huy\u00f3 del lugar con el objeto, siendo fiscalizado momentos despu\u00e9s por Carabineros a pocos metros del inmueble, ocasi\u00f3n en que fue sorprendido portando la especie sustra\u00edda.<\/p>\n<p style=\"font-weight: 400; text-align: justify;\">El tribunal consider\u00f3, adem\u00e1s, la concurrencia de la agravante de responsabilidad penal de cometer el il\u00edcito mientras cumpl\u00eda una pena sustitutiva por condena previa.<\/p>\n<\/div><\/section><\/div><div  style='height:50px' class='hr hr-invisible   avia-builder-el-6  el_after_av_one_full  el_before_av_social_share '><span class='hr-inner ' ><span class='hr-inner-style'><\/span><\/span><\/div><\/p>\n<div  class='av-social-sharing-box  avia-builder-el-7  el_after_av_hr  el_before_av_hr  '><div class='av-share-box'><h5 class='av-share-link-description av-no-toc '>Compartir esta noticia<\/h5><ul class='av-share-box-list noLightbox'><li class='av-share-link av-social-link-facebook' ><a target=\"_blank\" aria-label=\"Compartir en Facebook\" href='https:\/\/www.facebook.com\/sharer.php?u=https:\/\/radiorevelacionfm.cl\/?p=61862&#038;t=Corte%20de%20Coyhaique%20rechaza%20recurso%20de%20nulidad%20y%20confirma%20condena%20por%20robo%20en%20lugar%20habitado' aria-hidden='false' data-av_icon='\ue8f3' data-av_iconfont='entypo-fontello' title='' data-avia-related-tooltip='Compartir en Facebook' rel=\"noopener\"><span class='avia_hidden_link_text'>Compartir en Facebook<\/span><\/a><\/li><li class='av-share-link av-social-link-twitter' ><a target=\"_blank\" aria-label=\"Compartir en Twitter\" href='https:\/\/twitter.com\/share?text=Corte%20de%20Coyhaique%20rechaza%20recurso%20de%20nulidad%20y%20confirma%20condena%20por%20robo%20en%20lugar%20habitado&#038;url=https:\/\/radiorevelacionfm.cl\/?p=61862' aria-hidden='false' data-av_icon='\ue8f1' data-av_iconfont='entypo-fontello' title='' data-avia-related-tooltip='Compartir en Twitter' rel=\"noopener\"><span class='avia_hidden_link_text'>Compartir en Twitter<\/span><\/a><\/li><li class='av-share-link av-social-link-whatsapp' ><a target=\"_blank\" aria-label=\"Compartir en Whatsapp\" href='https:\/\/api.whatsapp.com\/send?text=https:\/\/radiorevelacionfm.cl\/?p=61862' aria-hidden='false' data-av_icon='\uf232' data-av_iconfont='entypo-fontello' title='' data-avia-related-tooltip='Compartir en Whatsapp' rel=\"noopener\"><span class='avia_hidden_link_text'>Compartir en Whatsapp<\/span><\/a><\/li><li class='av-share-link av-social-link-linkedin' ><a target=\"_blank\" aria-label=\"Compartir en LinkedIn\" href='https:\/\/linkedin.com\/shareArticle?mini=true&#038;title=Corte%20de%20Coyhaique%20rechaza%20recurso%20de%20nulidad%20y%20confirma%20condena%20por%20robo%20en%20lugar%20habitado&#038;url=https:\/\/radiorevelacionfm.cl\/?p=61862' aria-hidden='false' data-av_icon='\ue8fc' data-av_iconfont='entypo-fontello' title='' data-avia-related-tooltip='Compartir en LinkedIn' rel=\"noopener\"><span class='avia_hidden_link_text'>Compartir en LinkedIn<\/span><\/a><\/li><li class='av-share-link av-social-link-mail' ><a  aria-label=\"Compartir por correo\" href='mailto:?subject=Corte%20de%20Coyhaique%20rechaza%20recurso%20de%20nulidad%20y%20confirma%20condena%20por%20robo%20en%20lugar%20habitado&#038;body=https:\/\/radiorevelacionfm.cl\/?p=61862' aria-hidden='false' data-av_icon='\ue805' data-av_iconfont='entypo-fontello' title='' data-avia-related-tooltip='Compartir por correo'><span class='avia_hidden_link_text'>Compartir por correo<\/span><\/a><\/li><\/ul><\/div><\/div>\n<div  style='height:50px' class='hr hr-invisible   avia-builder-el-8  el_after_av_social_share  el_before_av_comments_list '><span class='hr-inner ' ><span class='hr-inner-style'><\/span><\/span><\/div>\n<div  class='av-buildercomment  av-blog-meta-html-info-disabled av-blog-meta-tag-disabled  '><\/div>\n","protected":false},"excerpt":{"rendered":"","protected":false},"author":1,"featured_media":6281,"comment_status":"closed","ping_status":"closed","sticky":false,"template":"","format":"standard","meta":{"footnotes":""},"categories":[55],"tags":[],"class_list":["post-61862","post","type-post","status-publish","format-standard","has-post-thumbnail","hentry","category-justicia"],"jetpack_featured_media_url":"https:\/\/radiorevelacionfm.cl\/wp-content\/uploads\/2021\/07\/Foto-02-Corte-Coyhaique-1-1.jpg","_links":{"self":[{"href":"https:\/\/radiorevelacionfm.cl\/index.php?rest_route=\/wp\/v2\/posts\/61862","targetHints":{"allow":["GET"]}}],"collection":[{"href":"https:\/\/radiorevelacionfm.cl\/index.php?rest_route=\/wp\/v2\/posts"}],"about":[{"href":"https:\/\/radiorevelacionfm.cl\/index.php?rest_route=\/wp\/v2\/types\/post"}],"author":[{"embeddable":true,"href":"https:\/\/radiorevelacionfm.cl\/index.php?rest_route=\/wp\/v2\/users\/1"}],"replies":[{"embeddable":true,"href":"https:\/\/radiorevelacionfm.cl\/index.php?rest_route=%2Fwp%2Fv2%2Fcomments&post=61862"}],"version-history":[{"count":2,"href":"https:\/\/radiorevelacionfm.cl\/index.php?rest_route=\/wp\/v2\/posts\/61862\/revisions"}],"predecessor-version":[{"id":61864,"href":"https:\/\/radiorevelacionfm.cl\/index.php?rest_route=\/wp\/v2\/posts\/61862\/revisions\/61864"}],"wp:featuredmedia":[{"embeddable":true,"href":"https:\/\/radiorevelacionfm.cl\/index.php?rest_route=\/wp\/v2\/media\/6281"}],"wp:attachment":[{"href":"https:\/\/radiorevelacionfm.cl\/index.php?rest_route=%2Fwp%2Fv2%2Fmedia&parent=61862"}],"wp:term":[{"taxonomy":"category","embeddable":true,"href":"https:\/\/radiorevelacionfm.cl\/index.php?rest_route=%2Fwp%2Fv2%2Fcategories&post=61862"},{"taxonomy":"post_tag","embeddable":true,"href":"https:\/\/radiorevelacionfm.cl\/index.php?rest_route=%2Fwp%2Fv2%2Ftags&post=61862"}],"curies":[{"name":"wp","href":"https:\/\/api.w.org\/{rel}","templated":true}]}}