{"id":61854,"date":"2025-11-27T11:24:23","date_gmt":"2025-11-27T14:24:23","guid":{"rendered":"https:\/\/radiorevelacionfm.cl\/?p=61854"},"modified":"2025-11-27T11:24:23","modified_gmt":"2025-11-27T14:24:23","slug":"region-de-aysen-realiza-el-primer-foro-hotelero-para-atraer-inversion-privada","status":"publish","type":"post","link":"https:\/\/radiorevelacionfm.cl\/?p=61854","title":{"rendered":"Regi\u00f3n de Ays\u00e9n realiza el Primer Foro Hotelero para atraer inversi\u00f3n privada"},"content":{"rendered":"<div class=\"flex_column av_one_full  flex_column_div av-zero-column-padding first  avia-builder-el-0  el_before_av_one_full  avia-builder-el-first  \" style='border-radius:0px; '><div  class='avia-image-container  av-styling-    avia-builder-el-1  avia-builder-el-no-sibling  avia-align-center '  itemprop=\"image\" itemscope=\"itemscope\" itemtype=\"https:\/\/schema.org\/ImageObject\"  ><div class='avia-image-container-inner'><div class='avia-image-overlay-wrap'><img decoding=\"async\" class='wp-image-61855 avia-img-lazy-loading-not-61855 avia_image' src=\"https:\/\/radiorevelacionfm.cl\/wp-content\/uploads\/2025\/11\/dts-ayse_n-86-1_optimized.jpg\" alt='' title='dts-ayse_n-86-(1)_optimized' height=\"600\" width=\"900\"  itemprop=\"thumbnailUrl\" srcset=\"https:\/\/radiorevelacionfm.cl\/wp-content\/uploads\/2025\/11\/dts-ayse_n-86-1_optimized.jpg 900w, https:\/\/radiorevelacionfm.cl\/wp-content\/uploads\/2025\/11\/dts-ayse_n-86-1_optimized-300x200.jpg 300w, https:\/\/radiorevelacionfm.cl\/wp-content\/uploads\/2025\/11\/dts-ayse_n-86-1_optimized-768x512.jpg 768w, https:\/\/radiorevelacionfm.cl\/wp-content\/uploads\/2025\/11\/dts-ayse_n-86-1_optimized-705x470.jpg 705w, https:\/\/radiorevelacionfm.cl\/wp-content\/uploads\/2025\/11\/dts-ayse_n-86-1_optimized-450x300.jpg 450w, https:\/\/radiorevelacionfm.cl\/wp-content\/uploads\/2025\/11\/dts-ayse_n-86-1_optimized-600x400.jpg 600w\" sizes=\"(max-width: 900px) 100vw, 900px\" \/><\/div><\/div><\/div><\/div><div class=\"flex_column av_one_full  flex_column_div av-zero-column-padding first  avia-builder-el-2  el_after_av_one_full  el_before_av_one_full  column-top-margin\" style='border-radius:0px; '><section class=\"av_textblock_section \"  itemscope=\"itemscope\" itemtype=\"https:\/\/schema.org\/BlogPosting\" itemprop=\"blogPost\" ><div class='avia_textblock  '   itemprop=\"text\" ><p style=\"text-align: center;\"><strong><span style=\"font-size: 18pt;\">Regi\u00f3n de Ays\u00e9n realiza el Primer Foro Hotelero para atraer inversi\u00f3n privada<\/span><\/strong><\/p>\n<div id=\"gtx-trans\" style=\"position: absolute; left: -50px; top: 4.31534px;\">\n<div class=\"gtx-trans-icon\"><\/div>\n<\/div>\n<\/div><\/section><\/div><div class=\"flex_column av_one_full  flex_column_div av-zero-column-padding first  avia-builder-el-4  el_after_av_one_full  el_before_av_hr  column-top-margin\" style='border-radius:0px; '><section class=\"av_textblock_section \"  itemscope=\"itemscope\" itemtype=\"https:\/\/schema.org\/BlogPosting\" itemprop=\"blogPost\" ><div class='avia_textblock  '   itemprop=\"text\" ><p style=\"text-align: justify;\">Con el objetivo de fortalecer la atracci\u00f3n de inversi\u00f3n privada para el desarrollo del sector hotelero en la regi\u00f3n, se realiz\u00f3 el Primer Foro Hotelero de la Regi\u00f3n de Ays\u00e9n, una iniciativa enmarcada dentro del Programa de Apoyo a la Atracci\u00f3n de Inversi\u00f3n y Consultor\u00eda para la Implementaci\u00f3n del Programa de Atracci\u00f3n de Inversi\u00f3n Privada en el Sector Hotelero. Cabe se\u00f1alar que esta es una actividad in\u00e9dita en su tipo, ya que es la Primera regi\u00f3n del pa\u00eds en realizar un Foro donde converjan oferta y demanda de un rubro en particular y de la envergadura de la inversi\u00f3n.<\/p>\n<p style=\"text-align: justify;\">La actividad tuvo lugar el pasado viernes 21 de noviembre en el Hotel Intercontinental de la ciudad de Santiago, y convoc\u00f3 a m\u00e1s de 40 asistentes, entre inversionistas, representantes del sector tur\u00edstico, entidades p\u00fablicas y emprendedores regionales.<\/p>\n<p style=\"text-align: justify;\"><strong>Presentaci\u00f3n de proyectos y oportunidades de inversi\u00f3n<\/strong><\/p>\n<p style=\"text-align: justify;\">Durante el foro se expusieron diversas iniciativas vinculadas al desarrollo hotelero y tur\u00edstico de la regi\u00f3n, entre ellas:<\/p>\n<ul style=\"text-align: justify;\">\n<li>Pampa Castillo Lodge<\/li>\n<li>Operador Parque C\u00f3ndor, a cargo de CMPC<\/li>\n<li>Chile Parque Pa\u00eds<\/li>\n<li>Hotel Kika<\/li>\n<li>Expansi\u00f3n del Camping Choiols<\/li>\n<\/ul>\n<p style=\"text-align: justify;\">Los representantes de cada proyecto presentaron sus propuestas de negocio, su potencial de crecimiento y las oportunidades espec\u00edficas que ofrece el territorio para el desarrollo de infraestructura hotelera y de servicios tur\u00edsticos.<\/p>\n<p style=\"text-align: justify;\"><strong>Espacio de networking y pr\u00f3xima visita a terreno<\/strong><\/p>\n<p style=\"text-align: justify;\">Finalizadas las exposiciones, los asistentes participaron en una instancia de networking, que permiti\u00f3 el contacto directo entre expositores y potenciales inversionistas, facilitando el intercambio de informaci\u00f3n y la evaluaci\u00f3n de oportunidades concretas de negocio.<\/p>\n<p style=\"text-align: justify;\">Asimismo, se extendi\u00f3 una invitaci\u00f3n formal a los inversionistas presentes para visitar la regi\u00f3n de Ays\u00e9n durante el mes de diciembre, con el prop\u00f3sito de avanzar hacia la materializaci\u00f3n de los proyectos presentados y profundizar el conocimiento del territorio.<\/p>\n<p style=\"text-align: justify;\"><strong>Autoridades presentes<\/strong><\/p>\n<p style=\"text-align: justify;\">El Foro cont\u00f3 con la participaci\u00f3n de autoridades regionales y nacionales, entre ellas, Fernando Guzm\u00e1n, Jefe de la Divisi\u00f3n de Fomento e Industria del Gobierno Regional de Ays\u00e9n y Claudio Maggi, Gerente de Desarrollo Territorial de Corfo.<\/p>\n<p style=\"text-align: justify;\">Ambas autoridades destacaron la relevancia de esta primera convocatoria y reafirmaron el compromiso institucional con el fortalecimiento de la inversi\u00f3n privada para potenciar el desarrollo tur\u00edstico y econ\u00f3mico de la regi\u00f3n.<\/p>\n<\/div><\/section><\/div><div  style='height:50px' class='hr hr-invisible   avia-builder-el-6  el_after_av_one_full  el_before_av_social_share '><span class='hr-inner ' ><span class='hr-inner-style'><\/span><\/span><\/div><\/p>\n<div  class='av-social-sharing-box  avia-builder-el-7  el_after_av_hr  el_before_av_hr  '><div class='av-share-box'><h5 class='av-share-link-description av-no-toc '>Compartir esta noticia<\/h5><ul class='av-share-box-list noLightbox'><li class='av-share-link av-social-link-facebook' ><a target=\"_blank\" aria-label=\"Compartir en Facebook\" href='https:\/\/www.facebook.com\/sharer.php?u=https:\/\/radiorevelacionfm.cl\/?p=61854&#038;t=Regi%C3%B3n%20de%20Ays%C3%A9n%20realiza%20el%20Primer%20Foro%20Hotelero%20para%20atraer%20inversi%C3%B3n%20privada' aria-hidden='false' data-av_icon='\ue8f3' data-av_iconfont='entypo-fontello' title='' data-avia-related-tooltip='Compartir en Facebook' rel=\"noopener\"><span class='avia_hidden_link_text'>Compartir en Facebook<\/span><\/a><\/li><li class='av-share-link av-social-link-twitter' ><a target=\"_blank\" aria-label=\"Compartir en Twitter\" href='https:\/\/twitter.com\/share?text=Regi%C3%B3n%20de%20Ays%C3%A9n%20realiza%20el%20Primer%20Foro%20Hotelero%20para%20atraer%20inversi%C3%B3n%20privada&#038;url=https:\/\/radiorevelacionfm.cl\/?p=61854' aria-hidden='false' data-av_icon='\ue8f1' data-av_iconfont='entypo-fontello' title='' data-avia-related-tooltip='Compartir en Twitter' rel=\"noopener\"><span class='avia_hidden_link_text'>Compartir en Twitter<\/span><\/a><\/li><li class='av-share-link av-social-link-whatsapp' ><a target=\"_blank\" aria-label=\"Compartir en Whatsapp\" href='https:\/\/api.whatsapp.com\/send?text=https:\/\/radiorevelacionfm.cl\/?p=61854' aria-hidden='false' data-av_icon='\uf232' data-av_iconfont='entypo-fontello' title='' data-avia-related-tooltip='Compartir en Whatsapp' rel=\"noopener\"><span class='avia_hidden_link_text'>Compartir en Whatsapp<\/span><\/a><\/li><li class='av-share-link av-social-link-linkedin' ><a target=\"_blank\" aria-label=\"Compartir en LinkedIn\" href='https:\/\/linkedin.com\/shareArticle?mini=true&#038;title=Regi%C3%B3n%20de%20Ays%C3%A9n%20realiza%20el%20Primer%20Foro%20Hotelero%20para%20atraer%20inversi%C3%B3n%20privada&#038;url=https:\/\/radiorevelacionfm.cl\/?p=61854' aria-hidden='false' data-av_icon='\ue8fc' data-av_iconfont='entypo-fontello' title='' data-avia-related-tooltip='Compartir en LinkedIn' rel=\"noopener\"><span class='avia_hidden_link_text'>Compartir en LinkedIn<\/span><\/a><\/li><li class='av-share-link av-social-link-mail' ><a  aria-label=\"Compartir por correo\" href='mailto:?subject=Regi%C3%B3n%20de%20Ays%C3%A9n%20realiza%20el%20Primer%20Foro%20Hotelero%20para%20atraer%20inversi%C3%B3n%20privada&#038;body=https:\/\/radiorevelacionfm.cl\/?p=61854' aria-hidden='false' data-av_icon='\ue805' data-av_iconfont='entypo-fontello' title='' data-avia-related-tooltip='Compartir por correo'><span class='avia_hidden_link_text'>Compartir por correo<\/span><\/a><\/li><\/ul><\/div><\/div>\n<div  style='height:50px' class='hr hr-invisible   avia-builder-el-8  el_after_av_social_share  el_before_av_comments_list '><span class='hr-inner ' ><span class='hr-inner-style'><\/span><\/span><\/div>\n<div  class='av-buildercomment  av-blog-meta-html-info-disabled av-blog-meta-tag-disabled  '><\/div>\n","protected":false},"excerpt":{"rendered":"","protected":false},"author":1,"featured_media":61855,"comment_status":"closed","ping_status":"closed","sticky":false,"template":"","format":"standard","meta":{"footnotes":""},"categories":[38],"tags":[],"class_list":["post-61854","post","type-post","status-publish","format-standard","has-post-thumbnail","hentry","category-regional"],"jetpack_featured_media_url":"https:\/\/radiorevelacionfm.cl\/wp-content\/uploads\/2025\/11\/dts-ayse_n-86-1_optimized.jpg","_links":{"self":[{"href":"https:\/\/radiorevelacionfm.cl\/index.php?rest_route=\/wp\/v2\/posts\/61854","targetHints":{"allow":["GET"]}}],"collection":[{"href":"https:\/\/radiorevelacionfm.cl\/index.php?rest_route=\/wp\/v2\/posts"}],"about":[{"href":"https:\/\/radiorevelacionfm.cl\/index.php?rest_route=\/wp\/v2\/types\/post"}],"author":[{"embeddable":true,"href":"https:\/\/radiorevelacionfm.cl\/index.php?rest_route=\/wp\/v2\/users\/1"}],"replies":[{"embeddable":true,"href":"https:\/\/radiorevelacionfm.cl\/index.php?rest_route=%2Fwp%2Fv2%2Fcomments&post=61854"}],"version-history":[{"count":2,"href":"https:\/\/radiorevelacionfm.cl\/index.php?rest_route=\/wp\/v2\/posts\/61854\/revisions"}],"predecessor-version":[{"id":61857,"href":"https:\/\/radiorevelacionfm.cl\/index.php?rest_route=\/wp\/v2\/posts\/61854\/revisions\/61857"}],"wp:featuredmedia":[{"embeddable":true,"href":"https:\/\/radiorevelacionfm.cl\/index.php?rest_route=\/wp\/v2\/media\/61855"}],"wp:attachment":[{"href":"https:\/\/radiorevelacionfm.cl\/index.php?rest_route=%2Fwp%2Fv2%2Fmedia&parent=61854"}],"wp:term":[{"taxonomy":"category","embeddable":true,"href":"https:\/\/radiorevelacionfm.cl\/index.php?rest_route=%2Fwp%2Fv2%2Fcategories&post=61854"},{"taxonomy":"post_tag","embeddable":true,"href":"https:\/\/radiorevelacionfm.cl\/index.php?rest_route=%2Fwp%2Fv2%2Ftags&post=61854"}],"curies":[{"name":"wp","href":"https:\/\/api.w.org\/{rel}","templated":true}]}}