{"id":61845,"date":"2025-11-27T10:20:52","date_gmt":"2025-11-27T13:20:52","guid":{"rendered":"https:\/\/radiorevelacionfm.cl\/?p=61845"},"modified":"2025-11-27T11:13:53","modified_gmt":"2025-11-27T14:13:53","slug":"pedro-duran-branchi-fue-nombrado-como-nuevo-director-de-serviu-de-la-region-de-aysen","status":"publish","type":"post","link":"https:\/\/radiorevelacionfm.cl\/?p=61845","title":{"rendered":"Pedro Dur\u00e1n Branchi fue nombrado como nuevo director de Serviu de la Regi\u00f3n de Ays\u00e9n"},"content":{"rendered":"<div class=\"flex_column av_one_full  flex_column_div av-zero-column-padding first  avia-builder-el-0  el_before_av_one_full  avia-builder-el-first  \" style='border-radius:0px; '><div  class='avia-image-container  av-styling-    avia-builder-el-1  avia-builder-el-no-sibling  avia-align-center '  itemprop=\"image\" itemscope=\"itemscope\" itemtype=\"https:\/\/schema.org\/ImageObject\"  ><div class='avia-image-container-inner'><div class='avia-image-overlay-wrap'><img decoding=\"async\" class='wp-image-61852 avia-img-lazy-loading-not-61852 avia_image' src=\"https:\/\/radiorevelacionfm.cl\/wp-content\/uploads\/2025\/11\/Director-Serviu-1-1.jpg\" alt='' title='Director Serviu (1) (1)' height=\"600\" width=\"833\"  itemprop=\"thumbnailUrl\" srcset=\"https:\/\/radiorevelacionfm.cl\/wp-content\/uploads\/2025\/11\/Director-Serviu-1-1.jpg 833w, https:\/\/radiorevelacionfm.cl\/wp-content\/uploads\/2025\/11\/Director-Serviu-1-1-300x216.jpg 300w, https:\/\/radiorevelacionfm.cl\/wp-content\/uploads\/2025\/11\/Director-Serviu-1-1-768x553.jpg 768w, https:\/\/radiorevelacionfm.cl\/wp-content\/uploads\/2025\/11\/Director-Serviu-1-1-705x508.jpg 705w, https:\/\/radiorevelacionfm.cl\/wp-content\/uploads\/2025\/11\/Director-Serviu-1-1-450x324.jpg 450w, https:\/\/radiorevelacionfm.cl\/wp-content\/uploads\/2025\/11\/Director-Serviu-1-1-600x432.jpg 600w\" sizes=\"(max-width: 833px) 100vw, 833px\" \/><\/div><\/div><\/div><\/div><div class=\"flex_column av_one_full  flex_column_div av-zero-column-padding first  avia-builder-el-2  el_after_av_one_full  el_before_av_one_full  column-top-margin\" style='border-radius:0px; '><section class=\"av_textblock_section \"  itemscope=\"itemscope\" itemtype=\"https:\/\/schema.org\/BlogPosting\" itemprop=\"blogPost\" ><div class='avia_textblock  '   itemprop=\"text\" ><p style=\"text-align: center;\"><strong><span style=\"font-size: 18pt;\">Pedro Dur\u00e1n Branchi fue nombrado como nuevo director de Serviu de la Regi\u00f3n de Ays\u00e9n<\/span><\/strong><\/p>\n<div id=\"gtx-trans\" style=\"position: absolute; left: -50px; top: 4.31534px;\">\n<div class=\"gtx-trans-icon\"><\/div>\n<\/div>\n<\/div><\/section><\/div><\/p>\n<div class=\"flex_column av_one_full  flex_column_div av-zero-column-padding first  avia-builder-el-4  el_after_av_one_full  el_before_av_hr  column-top-margin\" style='border-radius:0px; '><section class=\"av_textblock_section \"  itemscope=\"itemscope\" itemtype=\"https:\/\/schema.org\/BlogPosting\" itemprop=\"blogPost\" ><div class='avia_textblock  '   itemprop=\"text\" ><p style=\"text-align: justify;\">El ingeniero Pedro Dur\u00e1n Branchi fue nombrado por el Presidente de la Rep\u00fablica, Gabriel Boric, como nuevo director del Servicio de Vivienda y Urbanizaci\u00f3n de la Regi\u00f3n de Ays\u00e9n. Ello, tras realizarse el respectivo concurso de Alta Direcci\u00f3n P\u00fablica, al que postularon 120 personas.<\/p>\n<p style=\"text-align: justify;\">Pedro Dur\u00e1n es ingeniero de ejecuci\u00f3n en Mec\u00e1nica de la Universidad de Santiago de Chile y diplomado en Gesti\u00f3n Inmobiliaria de la Universidad de Chile. Cuenta con m\u00e1s de 30 a\u00f1os de experiencia, ejerciendo cargos tanto en el sector p\u00fablico como privado.<\/p>\n<p style=\"text-align: justify;\">Tras ejercer como jefe de gabinete en la Subsecretar\u00eda de Vivienda y Urbanismo, ocup\u00f3 los cargos de director regional de SERVIU Ays\u00e9n, entre los a\u00f1os 1996 y 1998, y de director Regional SERVIU Los Lagos, entre 1998 y 2000.<\/p>\n<p style=\"text-align: justify;\">Luego, asumi\u00f3 nuevamente, esta vez por Alta Direcci\u00f3n P\u00fablica, el cargo de director regional del Servicio de Vivienda y Urbanizaci\u00f3n de Ays\u00e9n, entre 2015 y 2018.<\/p>\n<p style=\"text-align: justify;\">Desde 2022 y hasta el momento de este nombramiento, se desempe\u00f1aba como jefe del Departamento Provincial SERVIU Osorno, en la Regi\u00f3n de Los Lagos, y como consultor independiente en construcci\u00f3n sustentable y eficiencia energ\u00e9tica.<\/p>\n<p style=\"text-align: justify;\"><strong>Proceso de selecci\u00f3n<\/strong><\/p>\n<p style=\"text-align: justify;\">El concurso para proveer este cargo se inici\u00f3 en junio de este a\u00f1o, recibiendo un total de 120 postulaciones. Tras las evaluaciones realizadas por la empresa consultora, el Consejo de Alta Direcci\u00f3n P\u00fablica entrevist\u00f3 a las siete candidatas y candidatos mejor calificados y en septiembre envi\u00f3 la n\u00f3mina respectiva a la autoridad para que efectuara el nombramiento.<\/p>\n<\/div><\/section><\/div>\n<div  style='height:50px' class='hr hr-invisible   avia-builder-el-6  el_after_av_one_full  el_before_av_social_share '><span class='hr-inner ' ><span class='hr-inner-style'><\/span><\/span><\/div>\n<div  class='av-social-sharing-box  avia-builder-el-7  el_after_av_hr  el_before_av_hr  '><div class='av-share-box'><h5 class='av-share-link-description av-no-toc '>Compartir esta noticia<\/h5><ul class='av-share-box-list noLightbox'><li class='av-share-link av-social-link-facebook' ><a target=\"_blank\" aria-label=\"Compartir en Facebook\" href='https:\/\/www.facebook.com\/sharer.php?u=https:\/\/radiorevelacionfm.cl\/?p=61845&#038;t=Pedro%20Dur%C3%A1n%20Branchi%20fue%20nombrado%20como%20nuevo%20director%20de%20Serviu%20de%20la%20Regi%C3%B3n%20de%20Ays%C3%A9n' aria-hidden='false' data-av_icon='\ue8f3' data-av_iconfont='entypo-fontello' title='' data-avia-related-tooltip='Compartir en Facebook' rel=\"noopener\"><span class='avia_hidden_link_text'>Compartir en Facebook<\/span><\/a><\/li><li class='av-share-link av-social-link-twitter' ><a target=\"_blank\" aria-label=\"Compartir en Twitter\" href='https:\/\/twitter.com\/share?text=Pedro%20Dur%C3%A1n%20Branchi%20fue%20nombrado%20como%20nuevo%20director%20de%20Serviu%20de%20la%20Regi%C3%B3n%20de%20Ays%C3%A9n&#038;url=https:\/\/radiorevelacionfm.cl\/?p=61845' aria-hidden='false' data-av_icon='\ue8f1' data-av_iconfont='entypo-fontello' title='' data-avia-related-tooltip='Compartir en Twitter' rel=\"noopener\"><span class='avia_hidden_link_text'>Compartir en Twitter<\/span><\/a><\/li><li class='av-share-link av-social-link-whatsapp' ><a target=\"_blank\" aria-label=\"Compartir en Whatsapp\" href='https:\/\/api.whatsapp.com\/send?text=https:\/\/radiorevelacionfm.cl\/?p=61845' aria-hidden='false' data-av_icon='\uf232' data-av_iconfont='entypo-fontello' title='' data-avia-related-tooltip='Compartir en Whatsapp' rel=\"noopener\"><span class='avia_hidden_link_text'>Compartir en Whatsapp<\/span><\/a><\/li><li class='av-share-link av-social-link-linkedin' ><a target=\"_blank\" aria-label=\"Compartir en LinkedIn\" href='https:\/\/linkedin.com\/shareArticle?mini=true&#038;title=Pedro%20Dur%C3%A1n%20Branchi%20fue%20nombrado%20como%20nuevo%20director%20de%20Serviu%20de%20la%20Regi%C3%B3n%20de%20Ays%C3%A9n&#038;url=https:\/\/radiorevelacionfm.cl\/?p=61845' aria-hidden='false' data-av_icon='\ue8fc' data-av_iconfont='entypo-fontello' title='' data-avia-related-tooltip='Compartir en LinkedIn' rel=\"noopener\"><span class='avia_hidden_link_text'>Compartir en LinkedIn<\/span><\/a><\/li><li class='av-share-link av-social-link-mail' ><a  aria-label=\"Compartir por correo\" href='mailto:?subject=Pedro%20Dur%C3%A1n%20Branchi%20fue%20nombrado%20como%20nuevo%20director%20de%20Serviu%20de%20la%20Regi%C3%B3n%20de%20Ays%C3%A9n&#038;body=https:\/\/radiorevelacionfm.cl\/?p=61845' aria-hidden='false' data-av_icon='\ue805' data-av_iconfont='entypo-fontello' title='' data-avia-related-tooltip='Compartir por correo'><span class='avia_hidden_link_text'>Compartir por correo<\/span><\/a><\/li><\/ul><\/div><\/div>\n<div  style='height:50px' class='hr hr-invisible   avia-builder-el-8  el_after_av_social_share  el_before_av_comments_list '><span class='hr-inner ' ><span class='hr-inner-style'><\/span><\/span><\/div>\n<div  class='av-buildercomment  av-blog-meta-html-info-disabled av-blog-meta-tag-disabled  '><\/div>\n","protected":false},"excerpt":{"rendered":"","protected":false},"author":1,"featured_media":61852,"comment_status":"closed","ping_status":"closed","sticky":false,"template":"","format":"standard","meta":{"footnotes":""},"categories":[57],"tags":[],"class_list":["post-61845","post","type-post","status-publish","format-standard","has-post-thumbnail","hentry","category-vivienda"],"jetpack_featured_media_url":"https:\/\/radiorevelacionfm.cl\/wp-content\/uploads\/2025\/11\/Director-Serviu-1-1.jpg","_links":{"self":[{"href":"https:\/\/radiorevelacionfm.cl\/index.php?rest_route=\/wp\/v2\/posts\/61845","targetHints":{"allow":["GET"]}}],"collection":[{"href":"https:\/\/radiorevelacionfm.cl\/index.php?rest_route=\/wp\/v2\/posts"}],"about":[{"href":"https:\/\/radiorevelacionfm.cl\/index.php?rest_route=\/wp\/v2\/types\/post"}],"author":[{"embeddable":true,"href":"https:\/\/radiorevelacionfm.cl\/index.php?rest_route=\/wp\/v2\/users\/1"}],"replies":[{"embeddable":true,"href":"https:\/\/radiorevelacionfm.cl\/index.php?rest_route=%2Fwp%2Fv2%2Fcomments&post=61845"}],"version-history":[{"count":4,"href":"https:\/\/radiorevelacionfm.cl\/index.php?rest_route=\/wp\/v2\/posts\/61845\/revisions"}],"predecessor-version":[{"id":61851,"href":"https:\/\/radiorevelacionfm.cl\/index.php?rest_route=\/wp\/v2\/posts\/61845\/revisions\/61851"}],"wp:featuredmedia":[{"embeddable":true,"href":"https:\/\/radiorevelacionfm.cl\/index.php?rest_route=\/wp\/v2\/media\/61852"}],"wp:attachment":[{"href":"https:\/\/radiorevelacionfm.cl\/index.php?rest_route=%2Fwp%2Fv2%2Fmedia&parent=61845"}],"wp:term":[{"taxonomy":"category","embeddable":true,"href":"https:\/\/radiorevelacionfm.cl\/index.php?rest_route=%2Fwp%2Fv2%2Fcategories&post=61845"},{"taxonomy":"post_tag","embeddable":true,"href":"https:\/\/radiorevelacionfm.cl\/index.php?rest_route=%2Fwp%2Fv2%2Ftags&post=61845"}],"curies":[{"name":"wp","href":"https:\/\/api.w.org\/{rel}","templated":true}]}}