{"id":61841,"date":"2025-11-26T18:40:47","date_gmt":"2025-11-26T21:40:47","guid":{"rendered":"https:\/\/radiorevelacionfm.cl\/?p=61841"},"modified":"2025-11-26T18:40:47","modified_gmt":"2025-11-26T21:40:47","slug":"erradicacion-de-la-violencia-contra-mujeres-y-ninas-un-grito-urgente","status":"publish","type":"post","link":"https:\/\/radiorevelacionfm.cl\/?p=61841","title":{"rendered":"Erradicaci\u00f3n de la violencia contra mujeres y ni\u00f1as: un grito urgente"},"content":{"rendered":"<div class=\"flex_column av_one_full  flex_column_div av-zero-column-padding first  avia-builder-el-0  el_before_av_one_full  avia-builder-el-first  \" style='border-radius:0px; '><div  class='avia-image-container  av-styling-    avia-builder-el-1  avia-builder-el-no-sibling  avia-align-center '  itemprop=\"image\" itemscope=\"itemscope\" itemtype=\"https:\/\/schema.org\/ImageObject\"  ><div class='avia-image-container-inner'><div class='avia-image-overlay-wrap'><img decoding=\"async\" class='wp-image-61842 avia-img-lazy-loading-not-61842 avia_image' src=\"https:\/\/radiorevelacionfm.cl\/wp-content\/uploads\/2025\/11\/Carolina-Carrera1-800x533-1-1.jpg\" alt='' title='Carolina-Carrera1-800x533 (1) (1)' height=\"600\" width=\"901\"  itemprop=\"thumbnailUrl\" srcset=\"https:\/\/radiorevelacionfm.cl\/wp-content\/uploads\/2025\/11\/Carolina-Carrera1-800x533-1-1.jpg 901w, https:\/\/radiorevelacionfm.cl\/wp-content\/uploads\/2025\/11\/Carolina-Carrera1-800x533-1-1-300x200.jpg 300w, https:\/\/radiorevelacionfm.cl\/wp-content\/uploads\/2025\/11\/Carolina-Carrera1-800x533-1-1-768x511.jpg 768w, https:\/\/radiorevelacionfm.cl\/wp-content\/uploads\/2025\/11\/Carolina-Carrera1-800x533-1-1-705x469.jpg 705w, https:\/\/radiorevelacionfm.cl\/wp-content\/uploads\/2025\/11\/Carolina-Carrera1-800x533-1-1-450x300.jpg 450w, https:\/\/radiorevelacionfm.cl\/wp-content\/uploads\/2025\/11\/Carolina-Carrera1-800x533-1-1-600x400.jpg 600w\" sizes=\"(max-width: 901px) 100vw, 901px\" \/><\/div><\/div><\/div><\/div><div class=\"flex_column av_one_full  flex_column_div av-zero-column-padding first  avia-builder-el-2  el_after_av_one_full  el_before_av_one_full  column-top-margin\" style='border-radius:0px; '><section class=\"av_textblock_section \"  itemscope=\"itemscope\" itemtype=\"https:\/\/schema.org\/BlogPosting\" itemprop=\"blogPost\" ><div class='avia_textblock  '   itemprop=\"text\" ><p style=\"text-align: center;\"><strong><span style=\"font-size: 18pt;\">Erradicaci\u00f3n de la violencia contra mujeres y ni\u00f1as: un grito urgente<\/span><\/strong><\/p>\n<div id=\"gtx-trans\" style=\"position: absolute; left: -50px; top: 4.31534px;\">\n<div class=\"gtx-trans-icon\"><\/div>\n<\/div>\n<\/div><\/section><\/div><div class=\"flex_column av_one_full  flex_column_div av-zero-column-padding first  avia-builder-el-4  el_after_av_one_full  el_before_av_hr  column-top-margin\" style='border-radius:0px; '><section class=\"av_textblock_section \"  itemscope=\"itemscope\" itemtype=\"https:\/\/schema.org\/BlogPosting\" itemprop=\"blogPost\" ><div class='avia_textblock  '   itemprop=\"text\" ><p style=\"text-align: justify;\"><em>Por Carolina Carrera Ferrer, directora del Centro de Atenci\u00f3n Psicol\u00f3gica (CAPSI) UNAB<\/em><\/p>\n<p style=\"text-align: justify;\">Este 25 de noviembre se conmemor\u00f3 el D\u00eda Internacional de la Eliminaci\u00f3n de la Violencia contra la Mujer, fecha proclamada por la Asamblea General de las Naciones Unidas en su resoluci\u00f3n 54\/134 del a\u00f1o 1999. La erradicaci\u00f3n de la violencia contra mujeres y ni\u00f1as es un grito urgente en todo el mundo. En el caso de nuestro pa\u00eds, las cifras hablan por s\u00ed solas: 44 mujeres fueron v\u00edctimas de femicidio en 2024 y, en lo que va de este a\u00f1o, ya suman 40. Esta realidad se vuelve a\u00fan m\u00e1s alarmante al considerar los femicidios frustrados: solo en 2024 se registraron 319 casos.<\/p>\n<p style=\"text-align: justify;\">Pero la violencia contra las mujeres y ni\u00f1as no es \u00fanicamente un asunto de estad\u00edsticas: detr\u00e1s de cada n\u00famero hay vidas profundamente marcadas. La eliminaci\u00f3n de la violencia debe ser un tema que nos convoque, nos duela y nos movilice como pa\u00eds a repensar las pol\u00edticas p\u00fablicas, y a dejar de circunscribir este problema casi exclusivamente al trabajo del Ministerio de la Mujer y Equidad de G\u00e9nero.<\/p>\n<p style=\"text-align: justify;\">Debemos promover acciones de reflexi\u00f3n y di\u00e1logo en los distintos espacios que habitamos \u2014educaci\u00f3n, trabajo, familia, amistades\u2014 que nos permitan repensar los lazos sociales que queremos construir en esta nueva era.<\/p>\n<p style=\"text-align: justify;\">Quienes trabajamos en el \u00e1mbito cl\u00ednico escuchamos, una y otra vez, relatos de mujeres cuyas vidas han sido atravesadas por la violencia de g\u00e9nero transgeneracional. Esta realidad tambi\u00e9n afecta a las generaciones m\u00e1s j\u00f3venes: la \u00faltima encuesta del INJUV (2022) indic\u00f3 que un 18,1% de las j\u00f3venes encuestadas ha sufrido violencia en el pololeo, y un preocupante 12,8% de los j\u00f3venes declar\u00f3 creer que, en algunas ocasiones, \u201clas mujeres tienen actitudes que justifican actos de violencia por parte de sus parejas\u201d.<\/p>\n<p style=\"text-align: justify;\">La violencia hacia mujeres adultas mayores tambi\u00e9n muestra un aumento. En 2020, SENAMA inform\u00f3 329 casos ingresados a trav\u00e9s del Fono Mayor solo durante el mes de mayo, de los cuales 302 (63,3%) correspond\u00edan a mujeres. As\u00ed, la violencia contra las mujeres cruza no solo edades, sino tambi\u00e9n clases sociales.<\/p>\n<p style=\"text-align: justify;\">Un fen\u00f3meno que afecta transversalmente a todas las mujeres, pero se concentra especialmente en las m\u00e1s j\u00f3venes, es la ciberviolencia de g\u00e9nero. La Defensor\u00eda de la Ni\u00f1ez se\u00f1ala que un 28% de las ni\u00f1as y adolescentes declara haber sufrido molestias, acoso, difusi\u00f3n de rumores o acoso sexual por internet durante 2023.<\/p>\n<p style=\"text-align: justify;\">Finalmente, la V ENVCM revel\u00f3 que un 20,3% de las mujeres encuestadas se\u00f1al\u00f3 haber sufrido al menos un tipo de violencia f\u00edsica, psicol\u00f3gica o sexual en el \u00faltimo a\u00f1o (2024).<\/p>\n<p style=\"text-align: justify;\">Sabemos que la violencia genera efectos profundos en la salud mental, no solo en las v\u00edctimas directas, sino tambi\u00e9n en su entorno. Entre sus consecuencias se encuentran depresi\u00f3n, ansiedad, trastorno de estr\u00e9s postraum\u00e1tico y un mayor riesgo de suicidio.<\/p>\n<p style=\"text-align: justify;\">Es fundamental aumentar los recursos destinados a la prevenci\u00f3n de la violencia contra mujeres y ni\u00f1as, as\u00ed como fortalecer el sistema de salud mental. Si bien la inversi\u00f3n en salud mental ha aumentado, la cifra contin\u00faa muy por debajo del promedio de los pa\u00edses de la OCDE. Incrementar ese gasto y asegurar programas de prevenci\u00f3n y reparaci\u00f3n para mujeres y ni\u00f1as v\u00edctimas de violencia es urgente.<\/p>\n<p style=\"text-align: justify;\">Ante el horror y la verg\u00fcenza que estas cifras deber\u00edan provocarnos, y considerando que estamos ad-portas de elecciones presidenciales, debemos hacer un llamado a que las propuestas de programas de gobierno incorporen como prioridad la erradicaci\u00f3n de la violencia contra mujeres y ni\u00f1as, as\u00ed como la implementaci\u00f3n de pol\u00edticas y recursos efectivos para la prevenci\u00f3n y reparaci\u00f3n, especialmente en el \u00e1mbito de la salud mental.<\/p>\n<p style=\"text-align: justify;\">Como sociedad, debemos conmovernos, espantarnos y actuar frente a la muerte de mujeres y ni\u00f1as a manos de sus parejas o exparejas. Hacer algo no es una opci\u00f3n: es un imperativo \u00e9tico y moral.<\/p>\n<\/div><\/section><\/div><div  style='height:50px' class='hr hr-invisible   avia-builder-el-6  el_after_av_one_full  el_before_av_social_share '><span class='hr-inner ' ><span class='hr-inner-style'><\/span><\/span><\/div><\/p>\n<div  class='av-social-sharing-box  avia-builder-el-7  el_after_av_hr  el_before_av_hr  '><div class='av-share-box'><h5 class='av-share-link-description av-no-toc '>Compartir esta noticia<\/h5><ul class='av-share-box-list noLightbox'><li class='av-share-link av-social-link-facebook' ><a target=\"_blank\" aria-label=\"Compartir en Facebook\" href='https:\/\/www.facebook.com\/sharer.php?u=https:\/\/radiorevelacionfm.cl\/?p=61841&#038;t=Erradicaci%C3%B3n%20de%20la%20violencia%20contra%20mujeres%20y%20ni%C3%B1as%3A%20un%20grito%20urgente' aria-hidden='false' data-av_icon='\ue8f3' data-av_iconfont='entypo-fontello' title='' data-avia-related-tooltip='Compartir en Facebook' rel=\"noopener\"><span class='avia_hidden_link_text'>Compartir en Facebook<\/span><\/a><\/li><li class='av-share-link av-social-link-twitter' ><a target=\"_blank\" aria-label=\"Compartir en Twitter\" href='https:\/\/twitter.com\/share?text=Erradicaci%C3%B3n%20de%20la%20violencia%20contra%20mujeres%20y%20ni%C3%B1as%3A%20un%20grito%20urgente&#038;url=https:\/\/radiorevelacionfm.cl\/?p=61841' aria-hidden='false' data-av_icon='\ue8f1' data-av_iconfont='entypo-fontello' title='' data-avia-related-tooltip='Compartir en Twitter' rel=\"noopener\"><span class='avia_hidden_link_text'>Compartir en Twitter<\/span><\/a><\/li><li class='av-share-link av-social-link-whatsapp' ><a target=\"_blank\" aria-label=\"Compartir en Whatsapp\" href='https:\/\/api.whatsapp.com\/send?text=https:\/\/radiorevelacionfm.cl\/?p=61841' aria-hidden='false' data-av_icon='\uf232' data-av_iconfont='entypo-fontello' title='' data-avia-related-tooltip='Compartir en Whatsapp' rel=\"noopener\"><span class='avia_hidden_link_text'>Compartir en Whatsapp<\/span><\/a><\/li><li class='av-share-link av-social-link-linkedin' ><a target=\"_blank\" aria-label=\"Compartir en LinkedIn\" href='https:\/\/linkedin.com\/shareArticle?mini=true&#038;title=Erradicaci%C3%B3n%20de%20la%20violencia%20contra%20mujeres%20y%20ni%C3%B1as%3A%20un%20grito%20urgente&#038;url=https:\/\/radiorevelacionfm.cl\/?p=61841' aria-hidden='false' data-av_icon='\ue8fc' data-av_iconfont='entypo-fontello' title='' data-avia-related-tooltip='Compartir en LinkedIn' rel=\"noopener\"><span class='avia_hidden_link_text'>Compartir en LinkedIn<\/span><\/a><\/li><li class='av-share-link av-social-link-mail' ><a  aria-label=\"Compartir por correo\" href='mailto:?subject=Erradicaci%C3%B3n%20de%20la%20violencia%20contra%20mujeres%20y%20ni%C3%B1as%3A%20un%20grito%20urgente&#038;body=https:\/\/radiorevelacionfm.cl\/?p=61841' aria-hidden='false' data-av_icon='\ue805' data-av_iconfont='entypo-fontello' title='' data-avia-related-tooltip='Compartir por correo'><span class='avia_hidden_link_text'>Compartir por correo<\/span><\/a><\/li><\/ul><\/div><\/div>\n<div  style='height:50px' class='hr hr-invisible   avia-builder-el-8  el_after_av_social_share  el_before_av_comments_list '><span class='hr-inner ' ><span class='hr-inner-style'><\/span><\/span><\/div>\n<div  class='av-buildercomment  av-blog-meta-html-info-disabled av-blog-meta-tag-disabled  '><\/div>\n","protected":false},"excerpt":{"rendered":"","protected":false},"author":1,"featured_media":61842,"comment_status":"closed","ping_status":"closed","sticky":false,"template":"","format":"standard","meta":{"footnotes":""},"categories":[50],"tags":[],"class_list":["post-61841","post","type-post","status-publish","format-standard","has-post-thumbnail","hentry","category-cartas-y-opinion"],"jetpack_featured_media_url":"https:\/\/radiorevelacionfm.cl\/wp-content\/uploads\/2025\/11\/Carolina-Carrera1-800x533-1-1.jpg","_links":{"self":[{"href":"https:\/\/radiorevelacionfm.cl\/index.php?rest_route=\/wp\/v2\/posts\/61841","targetHints":{"allow":["GET"]}}],"collection":[{"href":"https:\/\/radiorevelacionfm.cl\/index.php?rest_route=\/wp\/v2\/posts"}],"about":[{"href":"https:\/\/radiorevelacionfm.cl\/index.php?rest_route=\/wp\/v2\/types\/post"}],"author":[{"embeddable":true,"href":"https:\/\/radiorevelacionfm.cl\/index.php?rest_route=\/wp\/v2\/users\/1"}],"replies":[{"embeddable":true,"href":"https:\/\/radiorevelacionfm.cl\/index.php?rest_route=%2Fwp%2Fv2%2Fcomments&post=61841"}],"version-history":[{"count":2,"href":"https:\/\/radiorevelacionfm.cl\/index.php?rest_route=\/wp\/v2\/posts\/61841\/revisions"}],"predecessor-version":[{"id":61844,"href":"https:\/\/radiorevelacionfm.cl\/index.php?rest_route=\/wp\/v2\/posts\/61841\/revisions\/61844"}],"wp:featuredmedia":[{"embeddable":true,"href":"https:\/\/radiorevelacionfm.cl\/index.php?rest_route=\/wp\/v2\/media\/61842"}],"wp:attachment":[{"href":"https:\/\/radiorevelacionfm.cl\/index.php?rest_route=%2Fwp%2Fv2%2Fmedia&parent=61841"}],"wp:term":[{"taxonomy":"category","embeddable":true,"href":"https:\/\/radiorevelacionfm.cl\/index.php?rest_route=%2Fwp%2Fv2%2Fcategories&post=61841"},{"taxonomy":"post_tag","embeddable":true,"href":"https:\/\/radiorevelacionfm.cl\/index.php?rest_route=%2Fwp%2Fv2%2Ftags&post=61841"}],"curies":[{"name":"wp","href":"https:\/\/api.w.org\/{rel}","templated":true}]}}