{"id":61823,"date":"2025-11-26T12:08:08","date_gmt":"2025-11-26T15:08:08","guid":{"rendered":"https:\/\/radiorevelacionfm.cl\/?p=61823"},"modified":"2025-11-26T12:08:08","modified_gmt":"2025-11-26T15:08:08","slug":"escuela-de-lenguaje-kalem-alcanza-nuevo-logro-medioambiental","status":"publish","type":"post","link":"https:\/\/radiorevelacionfm.cl\/?p=61823","title":{"rendered":"Escuela de Lenguaje Kalem alcanza nuevo logro medioambiental"},"content":{"rendered":"<div class=\"flex_column av_one_full  flex_column_div av-zero-column-padding first  avia-builder-el-0  el_before_av_one_full  avia-builder-el-first  \" style='border-radius:0px; '><div  class='avia-image-container  av-styling-    avia-builder-el-1  avia-builder-el-no-sibling  avia-align-center '  itemprop=\"image\" itemscope=\"itemscope\" itemtype=\"https:\/\/schema.org\/ImageObject\"  ><div class='avia-image-container-inner'><div class='avia-image-overlay-wrap'><img decoding=\"async\" class='wp-image-61824 avia-img-lazy-loading-not-61824 avia_image' src=\"https:\/\/radiorevelacionfm.cl\/wp-content\/uploads\/2025\/11\/2-2025-11-26t103511_optimized.546-1.jpg\" alt='' title='2 - -2025-11-26t103511_optimized.546-(1)' height=\"600\" width=\"1067\"  itemprop=\"thumbnailUrl\" srcset=\"https:\/\/radiorevelacionfm.cl\/wp-content\/uploads\/2025\/11\/2-2025-11-26t103511_optimized.546-1.jpg 1067w, https:\/\/radiorevelacionfm.cl\/wp-content\/uploads\/2025\/11\/2-2025-11-26t103511_optimized.546-1-300x169.jpg 300w, https:\/\/radiorevelacionfm.cl\/wp-content\/uploads\/2025\/11\/2-2025-11-26t103511_optimized.546-1-1030x579.jpg 1030w, https:\/\/radiorevelacionfm.cl\/wp-content\/uploads\/2025\/11\/2-2025-11-26t103511_optimized.546-1-768x432.jpg 768w, https:\/\/radiorevelacionfm.cl\/wp-content\/uploads\/2025\/11\/2-2025-11-26t103511_optimized.546-1-705x396.jpg 705w, https:\/\/radiorevelacionfm.cl\/wp-content\/uploads\/2025\/11\/2-2025-11-26t103511_optimized.546-1-450x253.jpg 450w, https:\/\/radiorevelacionfm.cl\/wp-content\/uploads\/2025\/11\/2-2025-11-26t103511_optimized.546-1-600x337.jpg 600w\" sizes=\"(max-width: 1067px) 100vw, 1067px\" \/><\/div><\/div><\/div><\/div><div class=\"flex_column av_one_full  flex_column_div av-zero-column-padding first  avia-builder-el-2  el_after_av_one_full  el_before_av_one_full  column-top-margin\" style='border-radius:0px; '><section class=\"av_textblock_section \"  itemscope=\"itemscope\" itemtype=\"https:\/\/schema.org\/BlogPosting\" itemprop=\"blogPost\" ><div class='avia_textblock  '   itemprop=\"text\" ><p style=\"text-align: center;\"><strong><span style=\"font-size: 18pt;\">Escuela de Lenguaje Kalem alcanza nuevo logro medioambiental<\/span><\/strong><\/p>\n<div id=\"gtx-trans\" style=\"position: absolute; left: -50px; top: 4.31534px;\">\n<div class=\"gtx-trans-icon\"><\/div>\n<\/div>\n<\/div><\/section><\/div><div class=\"flex_column av_one_full  flex_column_div av-zero-column-padding first  avia-builder-el-4  el_after_av_one_full  el_before_av_hr  column-top-margin\" style='border-radius:0px; '><section class=\"av_textblock_section \"  itemscope=\"itemscope\" itemtype=\"https:\/\/schema.org\/BlogPosting\" itemprop=\"blogPost\" ><div class='avia_textblock  '   itemprop=\"text\" ><p style=\"text-align: justify;\">El Seremi del Medio Ambiente, Yoal D\u00edaz particip\u00f3 de la ceremonia de cierre del proyecto \u201cPeque\u00f1os Forjadores Ambientales en Acci\u00f3n\u201d, iniciativa adjudicada al Centro de Padres de la Escuela de Lenguaje Kalem de Puerto Ays\u00e9n, mediante el Fondo de Protecci\u00f3n Ambiental FPA, del ministerio del Medio Ambiente.<\/p>\n<p style=\"text-align: justify;\">\u201cVer la consecuci\u00f3n de un Fondo de Protecci\u00f3n Ambiental nos llena el alma, vemos c\u00f3mo este espacio se vuelve una nueva aula dentro de la escuela y toma relevancia para los procesos educativos, pero tambi\u00e9n c\u00f3mo eso puede irradiar a las familias (\u2026) la gesti\u00f3n y la acci\u00f3n ambiental que se realiza ac\u00e1 nos da esperanza\u201d, declar\u00f3 del Seremi, agradeciendo a la comunidad educativa por el compromiso con el proyecto de protecci\u00f3n ambiental.<\/p>\n<p style=\"text-align: justify;\">La iniciativa, propuesta por la comunidad educativa a trav\u00e9s de Centro de Padres, se origina en el contexto de la actual crisis ambiental y clim\u00e1tica, donde la educaci\u00f3n ambiental se posiciona como una herramienta fundamental para generar conciencia, promover cambios de comportamiento y fomentar una ciudadan\u00eda activa en la protecci\u00f3n del entorno. Bajo esta premisa, el proyecto adjudicado en el marco del concurso FPA Proyectos Sustentables en Establecimientos Educacionales 2025, apost\u00f3 por la construcci\u00f3n de un invernadero educativo tipo aula viva, la realizaci\u00f3n de talleres de cultivos en invernadero, capacitaciones sobre compostaje y reciclaje, actividades de cuenta cuentos ambientales, salidas pedag\u00f3gicas a entornos naturales, y el desarrollo de espacios para el intercambio de experiencias en educaci\u00f3n ambiental con otras comunidades escolares de la regi\u00f3n.<\/p>\n<p style=\"text-align: justify;\">La representante del Centro de Padres y Apoderados de la Escuela de Lenguaje Kalem, Paola Lineros, comparti\u00f3 su alegr\u00eda desde el nuevo invernadero \u201cAgradecer todo este proyecto y a todos los que han participado para lograr este espacio hermoso donde los ni\u00f1os hoy pueden trabajar la tierra, as\u00ed que muy agradecida de todos los que est\u00e1n detr\u00e1s de este proyecto\u201d.<\/p>\n<p style=\"text-align: justify;\">El proyecto, que cont\u00f3 con un financiamiento de $6.000.000 para su implementaci\u00f3n, involucr\u00f3 a toda la comunidad educativa de la Escuela Kalem \u2014certificada con nivel de excelencia en el Sistema Nacional de Certificaci\u00f3n Ambiental de Establecimientos Educacionales (SNCAE), poniendo un nuevo hito en una larga trayectoria de acci\u00f3n ambiental.<\/p>\n<p style=\"text-align: justify;\">Efectivamente, seg\u00fan explica el Educador Ambiental y Coordinador del proyecto, Andres Andrade, \u201cempezamos el a\u00f1o 2019 con esta iniciativa que era un sistema de recolecci\u00f3n de agua, tambi\u00e9n gracias a un FPA y la propuesta era recuperar el agua lluvia y transformarla en un bien valioso y nutrir nuestras plantas. Desde ese a\u00f1o esta escuelita en particular ha ido adquiriendo diferentes estrategias, tienen un sistema de cambio de luces m\u00e1s eficiente, despu\u00e9s incorporaron un punto limpio de reciclaje y compostaje y sellan hoy este ciclo con este invernadero de aula abierta\u201d.<\/p>\n<p style=\"text-align: justify;\">Finalmente la autoridad ambiental particip\u00f3 de una peque\u00f1a recepci\u00f3n, realizada con los productos cultivados en la escuela, oportunidad en la que volvi\u00f3 a felicitar a la comunidad educativa por este nuevo logro, que marca la pauta y destaca en la gesti\u00f3n ambiental de establecimientos educacionales de la regi\u00f3n de Ays\u00e9n.<\/p>\n<\/div><\/section><\/div><div  style='height:50px' class='hr hr-invisible   avia-builder-el-6  el_after_av_one_full  el_before_av_social_share '><span class='hr-inner ' ><span class='hr-inner-style'><\/span><\/span><\/div><\/p>\n<div  class='av-social-sharing-box  avia-builder-el-7  el_after_av_hr  el_before_av_hr  '><div class='av-share-box'><h5 class='av-share-link-description av-no-toc '>Compartir esta noticia<\/h5><ul class='av-share-box-list noLightbox'><li class='av-share-link av-social-link-facebook' ><a target=\"_blank\" aria-label=\"Compartir en Facebook\" href='https:\/\/www.facebook.com\/sharer.php?u=https:\/\/radiorevelacionfm.cl\/?p=61823&#038;t=Escuela%20de%20Lenguaje%20Kalem%20alcanza%20nuevo%20logro%20medioambiental' aria-hidden='false' data-av_icon='\ue8f3' data-av_iconfont='entypo-fontello' title='' data-avia-related-tooltip='Compartir en Facebook' rel=\"noopener\"><span class='avia_hidden_link_text'>Compartir en Facebook<\/span><\/a><\/li><li class='av-share-link av-social-link-twitter' ><a target=\"_blank\" aria-label=\"Compartir en Twitter\" href='https:\/\/twitter.com\/share?text=Escuela%20de%20Lenguaje%20Kalem%20alcanza%20nuevo%20logro%20medioambiental&#038;url=https:\/\/radiorevelacionfm.cl\/?p=61823' aria-hidden='false' data-av_icon='\ue8f1' data-av_iconfont='entypo-fontello' title='' data-avia-related-tooltip='Compartir en Twitter' rel=\"noopener\"><span class='avia_hidden_link_text'>Compartir en Twitter<\/span><\/a><\/li><li class='av-share-link av-social-link-whatsapp' ><a target=\"_blank\" aria-label=\"Compartir en Whatsapp\" href='https:\/\/api.whatsapp.com\/send?text=https:\/\/radiorevelacionfm.cl\/?p=61823' aria-hidden='false' data-av_icon='\uf232' data-av_iconfont='entypo-fontello' title='' data-avia-related-tooltip='Compartir en Whatsapp' rel=\"noopener\"><span class='avia_hidden_link_text'>Compartir en Whatsapp<\/span><\/a><\/li><li class='av-share-link av-social-link-linkedin' ><a target=\"_blank\" aria-label=\"Compartir en LinkedIn\" href='https:\/\/linkedin.com\/shareArticle?mini=true&#038;title=Escuela%20de%20Lenguaje%20Kalem%20alcanza%20nuevo%20logro%20medioambiental&#038;url=https:\/\/radiorevelacionfm.cl\/?p=61823' aria-hidden='false' data-av_icon='\ue8fc' data-av_iconfont='entypo-fontello' title='' data-avia-related-tooltip='Compartir en LinkedIn' rel=\"noopener\"><span class='avia_hidden_link_text'>Compartir en LinkedIn<\/span><\/a><\/li><li class='av-share-link av-social-link-mail' ><a  aria-label=\"Compartir por correo\" href='mailto:?subject=Escuela%20de%20Lenguaje%20Kalem%20alcanza%20nuevo%20logro%20medioambiental&#038;body=https:\/\/radiorevelacionfm.cl\/?p=61823' aria-hidden='false' data-av_icon='\ue805' data-av_iconfont='entypo-fontello' title='' data-avia-related-tooltip='Compartir por correo'><span class='avia_hidden_link_text'>Compartir por correo<\/span><\/a><\/li><\/ul><\/div><\/div>\n<div  style='height:50px' class='hr hr-invisible   avia-builder-el-8  el_after_av_social_share  el_before_av_comments_list '><span class='hr-inner ' ><span class='hr-inner-style'><\/span><\/span><\/div>\n<div  class='av-buildercomment  av-blog-meta-html-info-disabled av-blog-meta-tag-disabled  '><\/div>\n","protected":false},"excerpt":{"rendered":"","protected":false},"author":1,"featured_media":61824,"comment_status":"closed","ping_status":"closed","sticky":false,"template":"","format":"standard","meta":{"footnotes":""},"categories":[39],"tags":[],"class_list":["post-61823","post","type-post","status-publish","format-standard","has-post-thumbnail","hentry","category-medio-ambiente"],"jetpack_featured_media_url":"https:\/\/radiorevelacionfm.cl\/wp-content\/uploads\/2025\/11\/2-2025-11-26t103511_optimized.546-1.jpg","_links":{"self":[{"href":"https:\/\/radiorevelacionfm.cl\/index.php?rest_route=\/wp\/v2\/posts\/61823","targetHints":{"allow":["GET"]}}],"collection":[{"href":"https:\/\/radiorevelacionfm.cl\/index.php?rest_route=\/wp\/v2\/posts"}],"about":[{"href":"https:\/\/radiorevelacionfm.cl\/index.php?rest_route=\/wp\/v2\/types\/post"}],"author":[{"embeddable":true,"href":"https:\/\/radiorevelacionfm.cl\/index.php?rest_route=\/wp\/v2\/users\/1"}],"replies":[{"embeddable":true,"href":"https:\/\/radiorevelacionfm.cl\/index.php?rest_route=%2Fwp%2Fv2%2Fcomments&post=61823"}],"version-history":[{"count":2,"href":"https:\/\/radiorevelacionfm.cl\/index.php?rest_route=\/wp\/v2\/posts\/61823\/revisions"}],"predecessor-version":[{"id":61829,"href":"https:\/\/radiorevelacionfm.cl\/index.php?rest_route=\/wp\/v2\/posts\/61823\/revisions\/61829"}],"wp:featuredmedia":[{"embeddable":true,"href":"https:\/\/radiorevelacionfm.cl\/index.php?rest_route=\/wp\/v2\/media\/61824"}],"wp:attachment":[{"href":"https:\/\/radiorevelacionfm.cl\/index.php?rest_route=%2Fwp%2Fv2%2Fmedia&parent=61823"}],"wp:term":[{"taxonomy":"category","embeddable":true,"href":"https:\/\/radiorevelacionfm.cl\/index.php?rest_route=%2Fwp%2Fv2%2Fcategories&post=61823"},{"taxonomy":"post_tag","embeddable":true,"href":"https:\/\/radiorevelacionfm.cl\/index.php?rest_route=%2Fwp%2Fv2%2Ftags&post=61823"}],"curies":[{"name":"wp","href":"https:\/\/api.w.org\/{rel}","templated":true}]}}