{"id":6182,"date":"2021-07-12T14:46:47","date_gmt":"2021-07-12T17:46:47","guid":{"rendered":"https:\/\/radiorevelacionfm.cl\/?p=6182"},"modified":"2021-07-12T14:46:47","modified_gmt":"2021-07-12T17:46:47","slug":"corte-de-coyhaique-confirma-fallo-que-condeno-a-10-anos-y-un-dia-de-presidio-a-autor-de-homicidio","status":"publish","type":"post","link":"https:\/\/radiorevelacionfm.cl\/?p=6182","title":{"rendered":"Corte de Coyhaique confirma fallo que conden\u00f3 a 10 a\u00f1os y un d\u00eda de presidio a autor de homicidio"},"content":{"rendered":"<div class=\"flex_column av_one_full  flex_column_div av-zero-column-padding first  avia-builder-el-0  el_before_av_one_full  avia-builder-el-first  \" style='border-radius:0px; '><div  class='avia-image-container  av-styling-    avia-builder-el-1  avia-builder-el-no-sibling  avia-align-center '  itemprop=\"image\" itemscope=\"itemscope\" itemtype=\"https:\/\/schema.org\/ImageObject\"  ><div class='avia-image-container-inner'><div class='avia-image-overlay-wrap'><img decoding=\"async\" class='wp-image-4843 avia-img-lazy-loading-not-4843 avia_image' src=\"https:\/\/radiorevelacionfm.cl\/wp-content\/uploads\/2021\/06\/foto-corte-apelaciones-1-1-1.jpg\" alt='' title='foto corte apelaciones (1) (1) (1)' height=\"600\" width=\"945\"  itemprop=\"thumbnailUrl\" srcset=\"https:\/\/radiorevelacionfm.cl\/wp-content\/uploads\/2021\/06\/foto-corte-apelaciones-1-1-1.jpg 945w, https:\/\/radiorevelacionfm.cl\/wp-content\/uploads\/2021\/06\/foto-corte-apelaciones-1-1-1-300x190.jpg 300w, https:\/\/radiorevelacionfm.cl\/wp-content\/uploads\/2021\/06\/foto-corte-apelaciones-1-1-1-768x488.jpg 768w, https:\/\/radiorevelacionfm.cl\/wp-content\/uploads\/2021\/06\/foto-corte-apelaciones-1-1-1-705x448.jpg 705w, https:\/\/radiorevelacionfm.cl\/wp-content\/uploads\/2021\/06\/foto-corte-apelaciones-1-1-1-600x381.jpg 600w\" sizes=\"(max-width: 945px) 100vw, 945px\" \/><\/div><\/div><\/div><\/div><div class=\"flex_column av_one_full  flex_column_div av-zero-column-padding first  avia-builder-el-2  el_after_av_one_full  el_before_av_one_full  column-top-margin\" style='border-radius:0px; '><section class=\"av_textblock_section \"  itemscope=\"itemscope\" itemtype=\"https:\/\/schema.org\/BlogPosting\" itemprop=\"blogPost\" ><div class='avia_textblock  '   itemprop=\"text\" ><p style=\"text-align: center;\"><strong><span style=\"font-size: 18pt;\"> Corte de Coyhaique confirma fallo que conden\u00f3 a 10 a\u00f1os y un d\u00eda de presidio a autor de homicidio<\/span><\/strong><\/p>\n<div id=\"gtx-trans\" style=\"position: absolute; left: -50px; top: 4.31534px;\">\n<div class=\"gtx-trans-icon\"><\/div>\n<\/div>\n<\/div><\/section><\/div><div class=\"flex_column av_one_full  flex_column_div av-zero-column-padding first  avia-builder-el-4  el_after_av_one_full  el_before_av_hr  column-top-margin\" style='border-radius:0px; '><section class=\"av_textblock_section \"  itemscope=\"itemscope\" itemtype=\"https:\/\/schema.org\/BlogPosting\" itemprop=\"blogPost\" ><div class='avia_textblock  '   itemprop=\"text\" ><p style=\"font-weight: 400; text-align: justify;\">La Corte de Apelaciones de Coyhaique confirm\u00f3 la sentencia que conden\u00f3 a H\u00e9ctor Felipe Cort\u00e9s Llautureo a la pena efectiva de 10 a\u00f1os y un d\u00eda de presidio, en calidad de autor del delito consumado de homicidio simple. Il\u00edcito perpetrado en junio del a\u00f1o pasado, en la localidad de El Blanco.<\/p>\n<p style=\"font-weight: 400; text-align: justify;\">En fallo un\u00e1nime (causa rol 150-2021), la Primera Sala del tribunal de alzada \u2013integrada por los ministros Natalia Rencoret, Sergio Mora, Pedro Castro y Jos\u00e9 Ignacio Mora\u2013 descart\u00f3 error de derecho en la sentencia impugnada, dictada por el Tribunal de Juicio Oral en lo Penal de Coyhaique.<\/p>\n<p style=\"font-weight: 400; text-align: justify;\">\u201cEn consecuencia, no cabe sino concluir que el Tribunal, al sancionar al acusado por un delito de homicidio simple, tipificado y sancionado en el art\u00edculo 391 N\u00b0 2 del C\u00f3digo Penal, teniendo en consideraci\u00f3n para ello la forma y circunstancias en que ocurrieron los hechos y participaci\u00f3n que en el mismo se atribuy\u00f3 al acusado, aplicaron en forma correcta el derecho penal vigente sin que ello haya influido sustancialmente en lo dispositivo del fallo, por lo que el recurso de nulidad deducido por la causal indicada, debe ser rechazado\u201d, afirma el fallo.<\/p>\n<p style=\"font-weight: 400; text-align: justify;\">Por tanto, se resuelve que: \u201c<strong>SE RECHAZA<\/strong>, sin costas, el recurso de nulidad, por la causal del art\u00edculo 374 letra e), en relaci\u00f3n con el art\u00edculo 342 letra c), y 297, todos del C\u00f3digo Procesal Penal, y en forma subsidiaria por el art\u00edculo 373 letra b) del mismo cuerpo legal, en contra de la sentencia definitiva de fecha 18 de enero de 2021, del Tribunal de Juicio Oral en lo Penal de Coyhaique, por la cual se conden\u00f3, sin costas, a H\u00e9ctor Felipe Cort\u00e9s Llautureo, a la pena de 10 a\u00f1os y un d\u00eda de presidio mayor en su grado medio; accesorias de inhabilitaci\u00f3n absoluta perpetua para cargos y oficios p\u00fablicos y de derechos pol\u00edticos y la de inhabilitaci\u00f3n absoluta para profesiones titulares durante el tiempo de la condena, por su responsabilidad en calidad de autor del delito de homicidio simple en contra de Jorge Rodrigo Puchi Igor, en grado de consumado, cometido el d\u00eda 2 de junio de 2020, en la localidad de El Blanco, comuna de Coyhaique, sin beneficios de la Ley N\u00b0 18.216, y con los abonos que en la misma se le reconocen y, en consecuencia, el juicio oral llevado a cabo y la sentencia que recay\u00f3 en el mismo, no son nulos\u201d.<\/p>\n<\/div><\/section><\/div><div  style='height:50px' class='hr hr-invisible   avia-builder-el-6  el_after_av_one_full  el_before_av_social_share '><span class='hr-inner ' ><span class='hr-inner-style'><\/span><\/span><\/div><\/p>\n<div  class='av-social-sharing-box  avia-builder-el-7  el_after_av_hr  el_before_av_hr  '><div class='av-share-box'><h5 class='av-share-link-description av-no-toc '>Compartir esta noticia<\/h5><ul class='av-share-box-list noLightbox'><li class='av-share-link av-social-link-facebook' ><a target=\"_blank\" aria-label=\"Compartir en Facebook\" href='https:\/\/www.facebook.com\/sharer.php?u=https:\/\/radiorevelacionfm.cl\/?p=6182&#038;t=Corte%20de%20Coyhaique%20confirma%20fallo%20que%20conden%C3%B3%20a%2010%20a%C3%B1os%20y%20un%20d%C3%ADa%20de%20presidio%20a%20autor%20de%20homicidio' aria-hidden='false' data-av_icon='\ue8f3' data-av_iconfont='entypo-fontello' title='' data-avia-related-tooltip='Compartir en Facebook' rel=\"noopener\"><span class='avia_hidden_link_text'>Compartir en Facebook<\/span><\/a><\/li><li class='av-share-link av-social-link-twitter' ><a target=\"_blank\" aria-label=\"Compartir en Twitter\" href='https:\/\/twitter.com\/share?text=Corte%20de%20Coyhaique%20confirma%20fallo%20que%20conden%C3%B3%20a%2010%20a%C3%B1os%20y%20un%20d%C3%ADa%20de%20presidio%20a%20autor%20de%20homicidio&#038;url=https:\/\/radiorevelacionfm.cl\/?p=6182' aria-hidden='false' data-av_icon='\ue8f1' data-av_iconfont='entypo-fontello' title='' data-avia-related-tooltip='Compartir en Twitter' rel=\"noopener\"><span class='avia_hidden_link_text'>Compartir en Twitter<\/span><\/a><\/li><li class='av-share-link av-social-link-whatsapp' ><a target=\"_blank\" aria-label=\"Compartir en Whatsapp\" href='https:\/\/api.whatsapp.com\/send?text=https:\/\/radiorevelacionfm.cl\/?p=6182' aria-hidden='false' data-av_icon='\uf232' data-av_iconfont='entypo-fontello' title='' data-avia-related-tooltip='Compartir en Whatsapp' rel=\"noopener\"><span class='avia_hidden_link_text'>Compartir en Whatsapp<\/span><\/a><\/li><li class='av-share-link av-social-link-linkedin' ><a target=\"_blank\" aria-label=\"Compartir en LinkedIn\" href='https:\/\/linkedin.com\/shareArticle?mini=true&#038;title=Corte%20de%20Coyhaique%20confirma%20fallo%20que%20conden%C3%B3%20a%2010%20a%C3%B1os%20y%20un%20d%C3%ADa%20de%20presidio%20a%20autor%20de%20homicidio&#038;url=https:\/\/radiorevelacionfm.cl\/?p=6182' aria-hidden='false' data-av_icon='\ue8fc' data-av_iconfont='entypo-fontello' title='' data-avia-related-tooltip='Compartir en LinkedIn' rel=\"noopener\"><span class='avia_hidden_link_text'>Compartir en LinkedIn<\/span><\/a><\/li><li class='av-share-link av-social-link-mail' ><a  aria-label=\"Compartir por correo\" href='mailto:?subject=Corte%20de%20Coyhaique%20confirma%20fallo%20que%20conden%C3%B3%20a%2010%20a%C3%B1os%20y%20un%20d%C3%ADa%20de%20presidio%20a%20autor%20de%20homicidio&#038;body=https:\/\/radiorevelacionfm.cl\/?p=6182' aria-hidden='false' data-av_icon='\ue805' data-av_iconfont='entypo-fontello' title='' data-avia-related-tooltip='Compartir por correo'><span class='avia_hidden_link_text'>Compartir por correo<\/span><\/a><\/li><\/ul><\/div><\/div>\n<div  style='height:50px' class='hr hr-invisible   avia-builder-el-8  el_after_av_social_share  el_before_av_comments_list '><span class='hr-inner ' ><span class='hr-inner-style'><\/span><\/span><\/div>\n<div  class='av-buildercomment  av-blog-meta-html-info-disabled av-blog-meta-tag-disabled  '><\/div>\n","protected":false},"excerpt":{"rendered":"","protected":false},"author":1,"featured_media":4843,"comment_status":"open","ping_status":"open","sticky":false,"template":"","format":"standard","meta":{"footnotes":""},"categories":[55],"tags":[],"class_list":["post-6182","post","type-post","status-publish","format-standard","has-post-thumbnail","hentry","category-justicia"],"jetpack_featured_media_url":"https:\/\/radiorevelacionfm.cl\/wp-content\/uploads\/2021\/06\/foto-corte-apelaciones-1-1-1.jpg","_links":{"self":[{"href":"https:\/\/radiorevelacionfm.cl\/index.php?rest_route=\/wp\/v2\/posts\/6182","targetHints":{"allow":["GET"]}}],"collection":[{"href":"https:\/\/radiorevelacionfm.cl\/index.php?rest_route=\/wp\/v2\/posts"}],"about":[{"href":"https:\/\/radiorevelacionfm.cl\/index.php?rest_route=\/wp\/v2\/types\/post"}],"author":[{"embeddable":true,"href":"https:\/\/radiorevelacionfm.cl\/index.php?rest_route=\/wp\/v2\/users\/1"}],"replies":[{"embeddable":true,"href":"https:\/\/radiorevelacionfm.cl\/index.php?rest_route=%2Fwp%2Fv2%2Fcomments&post=6182"}],"version-history":[{"count":1,"href":"https:\/\/radiorevelacionfm.cl\/index.php?rest_route=\/wp\/v2\/posts\/6182\/revisions"}],"predecessor-version":[{"id":6183,"href":"https:\/\/radiorevelacionfm.cl\/index.php?rest_route=\/wp\/v2\/posts\/6182\/revisions\/6183"}],"wp:featuredmedia":[{"embeddable":true,"href":"https:\/\/radiorevelacionfm.cl\/index.php?rest_route=\/wp\/v2\/media\/4843"}],"wp:attachment":[{"href":"https:\/\/radiorevelacionfm.cl\/index.php?rest_route=%2Fwp%2Fv2%2Fmedia&parent=6182"}],"wp:term":[{"taxonomy":"category","embeddable":true,"href":"https:\/\/radiorevelacionfm.cl\/index.php?rest_route=%2Fwp%2Fv2%2Fcategories&post=6182"},{"taxonomy":"post_tag","embeddable":true,"href":"https:\/\/radiorevelacionfm.cl\/index.php?rest_route=%2Fwp%2Fv2%2Ftags&post=6182"}],"curies":[{"name":"wp","href":"https:\/\/api.w.org\/{rel}","templated":true}]}}