{"id":61819,"date":"2025-11-26T10:30:26","date_gmt":"2025-11-26T13:30:26","guid":{"rendered":"https:\/\/radiorevelacionfm.cl\/?p=61819"},"modified":"2025-11-26T10:30:26","modified_gmt":"2025-11-26T13:30:26","slug":"incubadora-ecoterraneo-de-aysen-triunfa-en-el-reverse-pitch-etm-2025-y-se-consagra-como-referente-en-innovacion-sostenible","status":"publish","type":"post","link":"https:\/\/radiorevelacionfm.cl\/?p=61819","title":{"rendered":"Incubadora Ecoterr\u00e1neo de Ays\u00e9n triunfa en el Reverse Pitch ETM 2025 y se consagra como referente en innovaci\u00f3n sostenible"},"content":{"rendered":"<div class=\"flex_column av_one_full  flex_column_div av-zero-column-padding first  avia-builder-el-0  el_before_av_one_full  avia-builder-el-first  \" style='border-radius:0px; '><div  class='avia-image-container  av-styling-    avia-builder-el-1  avia-builder-el-no-sibling  avia-align-center '  itemprop=\"image\" itemscope=\"itemscope\" itemtype=\"https:\/\/schema.org\/ImageObject\"  ><div class='avia-image-container-inner'><div class='avia-image-overlay-wrap'><img decoding=\"async\" class='wp-image-61820 avia-img-lazy-loading-not-61820 avia_image' src=\"https:\/\/radiorevelacionfm.cl\/wp-content\/uploads\/2025\/11\/ECOTERRANEO-EN-ETM2025-1-1.jpg\" alt='' title='ECOTERRANEO EN ETM2025 (1) (1)' height=\"600\" width=\"901\"  itemprop=\"thumbnailUrl\" srcset=\"https:\/\/radiorevelacionfm.cl\/wp-content\/uploads\/2025\/11\/ECOTERRANEO-EN-ETM2025-1-1.jpg 901w, https:\/\/radiorevelacionfm.cl\/wp-content\/uploads\/2025\/11\/ECOTERRANEO-EN-ETM2025-1-1-300x200.jpg 300w, https:\/\/radiorevelacionfm.cl\/wp-content\/uploads\/2025\/11\/ECOTERRANEO-EN-ETM2025-1-1-768x511.jpg 768w, https:\/\/radiorevelacionfm.cl\/wp-content\/uploads\/2025\/11\/ECOTERRANEO-EN-ETM2025-1-1-705x469.jpg 705w, https:\/\/radiorevelacionfm.cl\/wp-content\/uploads\/2025\/11\/ECOTERRANEO-EN-ETM2025-1-1-450x300.jpg 450w, https:\/\/radiorevelacionfm.cl\/wp-content\/uploads\/2025\/11\/ECOTERRANEO-EN-ETM2025-1-1-600x400.jpg 600w\" sizes=\"(max-width: 901px) 100vw, 901px\" \/><\/div><\/div><\/div><\/div><div class=\"flex_column av_one_full  flex_column_div av-zero-column-padding first  avia-builder-el-2  el_after_av_one_full  el_before_av_one_full  column-top-margin\" style='border-radius:0px; '><section class=\"av_textblock_section \"  itemscope=\"itemscope\" itemtype=\"https:\/\/schema.org\/BlogPosting\" itemprop=\"blogPost\" ><div class='avia_textblock  '   itemprop=\"text\" ><p style=\"text-align: center;\"><strong><span style=\"font-size: 18pt;\">Incubadora Ecoterr\u00e1neo de Ays\u00e9n triunfa en el Reverse Pitch ETM 2025 y se consagra como referente en innovaci\u00f3n sostenible<\/span><\/strong><\/p>\n<div id=\"gtx-trans\" style=\"position: absolute; left: -50px; top: 4.31534px;\">\n<div class=\"gtx-trans-icon\"><\/div>\n<\/div>\n<\/div><\/section><\/div><div class=\"flex_column av_one_full  flex_column_div av-zero-column-padding first  avia-builder-el-4  el_after_av_one_full  el_before_av_hr  column-top-margin\" style='border-radius:0px; '><section class=\"av_textblock_section \"  itemscope=\"itemscope\" itemtype=\"https:\/\/schema.org\/BlogPosting\" itemprop=\"blogPost\" ><div class='avia_textblock  '   itemprop=\"text\" ><p style=\"text-align: justify;\">El ETM Day se transform\u00f3 en el evento fundamental para la promoci\u00f3n de la innovaci\u00f3n, reuniendo a emprendedores, empresas, inversionistas y expertos de diversas \u00e1reas en un c\u00f3nclave de colaboraci\u00f3n e intercambio de ideas con visi\u00f3n de futuro para impulsar el desarrollo de soluciones creativas para los diversos desaf\u00edos actuales, facilitando la creaci\u00f3n de alianzas estrat\u00e9gicas y el robustecimiento de los ecosistemas de la innovaci\u00f3n en diversos territorios.<\/p>\n<p style=\"text-align: justify;\">El evento se desarroll\u00f3 entre el 20 y el 22 de noviembre en el Parque Bicentenario de Vitacura, donde la multiplicidad de ideas presentadas se convirtieron en acci\u00f3n. Uno de los participantes destacados fue la Incubadora Ecoterr\u00e1neo de la Regi\u00f3n de Ays\u00e9n, quienes resultaron ganadores del Reverse Pitch en ETM 2025.\u00a0Esta incubadora forma parte de las acciones innovadoras y de diversificaci\u00f3n que impulsa GEOGAMA,\u00a0<strong>\u00a0<\/strong>Empresa\u00a0Cient\u00edfica de Base Tecnol\u00f3gica\u00a0especialista en el desarrollo de modelos oceanogr\u00e1ficos, biogeoqu\u00edmicos\u00a0y que estudia los ecosistemas marinos, con experiencia superior a 15 a\u00f1os de desarrollo de proyectos para empresas extranjeras y chilenas, donde\u00a0la\u00a0colaboraci\u00f3n y el\u00a0compromiso\u00a0son parte de su cultura corporativa.<\/p>\n<p style=\"text-align: justify;\">En este contexto el CEO de\u00a0GEOGAMA\u00a0Christian Haeger puso sobre relieve la importancia del trabajo serio, colaborativo y de cara a la comunidad de Ays\u00e9n;\u00a0<em>\u201cPara GEOGAMA este reconocimiento reafirma el compromiso que hemos mantenido con nuestra comunidad desde hace a\u00f1os. Ecoterr\u00e1neo naci\u00f3 precisamente desde GEOGAMA como respuesta concreta a ese compromiso: una iniciativa creada desde el territorio, pensada para aportar\u00a0<\/em>a la Regi\u00f3n de Ays\u00e9n<strong><em>\u00a0<\/em><\/strong><em>y desarrollada con dedicaci\u00f3n, transparencia y profundo respeto por quienes la habitan. Lo ocurrido en ETM 2025 demuestra que cuando las empresas trabajamos de manera colaborativa y con prop\u00f3sito, podemos impulsar la <\/em><em>innovaci\u00f3n\u00a0y proyectar nuestra\u00a0regi\u00f3n con su\u00a0enorme y\u00a0diverso\u00a0laboratorio\u00a0natural\u00a0hacia nuevas oportunidades\u201d.<\/em><\/p>\n<p style=\"text-align: justify;\">En el contexto del ETM que es adem\u00e1s, el encuentro m\u00e1s grande de Latinoam\u00e9rica en torno a la innovaci\u00f3n y el emprendimiento, la empresa Glocal organiz\u00f3 en el escenario principal el Reverse Pitch, que reuni\u00f3 a 6 representantes de diversos ecosistemas del emprendimiento y la innovaci\u00f3n desde la Regi\u00f3n del Biob\u00edo, hasta Magallanes para presentar ante un jurado especializado el potencial de las regiones del sur de Chile en relaci\u00f3n al desarrollo de la innovaci\u00f3n, tecnolog\u00edas, oportunidades y desaf\u00edos, con el fin de atraer a los inversionistas presentes para que focalicen su inter\u00e9s en los territorios del sur. En este contexto y como speaker representante de la Incubadora Ecoterr\u00e1neo, la Gerenta Marcela Vidal relat\u00f3 en 3 minutos las potencialidades de Ays\u00e9n, resultando el Pitch ganador en el ETM 2025, lo que sin duda consagra a Ecoterr\u00e1neo como un referente indiscutido en innovaci\u00f3n sostenible. Al respecto Marcela Vidal destac\u00f3 que; <em>\u201cParticipar en el Reverse Pitch ETM 2025 fue una experiencia profundamente enriquecedora. Agradezco la invitaci\u00f3n y la oportunidad de visibilizar el enorme potencial que existe en Ays\u00e9n. Desde Ecoterr\u00e1neo hemos trabajado fuertemente para impulsar la innovaci\u00f3n con impacto real, acompa\u00f1ando a emprendedores de toda la regi\u00f3n y este logro viene a reconocer ese camino que hemos construido junto a ellos. Adem\u00e1s, fue una instancia muy valiosa para conectar y vincularnos con otras regiones. En Ays\u00e9n tenemos un talento y un potencial enorme, y cuando se abre un espacio para mostrarlo, queda claro que desde el extremo sur tambi\u00e9n estamos contribuyendo al desarrollo y la innovaci\u00f3n que Chile necesita.\u201d<\/em><\/p>\n<p style=\"text-align: justify;\">En conclusi\u00f3n, el ETM Day 2025 fue una verdadera celebraci\u00f3n de la innovaci\u00f3n, el emprendimiento y el compromiso de los inversionistas con el desarrollo sostenible de nuestro pa\u00eds. Que la Regi\u00f3n de Ays\u00e9n, a trav\u00e9s de Ecoterr\u00e1neo, haya resultado ganadora este a\u00f1o, es un claro reflejo del talento y la capacidad transformadora que existen en todas las regiones de Chile, pero en particular en Ays\u00e9n Patagonia. Este logro no solo destaca el potencial de Ays\u00e9n como polo de innovaci\u00f3n, sino que tambi\u00e9n inspira a otros emprendedores a atreverse, a so\u00f1ar en grande y a demostrar que desde cualquier rinc\u00f3n del pa\u00eds se pueden generar soluciones de impacto global.<\/p>\n<\/div><\/section><\/div><div  style='height:50px' class='hr hr-invisible   avia-builder-el-6  el_after_av_one_full  el_before_av_social_share '><span class='hr-inner ' ><span class='hr-inner-style'><\/span><\/span><\/div><\/p>\n<div  class='av-social-sharing-box  avia-builder-el-7  el_after_av_hr  el_before_av_hr  '><div class='av-share-box'><h5 class='av-share-link-description av-no-toc '>Compartir esta noticia<\/h5><ul class='av-share-box-list noLightbox'><li class='av-share-link av-social-link-facebook' ><a target=\"_blank\" aria-label=\"Compartir en Facebook\" href='https:\/\/www.facebook.com\/sharer.php?u=https:\/\/radiorevelacionfm.cl\/?p=61819&#038;t=Incubadora%20Ecoterr%C3%A1neo%20de%20Ays%C3%A9n%20triunfa%20en%20el%20Reverse%20Pitch%20ETM%202025%20y%20se%20consagra%20como%20referente%20en%20innovaci%C3%B3n%20sostenible' aria-hidden='false' data-av_icon='\ue8f3' data-av_iconfont='entypo-fontello' title='' data-avia-related-tooltip='Compartir en Facebook' rel=\"noopener\"><span class='avia_hidden_link_text'>Compartir en Facebook<\/span><\/a><\/li><li class='av-share-link av-social-link-twitter' ><a target=\"_blank\" aria-label=\"Compartir en Twitter\" href='https:\/\/twitter.com\/share?text=Incubadora%20Ecoterr%C3%A1neo%20de%20Ays%C3%A9n%20triunfa%20en%20el%20Reverse%20Pitch%20ETM%202025%20y%20se%20consagra%20como%20referente%20en%20innovaci%C3%B3n%20sostenible&#038;url=https:\/\/radiorevelacionfm.cl\/?p=61819' aria-hidden='false' data-av_icon='\ue8f1' data-av_iconfont='entypo-fontello' title='' data-avia-related-tooltip='Compartir en Twitter' rel=\"noopener\"><span class='avia_hidden_link_text'>Compartir en Twitter<\/span><\/a><\/li><li class='av-share-link av-social-link-whatsapp' ><a target=\"_blank\" aria-label=\"Compartir en Whatsapp\" href='https:\/\/api.whatsapp.com\/send?text=https:\/\/radiorevelacionfm.cl\/?p=61819' aria-hidden='false' data-av_icon='\uf232' data-av_iconfont='entypo-fontello' title='' data-avia-related-tooltip='Compartir en Whatsapp' rel=\"noopener\"><span class='avia_hidden_link_text'>Compartir en Whatsapp<\/span><\/a><\/li><li class='av-share-link av-social-link-linkedin' ><a target=\"_blank\" aria-label=\"Compartir en LinkedIn\" href='https:\/\/linkedin.com\/shareArticle?mini=true&#038;title=Incubadora%20Ecoterr%C3%A1neo%20de%20Ays%C3%A9n%20triunfa%20en%20el%20Reverse%20Pitch%20ETM%202025%20y%20se%20consagra%20como%20referente%20en%20innovaci%C3%B3n%20sostenible&#038;url=https:\/\/radiorevelacionfm.cl\/?p=61819' aria-hidden='false' data-av_icon='\ue8fc' data-av_iconfont='entypo-fontello' title='' data-avia-related-tooltip='Compartir en LinkedIn' rel=\"noopener\"><span class='avia_hidden_link_text'>Compartir en LinkedIn<\/span><\/a><\/li><li class='av-share-link av-social-link-mail' ><a  aria-label=\"Compartir por correo\" href='mailto:?subject=Incubadora%20Ecoterr%C3%A1neo%20de%20Ays%C3%A9n%20triunfa%20en%20el%20Reverse%20Pitch%20ETM%202025%20y%20se%20consagra%20como%20referente%20en%20innovaci%C3%B3n%20sostenible&#038;body=https:\/\/radiorevelacionfm.cl\/?p=61819' aria-hidden='false' data-av_icon='\ue805' data-av_iconfont='entypo-fontello' title='' data-avia-related-tooltip='Compartir por correo'><span class='avia_hidden_link_text'>Compartir por correo<\/span><\/a><\/li><\/ul><\/div><\/div>\n<div  style='height:50px' class='hr hr-invisible   avia-builder-el-8  el_after_av_social_share  el_before_av_comments_list '><span class='hr-inner ' ><span class='hr-inner-style'><\/span><\/span><\/div>\n<div  class='av-buildercomment  av-blog-meta-html-info-disabled av-blog-meta-tag-disabled  '><\/div>\n","protected":false},"excerpt":{"rendered":"","protected":false},"author":1,"featured_media":61820,"comment_status":"closed","ping_status":"closed","sticky":false,"template":"","format":"standard","meta":{"footnotes":""},"categories":[38],"tags":[],"class_list":["post-61819","post","type-post","status-publish","format-standard","has-post-thumbnail","hentry","category-regional"],"jetpack_featured_media_url":"https:\/\/radiorevelacionfm.cl\/wp-content\/uploads\/2025\/11\/ECOTERRANEO-EN-ETM2025-1-1.jpg","_links":{"self":[{"href":"https:\/\/radiorevelacionfm.cl\/index.php?rest_route=\/wp\/v2\/posts\/61819","targetHints":{"allow":["GET"]}}],"collection":[{"href":"https:\/\/radiorevelacionfm.cl\/index.php?rest_route=\/wp\/v2\/posts"}],"about":[{"href":"https:\/\/radiorevelacionfm.cl\/index.php?rest_route=\/wp\/v2\/types\/post"}],"author":[{"embeddable":true,"href":"https:\/\/radiorevelacionfm.cl\/index.php?rest_route=\/wp\/v2\/users\/1"}],"replies":[{"embeddable":true,"href":"https:\/\/radiorevelacionfm.cl\/index.php?rest_route=%2Fwp%2Fv2%2Fcomments&post=61819"}],"version-history":[{"count":2,"href":"https:\/\/radiorevelacionfm.cl\/index.php?rest_route=\/wp\/v2\/posts\/61819\/revisions"}],"predecessor-version":[{"id":61822,"href":"https:\/\/radiorevelacionfm.cl\/index.php?rest_route=\/wp\/v2\/posts\/61819\/revisions\/61822"}],"wp:featuredmedia":[{"embeddable":true,"href":"https:\/\/radiorevelacionfm.cl\/index.php?rest_route=\/wp\/v2\/media\/61820"}],"wp:attachment":[{"href":"https:\/\/radiorevelacionfm.cl\/index.php?rest_route=%2Fwp%2Fv2%2Fmedia&parent=61819"}],"wp:term":[{"taxonomy":"category","embeddable":true,"href":"https:\/\/radiorevelacionfm.cl\/index.php?rest_route=%2Fwp%2Fv2%2Fcategories&post=61819"},{"taxonomy":"post_tag","embeddable":true,"href":"https:\/\/radiorevelacionfm.cl\/index.php?rest_route=%2Fwp%2Fv2%2Ftags&post=61819"}],"curies":[{"name":"wp","href":"https:\/\/api.w.org\/{rel}","templated":true}]}}