{"id":61813,"date":"2025-11-26T10:20:10","date_gmt":"2025-11-26T13:20:10","guid":{"rendered":"https:\/\/radiorevelacionfm.cl\/?p=61813"},"modified":"2025-11-26T10:45:13","modified_gmt":"2025-11-26T13:45:13","slug":"certifican-a-estudiantes-de-chile-chico-en-diversas-especialidades-de-electricidad","status":"publish","type":"post","link":"https:\/\/radiorevelacionfm.cl\/?p=61813","title":{"rendered":"Certifican a estudiantes de Chile Chico en diversas especialidades de electricidad"},"content":{"rendered":"<div class=\"flex_column av_one_full  flex_column_div av-zero-column-padding first  avia-builder-el-0  el_before_av_one_full  avia-builder-el-first  \" style='border-radius:0px; '><div  class='avia-image-container  av-styling-    avia-builder-el-1  avia-builder-el-no-sibling  avia-align-center '  itemprop=\"image\" itemscope=\"itemscope\" itemtype=\"https:\/\/schema.org\/ImageObject\"  ><div class='avia-image-container-inner'><div class='avia-image-overlay-wrap'><img decoding=\"async\" class='wp-image-61827 avia-img-lazy-loading-not-61827 avia_image' src=\"https:\/\/radiorevelacionfm.cl\/wp-content\/uploads\/2025\/11\/589158831_1438609978264892_2747202229704402512_n-1-1.jpg\" alt='' title='589158831_1438609978264892_2747202229704402512_n (1) (1)' height=\"600\" width=\"937\"  itemprop=\"thumbnailUrl\" srcset=\"https:\/\/radiorevelacionfm.cl\/wp-content\/uploads\/2025\/11\/589158831_1438609978264892_2747202229704402512_n-1-1.jpg 937w, https:\/\/radiorevelacionfm.cl\/wp-content\/uploads\/2025\/11\/589158831_1438609978264892_2747202229704402512_n-1-1-300x192.jpg 300w, https:\/\/radiorevelacionfm.cl\/wp-content\/uploads\/2025\/11\/589158831_1438609978264892_2747202229704402512_n-1-1-768x492.jpg 768w, https:\/\/radiorevelacionfm.cl\/wp-content\/uploads\/2025\/11\/589158831_1438609978264892_2747202229704402512_n-1-1-705x451.jpg 705w, https:\/\/radiorevelacionfm.cl\/wp-content\/uploads\/2025\/11\/589158831_1438609978264892_2747202229704402512_n-1-1-450x288.jpg 450w, https:\/\/radiorevelacionfm.cl\/wp-content\/uploads\/2025\/11\/589158831_1438609978264892_2747202229704402512_n-1-1-600x384.jpg 600w\" sizes=\"(max-width: 937px) 100vw, 937px\" \/><\/div><\/div><\/div><\/div><div class=\"flex_column av_one_full  flex_column_div av-zero-column-padding first  avia-builder-el-2  el_after_av_one_full  el_before_av_one_full  column-top-margin\" style='border-radius:0px; '><section class=\"av_textblock_section \"  itemscope=\"itemscope\" itemtype=\"https:\/\/schema.org\/BlogPosting\" itemprop=\"blogPost\" ><div class='avia_textblock  '   itemprop=\"text\" ><p style=\"text-align: center;\"><strong><span style=\"font-size: 18pt;\">Certifican a estudiantes de Chile Chico en diversas especialidades de electricidad <\/span><\/strong><\/p>\n<div id=\"gtx-trans\" style=\"position: absolute; left: -50px; top: 4.31534px;\">\n<div class=\"gtx-trans-icon\"><\/div>\n<\/div>\n<\/div><\/section><\/div><\/p>\n<div class=\"flex_column av_one_full  flex_column_div av-zero-column-padding first  avia-builder-el-4  el_after_av_one_full  el_before_av_hr  column-top-margin\" style='border-radius:0px; '><section class=\"av_textblock_section \"  itemscope=\"itemscope\" itemtype=\"https:\/\/schema.org\/BlogPosting\" itemprop=\"blogPost\" ><div class='avia_textblock  '   itemprop=\"text\" ><p style=\"text-align: justify;\"><em>La iniciativa del programa Semillero de Talentos El\u00e9ctricos de Grupo Saesa permiti\u00f3 que alumnos del Liceo Luisa Rabanal Palma fortalecieran sus competencias t\u00e9cnicas y obtuvieran certificaciones clave para su futuro laboral.<\/em><\/p>\n<p style=\"text-align: justify;\">Edelaysen contin\u00faa impulsando el talento local a trav\u00e9s de iniciativas formativas que contribuyen al desarrollo de las comunidades de la regi\u00f3n. En el marco del programa Semillero de Talentos de Grupo Saesa, desarrollado junto a Educando en Red, se llev\u00f3 a cabo una nueva jornada de certificaci\u00f3n para estudiantes de la especialidad de electricidad del Liceo Luisa Rabanal Palma de Chile Chico.<\/p>\n<p style=\"text-align: justify;\">En ese sentido, Yasna Vera, ejecutiva de relacionamiento de Edelaysen destac\u00f3 \u201cPara nosotros desde Edelaysen es muy valioso ser parte de estos procesos formativos que permiten que los j\u00f3venes de la regi\u00f3n desarrollen sus capacidades y se proyecten en el sector el\u00e9ctrico. Este programa abre oportunidades reales y entrega competencias t\u00e9cnicas fundamentales para su futuro\u201d.<\/p>\n<p style=\"text-align: justify;\">Gracias a esta instancia, los alumnos pudieron profundizar sus conocimientos y certificarse en distintas especialidades vinculadas al sector el\u00e9ctrico, adquiriendo herramientas que los preparan de mejor manera para enfrentar los desaf\u00edos del mundo laboral una vez finalizada su etapa escolar.<\/p>\n<p style=\"text-align: justify;\">De esta manera, Ra\u00fal Retamal docente de la especialidad de electricidad del establecimiento destac\u00f3 \u201ctuvimos esta certificaci\u00f3n de las competencias laborales de los chicos en tanto para cuarto medio, las aplicaciones de Redes el\u00e9ctrica y el socio laboral para los alumnos de tercero. En realidad, es importante muy bueno, la verdad que los chicos tuvieron una buena recepci\u00f3n del curso lograron todos, aprobar y al final esto nos viene ayudar a potenciar las capacidades y las habilidades de nuestros alumnos, en la formaci\u00f3n t\u00e9cnico profesional en \u00e1rea electricidad. As\u00ed que muy contento, muy agradecido del Grupo Saesa y de educando en Red que nos permitieron hacer esta linda actividad que se cerr\u00f3 el viernes con una certificaci\u00f3n para cada uno de los alumnos\u201d.<\/p>\n<p style=\"text-align: justify;\">Con iniciativas como esta, parte del programa de \u201cLiceos El\u00e9ctricos\u201d del Grupo Saesa, Edelaysen refuerza su compromiso con la formaci\u00f3n del capital humano local, aportando al desarrollo de las comunidades y al fortalecimiento del sector el\u00e9ctrico en la regi\u00f3n de Ays\u00e9n.<\/p>\n<\/div><\/section><\/div>\n<div  style='height:50px' class='hr hr-invisible   avia-builder-el-6  el_after_av_one_full  el_before_av_social_share '><span class='hr-inner ' ><span class='hr-inner-style'><\/span><\/span><\/div>\n<div  class='av-social-sharing-box  avia-builder-el-7  el_after_av_hr  el_before_av_hr  '><div class='av-share-box'><h5 class='av-share-link-description av-no-toc '>Compartir esta noticia<\/h5><ul class='av-share-box-list noLightbox'><li class='av-share-link av-social-link-facebook' ><a target=\"_blank\" aria-label=\"Compartir en Facebook\" href='https:\/\/www.facebook.com\/sharer.php?u=https:\/\/radiorevelacionfm.cl\/?p=61813&#038;t=Certifican%20a%20estudiantes%20de%20Chile%20Chico%20en%20diversas%20especialidades%20de%20electricidad' aria-hidden='false' data-av_icon='\ue8f3' data-av_iconfont='entypo-fontello' title='' data-avia-related-tooltip='Compartir en Facebook' rel=\"noopener\"><span class='avia_hidden_link_text'>Compartir en Facebook<\/span><\/a><\/li><li class='av-share-link av-social-link-twitter' ><a target=\"_blank\" aria-label=\"Compartir en Twitter\" href='https:\/\/twitter.com\/share?text=Certifican%20a%20estudiantes%20de%20Chile%20Chico%20en%20diversas%20especialidades%20de%20electricidad&#038;url=https:\/\/radiorevelacionfm.cl\/?p=61813' aria-hidden='false' data-av_icon='\ue8f1' data-av_iconfont='entypo-fontello' title='' data-avia-related-tooltip='Compartir en Twitter' rel=\"noopener\"><span class='avia_hidden_link_text'>Compartir en Twitter<\/span><\/a><\/li><li class='av-share-link av-social-link-whatsapp' ><a target=\"_blank\" aria-label=\"Compartir en Whatsapp\" href='https:\/\/api.whatsapp.com\/send?text=https:\/\/radiorevelacionfm.cl\/?p=61813' aria-hidden='false' data-av_icon='\uf232' data-av_iconfont='entypo-fontello' title='' data-avia-related-tooltip='Compartir en Whatsapp' rel=\"noopener\"><span class='avia_hidden_link_text'>Compartir en Whatsapp<\/span><\/a><\/li><li class='av-share-link av-social-link-linkedin' ><a target=\"_blank\" aria-label=\"Compartir en LinkedIn\" href='https:\/\/linkedin.com\/shareArticle?mini=true&#038;title=Certifican%20a%20estudiantes%20de%20Chile%20Chico%20en%20diversas%20especialidades%20de%20electricidad&#038;url=https:\/\/radiorevelacionfm.cl\/?p=61813' aria-hidden='false' data-av_icon='\ue8fc' data-av_iconfont='entypo-fontello' title='' data-avia-related-tooltip='Compartir en LinkedIn' rel=\"noopener\"><span class='avia_hidden_link_text'>Compartir en LinkedIn<\/span><\/a><\/li><li class='av-share-link av-social-link-mail' ><a  aria-label=\"Compartir por correo\" href='mailto:?subject=Certifican%20a%20estudiantes%20de%20Chile%20Chico%20en%20diversas%20especialidades%20de%20electricidad&#038;body=https:\/\/radiorevelacionfm.cl\/?p=61813' aria-hidden='false' data-av_icon='\ue805' data-av_iconfont='entypo-fontello' title='' data-avia-related-tooltip='Compartir por correo'><span class='avia_hidden_link_text'>Compartir por correo<\/span><\/a><\/li><\/ul><\/div><\/div>\n<div  style='height:50px' class='hr hr-invisible   avia-builder-el-8  el_after_av_social_share  el_before_av_comments_list '><span class='hr-inner ' ><span class='hr-inner-style'><\/span><\/span><\/div>\n<div  class='av-buildercomment  av-blog-meta-html-info-disabled av-blog-meta-tag-disabled  '><\/div>\n","protected":false},"excerpt":{"rendered":"","protected":false},"author":1,"featured_media":61827,"comment_status":"closed","ping_status":"closed","sticky":false,"template":"","format":"standard","meta":{"footnotes":""},"categories":[38],"tags":[],"class_list":["post-61813","post","type-post","status-publish","format-standard","has-post-thumbnail","hentry","category-regional"],"jetpack_featured_media_url":"https:\/\/radiorevelacionfm.cl\/wp-content\/uploads\/2025\/11\/589158831_1438609978264892_2747202229704402512_n-1-1.jpg","_links":{"self":[{"href":"https:\/\/radiorevelacionfm.cl\/index.php?rest_route=\/wp\/v2\/posts\/61813","targetHints":{"allow":["GET"]}}],"collection":[{"href":"https:\/\/radiorevelacionfm.cl\/index.php?rest_route=\/wp\/v2\/posts"}],"about":[{"href":"https:\/\/radiorevelacionfm.cl\/index.php?rest_route=\/wp\/v2\/types\/post"}],"author":[{"embeddable":true,"href":"https:\/\/radiorevelacionfm.cl\/index.php?rest_route=\/wp\/v2\/users\/1"}],"replies":[{"embeddable":true,"href":"https:\/\/radiorevelacionfm.cl\/index.php?rest_route=%2Fwp%2Fv2%2Fcomments&post=61813"}],"version-history":[{"count":3,"href":"https:\/\/radiorevelacionfm.cl\/index.php?rest_route=\/wp\/v2\/posts\/61813\/revisions"}],"predecessor-version":[{"id":61826,"href":"https:\/\/radiorevelacionfm.cl\/index.php?rest_route=\/wp\/v2\/posts\/61813\/revisions\/61826"}],"wp:featuredmedia":[{"embeddable":true,"href":"https:\/\/radiorevelacionfm.cl\/index.php?rest_route=\/wp\/v2\/media\/61827"}],"wp:attachment":[{"href":"https:\/\/radiorevelacionfm.cl\/index.php?rest_route=%2Fwp%2Fv2%2Fmedia&parent=61813"}],"wp:term":[{"taxonomy":"category","embeddable":true,"href":"https:\/\/radiorevelacionfm.cl\/index.php?rest_route=%2Fwp%2Fv2%2Fcategories&post=61813"},{"taxonomy":"post_tag","embeddable":true,"href":"https:\/\/radiorevelacionfm.cl\/index.php?rest_route=%2Fwp%2Fv2%2Ftags&post=61813"}],"curies":[{"name":"wp","href":"https:\/\/api.w.org\/{rel}","templated":true}]}}