{"id":61807,"date":"2025-11-25T20:08:59","date_gmt":"2025-11-25T23:08:59","guid":{"rendered":"https:\/\/radiorevelacionfm.cl\/?p=61807"},"modified":"2025-11-25T20:08:59","modified_gmt":"2025-11-25T23:08:59","slug":"golpe-a-la-delincuencia-en-aysen-operativos-en-villa-ortega-y-puerto-aysen-dejan-cuatro-detenidos","status":"publish","type":"post","link":"https:\/\/radiorevelacionfm.cl\/?p=61807","title":{"rendered":"Golpe a la delincuencia en Ays\u00e9n: Operativos en Villa Ortega y Puerto Ays\u00e9n dejan cuatro detenidos"},"content":{"rendered":"<div class=\"flex_column av_one_full  flex_column_div av-zero-column-padding first  avia-builder-el-0  el_before_av_one_full  avia-builder-el-first  \" style='border-radius:0px; '><div  class='avia-image-container  av-styling-    avia-builder-el-1  avia-builder-el-no-sibling  avia-align-center '  itemprop=\"image\" itemscope=\"itemscope\" itemtype=\"https:\/\/schema.org\/ImageObject\"  ><div class='avia-image-container-inner'><div class='avia-image-overlay-wrap'><img decoding=\"async\" class='wp-image-61808 avia-img-lazy-loading-not-61808 avia_image' src=\"https:\/\/radiorevelacionfm.cl\/wp-content\/uploads\/2025\/11\/18ce2dad-bed2-427a-afbc-726f1ce3c2bf-1-1_optimized.jpg\" alt='' title='18ce2dad-bed2-427a-afbc-726f1ce3c2bf-(1)-(1)_optimized' height=\"600\" width=\"1067\"  itemprop=\"thumbnailUrl\" srcset=\"https:\/\/radiorevelacionfm.cl\/wp-content\/uploads\/2025\/11\/18ce2dad-bed2-427a-afbc-726f1ce3c2bf-1-1_optimized.jpg 1067w, https:\/\/radiorevelacionfm.cl\/wp-content\/uploads\/2025\/11\/18ce2dad-bed2-427a-afbc-726f1ce3c2bf-1-1_optimized-300x169.jpg 300w, https:\/\/radiorevelacionfm.cl\/wp-content\/uploads\/2025\/11\/18ce2dad-bed2-427a-afbc-726f1ce3c2bf-1-1_optimized-1030x579.jpg 1030w, https:\/\/radiorevelacionfm.cl\/wp-content\/uploads\/2025\/11\/18ce2dad-bed2-427a-afbc-726f1ce3c2bf-1-1_optimized-768x432.jpg 768w, https:\/\/radiorevelacionfm.cl\/wp-content\/uploads\/2025\/11\/18ce2dad-bed2-427a-afbc-726f1ce3c2bf-1-1_optimized-705x396.jpg 705w, https:\/\/radiorevelacionfm.cl\/wp-content\/uploads\/2025\/11\/18ce2dad-bed2-427a-afbc-726f1ce3c2bf-1-1_optimized-450x253.jpg 450w, https:\/\/radiorevelacionfm.cl\/wp-content\/uploads\/2025\/11\/18ce2dad-bed2-427a-afbc-726f1ce3c2bf-1-1_optimized-600x337.jpg 600w\" sizes=\"(max-width: 1067px) 100vw, 1067px\" \/><\/div><\/div><\/div><\/div><div class=\"flex_column av_one_full  flex_column_div av-zero-column-padding first  avia-builder-el-2  el_after_av_one_full  el_before_av_one_full  column-top-margin\" style='border-radius:0px; '><section class=\"av_textblock_section \"  itemscope=\"itemscope\" itemtype=\"https:\/\/schema.org\/BlogPosting\" itemprop=\"blogPost\" ><div class='avia_textblock  '   itemprop=\"text\" ><p style=\"text-align: center;\"><strong><span style=\"font-size: 18pt;\">Golpe a la delincuencia en Ays\u00e9n: Operativos en Villa Ortega y Puerto Ays\u00e9n dejan cuatro detenidos<\/span><\/strong><\/p>\n<div id=\"gtx-trans\" style=\"position: absolute; left: -50px; top: 4.31534px;\">\n<div class=\"gtx-trans-icon\"><\/div>\n<\/div>\n<\/div><\/section><\/div><div class=\"flex_column av_one_full  flex_column_div av-zero-column-padding first  avia-builder-el-4  el_after_av_one_full  el_before_av_hr  column-top-margin\" style='border-radius:0px; '><section class=\"av_textblock_section \"  itemscope=\"itemscope\" itemtype=\"https:\/\/schema.org\/BlogPosting\" itemprop=\"blogPost\" ><div class='avia_textblock  '   itemprop=\"text\" ><ul>\n<li dir=\"ltr\">\n<p dir=\"ltr\" style=\"text-align: justify;\" role=\"presentation\"><em>Dos procedimientos simult\u00e1neos de Carabineros permitieron desbaratar focos delictivos en la regi\u00f3n, resultando en la incautaci\u00f3n de armas artesanales, drogas, tel\u00e9fonos celulares, dinero en efectivo y la recuperaci\u00f3n de un veh\u00edculo con encargo por hurto.<\/em><\/p>\n<\/li>\n<\/ul>\n<p dir=\"ltr\" style=\"text-align: justify;\">Una intensa jornada policial se vivi\u00f3 en las \u00faltimas horas en la regi\u00f3n de Ays\u00e9n, donde el despliegue operativo de Carabineros culmin\u00f3 con la detenci\u00f3n de cuatro personas en dos procedimientos independientes registrados en la localidad de Villa Ortega y en la ciudad de Puerto Ays\u00e9n. Los operativos abordan delitos de alta connotaci\u00f3n social, asociados a la ley de drogas, robos, control de armas y recuperaci\u00f3n de un veh\u00edculo con encargo por robo.<\/p>\n<p dir=\"ltr\" style=\"text-align: justify;\">El Jefe de Zona de Carabineros Ays\u00e9n, General Eduardo Palma Fuentes, destac\u00f3 la efectividad del accionar policial, subrayando que la \u00aboportuna denuncia\u00bb de la ciudadan\u00eda fue clave para el \u00e9xito de las diligencias.<\/p>\n<p dir=\"ltr\" style=\"text-align: justify;\"><strong>Robo y armas en Villa Ortega<\/strong><\/p>\n<p dir=\"ltr\" style=\"text-align: justify;\">El primer procedimiento se desencaden\u00f3 tras una alerta de robo en curso en un domicilio de Villa Ortega. Seg\u00fan inform\u00f3 la autoridad policial, sujetos desconocidos fueron sorprendidos sustrayendo especies desde el interior de una vivienda.<\/p>\n<p dir=\"ltr\" style=\"text-align: justify;\">\u00abLa r\u00e1pida y oportuna acci\u00f3n de Carabineros al llegar al lugar, permiti\u00f3 ubicar y detener a estos individuos, quienes se hab\u00edan escapado hacia otro domicilio, donde fueron detenidos\u00bb, detall\u00f3 el General Palma.<\/p>\n<p dir=\"ltr\" style=\"text-align: justify;\">Durante la captura, Carabineros encontr\u00f3 armamento de fabricaci\u00f3n artesanal en poder de los imputados, quienes se movilizaban a bordo de un veh\u00edculo con encargo por hurto, el cual circulaba con patentes superpuestas.<\/p>\n<p dir=\"ltr\" style=\"text-align: justify;\">Personal de la Secci\u00f3n de Investigaci\u00f3n Policial (SIP) de la 1ra Comisar\u00eda de Coyhaique y peritos de Labocar trabajan actualmente en el an\u00e1lisis tanto del armamento como de la recolecci\u00f3n de evidencias.<\/p>\n<p dir=\"ltr\" style=\"text-align: justify;\"><strong>Tr\u00e1fico de drogas en Puerto Ays\u00e9n<\/strong><\/p>\n<p dir=\"ltr\" style=\"text-align: justify;\">Paralelamente, en la ciudad de Puerto Ays\u00e9n, un control vehicular rutinario deriv\u00f3 en un importante golpe al tr\u00e1fico de drogas, ello luego que Carabineros detect\u00f3 a dos sujetos transportando sustancias il\u00edcitas, lo que activ\u00f3 una coordinaci\u00f3n inmediata con el Ministerio P\u00fablico.<\/p>\n<p dir=\"ltr\" style=\"text-align: justify;\">Tras obtener \u00f3rdenes de entrada y registro por parte del Juzgado de Garant\u00eda -en una coordinaci\u00f3n con la Fiscal\u00eda- se allanaron los domicilios de los involucrados, logrando incautar una importante cantidad de droga, balanzas digitales, dinero en efectivo, tel\u00e9fonos celulares y un veh\u00edculo, diligencias que fueron apoyadas por la Secci\u00f3n OS7 Ays\u00e9n.<\/p>\n<p dir=\"ltr\" style=\"text-align: justify;\"><strong>Investigaci\u00f3n en curso<\/strong><\/p>\n<p dir=\"ltr\" style=\"text-align: justify;\">El Fiscal Adjunto de Coyhaique, Luis Contreras Alfaro, confirm\u00f3 que las detenciones fueron ampliadas con la finalidad de recabar en las pr\u00f3ximas horas m\u00e1s antecedentes antes de la formalizaci\u00f3n de cargos.<\/p>\n<p dir=\"ltr\" style=\"text-align: justify;\">\u00abSer\u00edan personas residentes en la regi\u00f3n (&#8230;) estamos investigando no solamente este il\u00edcito, sino su eventual vinculaci\u00f3n con otros posibles delitos\u00bb, se\u00f1al\u00f3 el fiscal, confirmando que se persiguen cargos por robo en lugar no habitado, infracci\u00f3n a la ley de armas y tr\u00e1fico de drogas.<\/p>\n<p dir=\"ltr\" style=\"text-align: justify;\">Por su parte, la Seremi de Seguridad P\u00fablica, Ruth Vallejos Cuiti\u00f1o, valor\u00f3 el trabajo de fiscalizaci\u00f3n desplegado por Carabineros, poniendo \u00e9nfasis en la detecci\u00f3n de veh\u00edculos clonados que ingresan a la zona.<\/p>\n<p dir=\"ltr\" style=\"text-align: justify;\">\u201cRecordemos que hay veh\u00edculos que responden a denuncias de robo en otras regiones del pa\u00eds, con placas patentes adulteradas. Aparte de que tenemos incautaciones de drogas y armas hechizas, tambi\u00e9n es es un trabajo exitoso de Carabineros -dentro de las \u00f3rdenes de detenci\u00f3n- revisar y hacer control de los veh\u00edculos que est\u00e1n circulando en la regi\u00f3n y que pudieran presentar encargos de robo en otras partes de la naci\u00f3n\u201d, concluy\u00f3 la autoridad.<\/p>\n<div class=\"yj6qo\" style=\"text-align: justify;\"><\/div>\n<div class=\"adL\" style=\"text-align: justify;\"><\/div>\n<\/div><\/section><\/div><div  style='height:50px' class='hr hr-invisible   avia-builder-el-6  el_after_av_one_full  el_before_av_social_share '><span class='hr-inner ' ><span class='hr-inner-style'><\/span><\/span><\/div><\/p>\n<div  class='av-social-sharing-box  avia-builder-el-7  el_after_av_hr  el_before_av_hr  '><div class='av-share-box'><h5 class='av-share-link-description av-no-toc '>Compartir esta noticia<\/h5><ul class='av-share-box-list noLightbox'><li class='av-share-link av-social-link-facebook' ><a target=\"_blank\" aria-label=\"Compartir en Facebook\" href='https:\/\/www.facebook.com\/sharer.php?u=https:\/\/radiorevelacionfm.cl\/?p=61807&#038;t=Golpe%20a%20la%20delincuencia%20en%20Ays%C3%A9n%3A%20Operativos%20en%20Villa%20Ortega%20y%20Puerto%20Ays%C3%A9n%20dejan%20cuatro%20detenidos' aria-hidden='false' data-av_icon='\ue8f3' data-av_iconfont='entypo-fontello' title='' data-avia-related-tooltip='Compartir en Facebook' rel=\"noopener\"><span class='avia_hidden_link_text'>Compartir en Facebook<\/span><\/a><\/li><li class='av-share-link av-social-link-twitter' ><a target=\"_blank\" aria-label=\"Compartir en Twitter\" href='https:\/\/twitter.com\/share?text=Golpe%20a%20la%20delincuencia%20en%20Ays%C3%A9n%3A%20Operativos%20en%20Villa%20Ortega%20y%20Puerto%20Ays%C3%A9n%20dejan%20cuatro%20detenidos&#038;url=https:\/\/radiorevelacionfm.cl\/?p=61807' aria-hidden='false' data-av_icon='\ue8f1' data-av_iconfont='entypo-fontello' title='' data-avia-related-tooltip='Compartir en Twitter' rel=\"noopener\"><span class='avia_hidden_link_text'>Compartir en Twitter<\/span><\/a><\/li><li class='av-share-link av-social-link-whatsapp' ><a target=\"_blank\" aria-label=\"Compartir en Whatsapp\" href='https:\/\/api.whatsapp.com\/send?text=https:\/\/radiorevelacionfm.cl\/?p=61807' aria-hidden='false' data-av_icon='\uf232' data-av_iconfont='entypo-fontello' title='' data-avia-related-tooltip='Compartir en Whatsapp' rel=\"noopener\"><span class='avia_hidden_link_text'>Compartir en Whatsapp<\/span><\/a><\/li><li class='av-share-link av-social-link-linkedin' ><a target=\"_blank\" aria-label=\"Compartir en LinkedIn\" href='https:\/\/linkedin.com\/shareArticle?mini=true&#038;title=Golpe%20a%20la%20delincuencia%20en%20Ays%C3%A9n%3A%20Operativos%20en%20Villa%20Ortega%20y%20Puerto%20Ays%C3%A9n%20dejan%20cuatro%20detenidos&#038;url=https:\/\/radiorevelacionfm.cl\/?p=61807' aria-hidden='false' data-av_icon='\ue8fc' data-av_iconfont='entypo-fontello' title='' data-avia-related-tooltip='Compartir en LinkedIn' rel=\"noopener\"><span class='avia_hidden_link_text'>Compartir en LinkedIn<\/span><\/a><\/li><li class='av-share-link av-social-link-mail' ><a  aria-label=\"Compartir por correo\" href='mailto:?subject=Golpe%20a%20la%20delincuencia%20en%20Ays%C3%A9n%3A%20Operativos%20en%20Villa%20Ortega%20y%20Puerto%20Ays%C3%A9n%20dejan%20cuatro%20detenidos&#038;body=https:\/\/radiorevelacionfm.cl\/?p=61807' aria-hidden='false' data-av_icon='\ue805' data-av_iconfont='entypo-fontello' title='' data-avia-related-tooltip='Compartir por correo'><span class='avia_hidden_link_text'>Compartir por correo<\/span><\/a><\/li><\/ul><\/div><\/div>\n<div  style='height:50px' class='hr hr-invisible   avia-builder-el-8  el_after_av_social_share  el_before_av_comments_list '><span class='hr-inner ' ><span class='hr-inner-style'><\/span><\/span><\/div>\n<div  class='av-buildercomment  av-blog-meta-html-info-disabled av-blog-meta-tag-disabled  '><\/div>\n","protected":false},"excerpt":{"rendered":"","protected":false},"author":1,"featured_media":61808,"comment_status":"closed","ping_status":"closed","sticky":false,"template":"","format":"standard","meta":{"footnotes":""},"categories":[36],"tags":[],"class_list":["post-61807","post","type-post","status-publish","format-standard","has-post-thumbnail","hentry","category-policial"],"jetpack_featured_media_url":"https:\/\/radiorevelacionfm.cl\/wp-content\/uploads\/2025\/11\/18ce2dad-bed2-427a-afbc-726f1ce3c2bf-1-1_optimized.jpg","_links":{"self":[{"href":"https:\/\/radiorevelacionfm.cl\/index.php?rest_route=\/wp\/v2\/posts\/61807","targetHints":{"allow":["GET"]}}],"collection":[{"href":"https:\/\/radiorevelacionfm.cl\/index.php?rest_route=\/wp\/v2\/posts"}],"about":[{"href":"https:\/\/radiorevelacionfm.cl\/index.php?rest_route=\/wp\/v2\/types\/post"}],"author":[{"embeddable":true,"href":"https:\/\/radiorevelacionfm.cl\/index.php?rest_route=\/wp\/v2\/users\/1"}],"replies":[{"embeddable":true,"href":"https:\/\/radiorevelacionfm.cl\/index.php?rest_route=%2Fwp%2Fv2%2Fcomments&post=61807"}],"version-history":[{"count":2,"href":"https:\/\/radiorevelacionfm.cl\/index.php?rest_route=\/wp\/v2\/posts\/61807\/revisions"}],"predecessor-version":[{"id":61810,"href":"https:\/\/radiorevelacionfm.cl\/index.php?rest_route=\/wp\/v2\/posts\/61807\/revisions\/61810"}],"wp:featuredmedia":[{"embeddable":true,"href":"https:\/\/radiorevelacionfm.cl\/index.php?rest_route=\/wp\/v2\/media\/61808"}],"wp:attachment":[{"href":"https:\/\/radiorevelacionfm.cl\/index.php?rest_route=%2Fwp%2Fv2%2Fmedia&parent=61807"}],"wp:term":[{"taxonomy":"category","embeddable":true,"href":"https:\/\/radiorevelacionfm.cl\/index.php?rest_route=%2Fwp%2Fv2%2Fcategories&post=61807"},{"taxonomy":"post_tag","embeddable":true,"href":"https:\/\/radiorevelacionfm.cl\/index.php?rest_route=%2Fwp%2Fv2%2Ftags&post=61807"}],"curies":[{"name":"wp","href":"https:\/\/api.w.org\/{rel}","templated":true}]}}