{"id":61804,"date":"2025-11-25T20:43:53","date_gmt":"2025-11-25T23:43:53","guid":{"rendered":"https:\/\/radiorevelacionfm.cl\/?p=61804"},"modified":"2025-11-25T20:43:53","modified_gmt":"2025-11-25T23:43:53","slug":"aprueban-proyecto-de-la-diputada-raphael-que-prohibe-y-regula-el-uso-de-celulares-en-colegios","status":"publish","type":"post","link":"https:\/\/radiorevelacionfm.cl\/?p=61804","title":{"rendered":"Aprueban proyecto de la diputada Raphael que proh\u00edbe y regula el uso de celulares en colegios"},"content":{"rendered":"<div class=\"flex_column av_one_full  flex_column_div av-zero-column-padding first  avia-builder-el-0  el_before_av_one_full  avia-builder-el-first  \" style='border-radius:0px; '><div  class='avia-image-container  av-styling-    avia-builder-el-1  avia-builder-el-no-sibling  avia-align-center '  itemprop=\"image\" itemscope=\"itemscope\" itemtype=\"https:\/\/schema.org\/ImageObject\"  ><div class='avia-image-container-inner'><div class='avia-image-overlay-wrap'><img decoding=\"async\" class='wp-image-61805 avia-img-lazy-loading-not-61805 avia_image' src=\"https:\/\/radiorevelacionfm.cl\/wp-content\/uploads\/2025\/11\/MarciaRaphael-Comision-1-1.jpeg\" alt='' title='MarciaRaphael-Comisi\u00f3n (1) (1)' height=\"600\" width=\"899\"  itemprop=\"thumbnailUrl\" srcset=\"https:\/\/radiorevelacionfm.cl\/wp-content\/uploads\/2025\/11\/MarciaRaphael-Comision-1-1.jpeg 899w, https:\/\/radiorevelacionfm.cl\/wp-content\/uploads\/2025\/11\/MarciaRaphael-Comision-1-1-300x200.jpeg 300w, https:\/\/radiorevelacionfm.cl\/wp-content\/uploads\/2025\/11\/MarciaRaphael-Comision-1-1-768x513.jpeg 768w, https:\/\/radiorevelacionfm.cl\/wp-content\/uploads\/2025\/11\/MarciaRaphael-Comision-1-1-705x471.jpeg 705w, https:\/\/radiorevelacionfm.cl\/wp-content\/uploads\/2025\/11\/MarciaRaphael-Comision-1-1-450x300.jpeg 450w, https:\/\/radiorevelacionfm.cl\/wp-content\/uploads\/2025\/11\/MarciaRaphael-Comision-1-1-600x400.jpeg 600w\" sizes=\"(max-width: 899px) 100vw, 899px\" \/><\/div><\/div><\/div><\/div><div class=\"flex_column av_one_full  flex_column_div av-zero-column-padding first  avia-builder-el-2  el_after_av_one_full  el_before_av_one_full  column-top-margin\" style='border-radius:0px; '><section class=\"av_textblock_section \"  itemscope=\"itemscope\" itemtype=\"https:\/\/schema.org\/BlogPosting\" itemprop=\"blogPost\" ><div class='avia_textblock  '   itemprop=\"text\" ><p style=\"text-align: center;\"><span style=\"font-size: 18pt;\"><b>Aprueban<\/b><b>\u00a0proyecto\u00a0<\/b><b>de la diputada Raphael\u00a0<\/b><b>que proh\u00edbe<\/b><b>\u00a0y regula<\/b><b>\u00a0el uso de celulares en colegios<\/b><\/span><\/p>\n<div id=\"gtx-trans\" style=\"position: absolute; left: -50px; top: 4.31534px;\">\n<div class=\"gtx-trans-icon\"><\/div>\n<\/div>\n<\/div><\/section><\/div><\/p>\n<div class=\"flex_column av_one_full  flex_column_div av-zero-column-padding first  avia-builder-el-4  el_after_av_one_full  el_before_av_hr  column-top-margin\" style='border-radius:0px; '><section class=\"av_textblock_section \"  itemscope=\"itemscope\" itemtype=\"https:\/\/schema.org\/BlogPosting\" itemprop=\"blogPost\" ><div class='avia_textblock  '   itemprop=\"text\" ><p style=\"text-align: justify;\"><em>Tras el respaldo que logr\u00f3 en el Senado, retorna a la C\u00e1mara de Diputados para su \u00faltima discusi\u00f3n que permitir\u00eda convertir la iniciativa en ley.<\/em><\/p>\n<p style=\"text-align: justify;\">El Senado aprob\u00f3 esta semana el proyecto de ley que regula y proh\u00edbe el uso de tel\u00e9fonos celulares en los establecimientos educacionales y en los distintos niveles de educaci\u00f3n parvularia, b\u00e1sica y media. La iniciativa\u00a0de la cual es autora la diputada Marcia Raphael Mora (RN),\u00a0continuar\u00e1 ahora su tercer tr\u00e1mite legislativo en la C\u00e1mara de Diputadas y Diputados.<\/p>\n<p style=\"text-align: justify;\">El proyecto establece que los colegios deber\u00e1n incorporar la prohibici\u00f3n y regulaci\u00f3n del uso de tel\u00e9fonos en sus reglamentos internos con excepciones claramente delimitadas, tales como:\u00a0situaciones de emergencia, necesidades educativas especiales, condiciones de salud que requieran monitoreo y actividades pedag\u00f3gicas que justifiquen su uso. En educaci\u00f3n media, adem\u00e1s, se permitir\u00e1 que los establecimientos definan espacios u horarios acotados para el uso del celular.<\/p>\n<p style=\"text-align: justify;\">La diputada\u00a0por Ays\u00e9n,\u00a0Marcia Raphael\u00a0Mora,\u00a0expres\u00f3\u00a0que\u00a0\u201cestamos contentos por el avance en el Senado de esta iniciativa, de la que soy parte junto a otros diputados de Renovaci\u00f3n Nacional. El objetivo es mejorar la concentraci\u00f3n de los estudiantes, su relaci\u00f3n con los docentes y, en consecuencia, la calidad de la educaci\u00f3n\u201d, subray\u00f3.<\/p>\n<p style=\"text-align: justify;\">La parlamentaria de Renovaci\u00f3n Nacional detall\u00f3 que el proyecto tambi\u00e9n busca poner \u00e9nfasis en el rol de la comunidad educativa y de las familias en la regulaci\u00f3n del uso de dispositivos. \u201cAdem\u00e1s, se busca involucrar a la comunidad educativa y a los padres en este proceso. Y va en l\u00ednea con la experiencia comparada en otros pa\u00edses y establecimientos en Chile que han implementado medidas similares\u201d.<\/p>\n<p style=\"text-align: justify;\">Cabe destacar que la norma no pretende ser una prohibici\u00f3n absoluta, sino una regulaci\u00f3n que permita ordenar el uso de tecnolog\u00eda en el contexto escolar. \u201cLa iniciativa, que conf\u00edo en que pronto pueda ser ley, propone que los establecimientos educativos generen reglamentos, permitiendo excepciones por motivos de salud, seguridad, necesidades educativas especiales y situaciones de emergencia\u201d, agreg\u00f3 Raphael.<\/p>\n<p style=\"text-align: justify;\">De ser aprobada en la C\u00e1mara Baja, la ley comenzar\u00eda a regir desde el inicio del a\u00f1o escolar 2026, y los colegios tendr\u00e1n plazo hasta el 30 de junio del mismo a\u00f1o para adaptar sus reglamentos internos. Asimismo, el Ministerio de Educaci\u00f3n deber\u00e1 implementar medidas de acompa\u00f1amiento y, en 2030, presentar un informe al Congreso sobre los efectos de la normativa en convivencia escolar,\u00a0rendimiento acad\u00e9mico y bienestar socioemocional.<\/p>\n<\/div><\/section><\/div>\n<div  style='height:50px' class='hr hr-invisible   avia-builder-el-6  el_after_av_one_full  el_before_av_social_share '><span class='hr-inner ' ><span class='hr-inner-style'><\/span><\/span><\/div>\n<div  class='av-social-sharing-box  avia-builder-el-7  el_after_av_hr  el_before_av_hr  '><div class='av-share-box'><h5 class='av-share-link-description av-no-toc '>Compartir esta noticia<\/h5><ul class='av-share-box-list noLightbox'><li class='av-share-link av-social-link-facebook' ><a target=\"_blank\" aria-label=\"Compartir en Facebook\" href='https:\/\/www.facebook.com\/sharer.php?u=https:\/\/radiorevelacionfm.cl\/?p=61804&#038;t=Aprueban%20proyecto%20de%20la%20diputada%20Raphael%20que%20proh%C3%ADbe%20y%20regula%20el%20uso%20de%20celulares%20en%20colegios' aria-hidden='false' data-av_icon='\ue8f3' data-av_iconfont='entypo-fontello' title='' data-avia-related-tooltip='Compartir en Facebook' rel=\"noopener\"><span class='avia_hidden_link_text'>Compartir en Facebook<\/span><\/a><\/li><li class='av-share-link av-social-link-twitter' ><a target=\"_blank\" aria-label=\"Compartir en Twitter\" href='https:\/\/twitter.com\/share?text=Aprueban%20proyecto%20de%20la%20diputada%20Raphael%20que%20proh%C3%ADbe%20y%20regula%20el%20uso%20de%20celulares%20en%20colegios&#038;url=https:\/\/radiorevelacionfm.cl\/?p=61804' aria-hidden='false' data-av_icon='\ue8f1' data-av_iconfont='entypo-fontello' title='' data-avia-related-tooltip='Compartir en Twitter' rel=\"noopener\"><span class='avia_hidden_link_text'>Compartir en Twitter<\/span><\/a><\/li><li class='av-share-link av-social-link-whatsapp' ><a target=\"_blank\" aria-label=\"Compartir en Whatsapp\" href='https:\/\/api.whatsapp.com\/send?text=https:\/\/radiorevelacionfm.cl\/?p=61804' aria-hidden='false' data-av_icon='\uf232' data-av_iconfont='entypo-fontello' title='' data-avia-related-tooltip='Compartir en Whatsapp' rel=\"noopener\"><span class='avia_hidden_link_text'>Compartir en Whatsapp<\/span><\/a><\/li><li class='av-share-link av-social-link-linkedin' ><a target=\"_blank\" aria-label=\"Compartir en LinkedIn\" href='https:\/\/linkedin.com\/shareArticle?mini=true&#038;title=Aprueban%20proyecto%20de%20la%20diputada%20Raphael%20que%20proh%C3%ADbe%20y%20regula%20el%20uso%20de%20celulares%20en%20colegios&#038;url=https:\/\/radiorevelacionfm.cl\/?p=61804' aria-hidden='false' data-av_icon='\ue8fc' data-av_iconfont='entypo-fontello' title='' data-avia-related-tooltip='Compartir en LinkedIn' rel=\"noopener\"><span class='avia_hidden_link_text'>Compartir en LinkedIn<\/span><\/a><\/li><li class='av-share-link av-social-link-mail' ><a  aria-label=\"Compartir por correo\" href='mailto:?subject=Aprueban%20proyecto%20de%20la%20diputada%20Raphael%20que%20proh%C3%ADbe%20y%20regula%20el%20uso%20de%20celulares%20en%20colegios&#038;body=https:\/\/radiorevelacionfm.cl\/?p=61804' aria-hidden='false' data-av_icon='\ue805' data-av_iconfont='entypo-fontello' title='' data-avia-related-tooltip='Compartir por correo'><span class='avia_hidden_link_text'>Compartir por correo<\/span><\/a><\/li><\/ul><\/div><\/div>\n<div  style='height:50px' class='hr hr-invisible   avia-builder-el-8  el_after_av_social_share  el_before_av_comments_list '><span class='hr-inner ' ><span class='hr-inner-style'><\/span><\/span><\/div>\n<div  class='av-buildercomment  av-blog-meta-html-info-disabled av-blog-meta-tag-disabled  '><\/div>\n","protected":false},"excerpt":{"rendered":"","protected":false},"author":1,"featured_media":61805,"comment_status":"closed","ping_status":"closed","sticky":false,"template":"","format":"standard","meta":{"footnotes":""},"categories":[35],"tags":[],"class_list":["post-61804","post","type-post","status-publish","format-standard","has-post-thumbnail","hentry","category-politica"],"jetpack_featured_media_url":"https:\/\/radiorevelacionfm.cl\/wp-content\/uploads\/2025\/11\/MarciaRaphael-Comision-1-1.jpeg","_links":{"self":[{"href":"https:\/\/radiorevelacionfm.cl\/index.php?rest_route=\/wp\/v2\/posts\/61804","targetHints":{"allow":["GET"]}}],"collection":[{"href":"https:\/\/radiorevelacionfm.cl\/index.php?rest_route=\/wp\/v2\/posts"}],"about":[{"href":"https:\/\/radiorevelacionfm.cl\/index.php?rest_route=\/wp\/v2\/types\/post"}],"author":[{"embeddable":true,"href":"https:\/\/radiorevelacionfm.cl\/index.php?rest_route=\/wp\/v2\/users\/1"}],"replies":[{"embeddable":true,"href":"https:\/\/radiorevelacionfm.cl\/index.php?rest_route=%2Fwp%2Fv2%2Fcomments&post=61804"}],"version-history":[{"count":3,"href":"https:\/\/radiorevelacionfm.cl\/index.php?rest_route=\/wp\/v2\/posts\/61804\/revisions"}],"predecessor-version":[{"id":61812,"href":"https:\/\/radiorevelacionfm.cl\/index.php?rest_route=\/wp\/v2\/posts\/61804\/revisions\/61812"}],"wp:featuredmedia":[{"embeddable":true,"href":"https:\/\/radiorevelacionfm.cl\/index.php?rest_route=\/wp\/v2\/media\/61805"}],"wp:attachment":[{"href":"https:\/\/radiorevelacionfm.cl\/index.php?rest_route=%2Fwp%2Fv2%2Fmedia&parent=61804"}],"wp:term":[{"taxonomy":"category","embeddable":true,"href":"https:\/\/radiorevelacionfm.cl\/index.php?rest_route=%2Fwp%2Fv2%2Fcategories&post=61804"},{"taxonomy":"post_tag","embeddable":true,"href":"https:\/\/radiorevelacionfm.cl\/index.php?rest_route=%2Fwp%2Fv2%2Ftags&post=61804"}],"curies":[{"name":"wp","href":"https:\/\/api.w.org\/{rel}","templated":true}]}}