{"id":61801,"date":"2025-11-26T09:57:04","date_gmt":"2025-11-26T12:57:04","guid":{"rendered":"https:\/\/radiorevelacionfm.cl\/?p=61801"},"modified":"2025-11-26T09:57:04","modified_gmt":"2025-11-26T12:57:04","slug":"presentan-campana-chile-te-defiende-que-informa-sobre-la-creacion-del-nuevo-servicio-nacional-de-acceso-a-la-justicia-y-la-defensoria-de-victimas","status":"publish","type":"post","link":"https:\/\/radiorevelacionfm.cl\/?p=61801","title":{"rendered":"Presentan campa\u00f1a \u201cChile Te Defiende\u201d que informa sobre la creaci\u00f3n del nuevo Servicio Nacional de Acceso a la Justicia y la Defensor\u00eda de V\u00edctimas"},"content":{"rendered":"<div class=\"flex_column av_one_full  flex_column_div av-zero-column-padding first  avia-builder-el-0  el_before_av_one_full  avia-builder-el-first  \" style='border-radius:0px; '><div  class='avia-image-container  av-styling-    avia-builder-el-1  avia-builder-el-no-sibling  avia-align-center '  itemprop=\"image\" itemscope=\"itemscope\" itemtype=\"https:\/\/schema.org\/ImageObject\"  ><div class='avia-image-container-inner'><div class='avia-image-overlay-wrap'><img decoding=\"async\" class='wp-image-61802 avia-img-lazy-loading-not-61802 avia_image' src=\"https:\/\/radiorevelacionfm.cl\/wp-content\/uploads\/2025\/11\/campana-1_optimized.jpg\" alt='' title='campa\u00f1a-(1)_optimized' height=\"885\" width=\"800\"  itemprop=\"thumbnailUrl\" srcset=\"https:\/\/radiorevelacionfm.cl\/wp-content\/uploads\/2025\/11\/campana-1_optimized.jpg 800w, https:\/\/radiorevelacionfm.cl\/wp-content\/uploads\/2025\/11\/campana-1_optimized-271x300.jpg 271w, https:\/\/radiorevelacionfm.cl\/wp-content\/uploads\/2025\/11\/campana-1_optimized-768x850.jpg 768w, https:\/\/radiorevelacionfm.cl\/wp-content\/uploads\/2025\/11\/campana-1_optimized-637x705.jpg 637w, https:\/\/radiorevelacionfm.cl\/wp-content\/uploads\/2025\/11\/campana-1_optimized-450x498.jpg 450w, https:\/\/radiorevelacionfm.cl\/wp-content\/uploads\/2025\/11\/campana-1_optimized-600x664.jpg 600w\" sizes=\"(max-width: 800px) 100vw, 800px\" \/><\/div><\/div><\/div><\/div><div class=\"flex_column av_one_full  flex_column_div av-zero-column-padding first  avia-builder-el-2  el_after_av_one_full  el_before_av_one_full  column-top-margin\" style='border-radius:0px; '><section class=\"av_textblock_section \"  itemscope=\"itemscope\" itemtype=\"https:\/\/schema.org\/BlogPosting\" itemprop=\"blogPost\" ><div class='avia_textblock  '   itemprop=\"text\" ><p style=\"text-align: center;\"><strong><span style=\"font-size: 18pt;\">Presentan campa\u00f1a \u201cChile Te Defiende\u201d que informa sobre la creaci\u00f3n del nuevo Servicio Nacional de Acceso a la Justicia y la Defensor\u00eda de V\u00edctimas<\/span><\/strong><\/p>\n<div id=\"gtx-trans\" style=\"position: absolute; left: -50px; top: 4.31534px;\">\n<div class=\"gtx-trans-icon\"><\/div>\n<\/div>\n<\/div><\/section><\/div><div class=\"flex_column av_one_full  flex_column_div av-zero-column-padding first  avia-builder-el-4  el_after_av_one_full  el_before_av_hr  column-top-margin\" style='border-radius:0px; '><section class=\"av_textblock_section \"  itemscope=\"itemscope\" itemtype=\"https:\/\/schema.org\/BlogPosting\" itemprop=\"blogPost\" ><div class='avia_textblock  '   itemprop=\"text\" ><p style=\"text-align: justify;\">Recientemente el Ministro de Justicia y Derechos Humanos, Jaime Gajardo junto al Subsecretario de Justicia, Ernesto Mu\u00f1oz lanzaron a nivel nacional la campa\u00f1a \u201cChile Te Defiende\u201d, iniciativa destinada a informar a la ciudadan\u00eda sobre el nuevo Servicio Nacional de Acceso a la Justicia y la Defensor\u00eda de V\u00edctimas, creado por la Ley N\u00b0 21.780, publicada en el Diario Oficial el pasado 13 de noviembre de 2025.<\/p>\n<p style=\"text-align: justify;\">Respecto a esta iniciativa, el seremi de Justicia y Derechos Humanos Samuel Navarro explic\u00f3 que \u201cestamos muy contentos de iniciar la campa\u00f1a \u201cChile Te Defiende\u201d para poner de manifiesto este nuevo servicio p\u00fablico el Servicio Nacional de Acceso a la Justicia y Defensor\u00eda de la V\u00edctima que va a reemplazar a las Corporaciones de Asistencia Judicial, en un transito gradual y por etapas vamos a tener un servicio p\u00fablico descentralizado, m\u00e1s robusto y con mayores competencias para poder entregar asistencia jur\u00eddica gratuita a quienes no pueden pagarla, particularmente con un fuerte \u00e9nfasis en los delitos violentos, de esta forma va a tener un apoyo, una representaci\u00f3n jur\u00eddica ante los Tribunales en calidad de v\u00edctima pero tambi\u00e9n va a tener un fuerte apoyo psicosocial\u201d.<\/p>\n<p style=\"text-align: justify;\">Cabe mencionar que esta iniciativa legal va a ser fundamental para que todas las personas en nuestro pa\u00eds que requieran de representaci\u00f3n jur\u00eddica y que no tienen los recursos para contratar un abogado o una abogada que los represente en procesos civiles, en procesos laborales, en procesos de familia, en procesos de distinto tipo, puedan acceder de manera igualitaria a la justicia.<\/p>\n<p style=\"text-align: justify;\">Finalmente, cabe se\u00f1alar que la campa\u00f1a \u201cChile Te Defiende\u201d tiene como objetivo explicar, de manera clara y accesible, los beneficios del nuevo servicio y las etapas de su implementaci\u00f3n. A trav\u00e9s de contenidos digitales, testimoniales y materiales informativos, se busca acercar la reforma a las comunidades y fortalecer la comprensi\u00f3n del nuevo modelo de atenci\u00f3n. Para m\u00e1s informaci\u00f3n puedes ingresar a <a href=\"https:\/\/accesoalajusticia.gob.cl\/\">https:\/\/accesoalajusticia.gob.cl\/<\/a>.<\/p>\n<\/div><\/section><\/div><div  style='height:50px' class='hr hr-invisible   avia-builder-el-6  el_after_av_one_full  el_before_av_social_share '><span class='hr-inner ' ><span class='hr-inner-style'><\/span><\/span><\/div><\/p>\n<div  class='av-social-sharing-box  avia-builder-el-7  el_after_av_hr  el_before_av_hr  '><div class='av-share-box'><h5 class='av-share-link-description av-no-toc '>Compartir esta noticia<\/h5><ul class='av-share-box-list noLightbox'><li class='av-share-link av-social-link-facebook' ><a target=\"_blank\" aria-label=\"Compartir en Facebook\" href='https:\/\/www.facebook.com\/sharer.php?u=https:\/\/radiorevelacionfm.cl\/?p=61801&#038;t=Presentan%20campa%C3%B1a%20%E2%80%9CChile%20Te%20Defiende%E2%80%9D%20que%20informa%20sobre%20la%20creaci%C3%B3n%20del%20nuevo%20Servicio%20Nacional%20de%20Acceso%20a%20la%20Justicia%20y%20la%20Defensor%C3%ADa%20de%20V%C3%ADctimas' aria-hidden='false' data-av_icon='\ue8f3' data-av_iconfont='entypo-fontello' title='' data-avia-related-tooltip='Compartir en Facebook' rel=\"noopener\"><span class='avia_hidden_link_text'>Compartir en Facebook<\/span><\/a><\/li><li class='av-share-link av-social-link-twitter' ><a target=\"_blank\" aria-label=\"Compartir en Twitter\" href='https:\/\/twitter.com\/share?text=Presentan%20campa%C3%B1a%20%E2%80%9CChile%20Te%20Defiende%E2%80%9D%20que%20informa%20sobre%20la%20creaci%C3%B3n%20del%20nuevo%20Servicio%20Nacional%20de%20Acceso%20a%20la%20Justicia%20y%20la%20Defensor%C3%ADa%20de%20V%C3%ADctimas&#038;url=https:\/\/radiorevelacionfm.cl\/?p=61801' aria-hidden='false' data-av_icon='\ue8f1' data-av_iconfont='entypo-fontello' title='' data-avia-related-tooltip='Compartir en Twitter' rel=\"noopener\"><span class='avia_hidden_link_text'>Compartir en Twitter<\/span><\/a><\/li><li class='av-share-link av-social-link-whatsapp' ><a target=\"_blank\" aria-label=\"Compartir en Whatsapp\" href='https:\/\/api.whatsapp.com\/send?text=https:\/\/radiorevelacionfm.cl\/?p=61801' aria-hidden='false' data-av_icon='\uf232' data-av_iconfont='entypo-fontello' title='' data-avia-related-tooltip='Compartir en Whatsapp' rel=\"noopener\"><span class='avia_hidden_link_text'>Compartir en Whatsapp<\/span><\/a><\/li><li class='av-share-link av-social-link-linkedin' ><a target=\"_blank\" aria-label=\"Compartir en LinkedIn\" href='https:\/\/linkedin.com\/shareArticle?mini=true&#038;title=Presentan%20campa%C3%B1a%20%E2%80%9CChile%20Te%20Defiende%E2%80%9D%20que%20informa%20sobre%20la%20creaci%C3%B3n%20del%20nuevo%20Servicio%20Nacional%20de%20Acceso%20a%20la%20Justicia%20y%20la%20Defensor%C3%ADa%20de%20V%C3%ADctimas&#038;url=https:\/\/radiorevelacionfm.cl\/?p=61801' aria-hidden='false' data-av_icon='\ue8fc' data-av_iconfont='entypo-fontello' title='' data-avia-related-tooltip='Compartir en LinkedIn' rel=\"noopener\"><span class='avia_hidden_link_text'>Compartir en LinkedIn<\/span><\/a><\/li><li class='av-share-link av-social-link-mail' ><a  aria-label=\"Compartir por correo\" href='mailto:?subject=Presentan%20campa%C3%B1a%20%E2%80%9CChile%20Te%20Defiende%E2%80%9D%20que%20informa%20sobre%20la%20creaci%C3%B3n%20del%20nuevo%20Servicio%20Nacional%20de%20Acceso%20a%20la%20Justicia%20y%20la%20Defensor%C3%ADa%20de%20V%C3%ADctimas&#038;body=https:\/\/radiorevelacionfm.cl\/?p=61801' aria-hidden='false' data-av_icon='\ue805' data-av_iconfont='entypo-fontello' title='' data-avia-related-tooltip='Compartir por correo'><span class='avia_hidden_link_text'>Compartir por correo<\/span><\/a><\/li><\/ul><\/div><\/div>\n<div  style='height:50px' class='hr hr-invisible   avia-builder-el-8  el_after_av_social_share  el_before_av_comments_list '><span class='hr-inner ' ><span class='hr-inner-style'><\/span><\/span><\/div>\n<div  class='av-buildercomment  av-blog-meta-html-info-disabled av-blog-meta-tag-disabled  '><\/div>\n","protected":false},"excerpt":{"rendered":"","protected":false},"author":1,"featured_media":61802,"comment_status":"closed","ping_status":"closed","sticky":false,"template":"","format":"standard","meta":{"footnotes":""},"categories":[55],"tags":[],"class_list":["post-61801","post","type-post","status-publish","format-standard","has-post-thumbnail","hentry","category-justicia"],"jetpack_featured_media_url":"https:\/\/radiorevelacionfm.cl\/wp-content\/uploads\/2025\/11\/campana-1_optimized.jpg","_links":{"self":[{"href":"https:\/\/radiorevelacionfm.cl\/index.php?rest_route=\/wp\/v2\/posts\/61801","targetHints":{"allow":["GET"]}}],"collection":[{"href":"https:\/\/radiorevelacionfm.cl\/index.php?rest_route=\/wp\/v2\/posts"}],"about":[{"href":"https:\/\/radiorevelacionfm.cl\/index.php?rest_route=\/wp\/v2\/types\/post"}],"author":[{"embeddable":true,"href":"https:\/\/radiorevelacionfm.cl\/index.php?rest_route=\/wp\/v2\/users\/1"}],"replies":[{"embeddable":true,"href":"https:\/\/radiorevelacionfm.cl\/index.php?rest_route=%2Fwp%2Fv2%2Fcomments&post=61801"}],"version-history":[{"count":2,"href":"https:\/\/radiorevelacionfm.cl\/index.php?rest_route=\/wp\/v2\/posts\/61801\/revisions"}],"predecessor-version":[{"id":61817,"href":"https:\/\/radiorevelacionfm.cl\/index.php?rest_route=\/wp\/v2\/posts\/61801\/revisions\/61817"}],"wp:featuredmedia":[{"embeddable":true,"href":"https:\/\/radiorevelacionfm.cl\/index.php?rest_route=\/wp\/v2\/media\/61802"}],"wp:attachment":[{"href":"https:\/\/radiorevelacionfm.cl\/index.php?rest_route=%2Fwp%2Fv2%2Fmedia&parent=61801"}],"wp:term":[{"taxonomy":"category","embeddable":true,"href":"https:\/\/radiorevelacionfm.cl\/index.php?rest_route=%2Fwp%2Fv2%2Fcategories&post=61801"},{"taxonomy":"post_tag","embeddable":true,"href":"https:\/\/radiorevelacionfm.cl\/index.php?rest_route=%2Fwp%2Fv2%2Ftags&post=61801"}],"curies":[{"name":"wp","href":"https:\/\/api.w.org\/{rel}","templated":true}]}}