{"id":61796,"date":"2025-11-25T16:14:30","date_gmt":"2025-11-25T19:14:30","guid":{"rendered":"https:\/\/radiorevelacionfm.cl\/?p=61796"},"modified":"2025-11-25T16:14:30","modified_gmt":"2025-11-25T19:14:30","slug":"estudiantes-del-colegio-alianza-austral-viven-experiencia-de-diseno-digital-y-web-en-inacap-coyhaique","status":"publish","type":"post","link":"https:\/\/radiorevelacionfm.cl\/?p=61796","title":{"rendered":"Estudiantes del Colegio Alianza Austral viven experiencia de Dise\u00f1o Digital y Web en INACAP Coyhaique"},"content":{"rendered":"<div class=\"flex_column av_one_full  flex_column_div av-zero-column-padding first  avia-builder-el-0  el_before_av_one_full  avia-builder-el-first  \" style='border-radius:0px; '><div  class='avia-image-container  av-styling-    avia-builder-el-1  avia-builder-el-no-sibling  avia-align-center '  itemprop=\"image\" itemscope=\"itemscope\" itemtype=\"https:\/\/schema.org\/ImageObject\"  ><div class='avia-image-container-inner'><div class='avia-image-overlay-wrap'><img decoding=\"async\" class='wp-image-61798 avia-img-lazy-loading-not-61798 avia_image' src=\"https:\/\/radiorevelacionfm.cl\/wp-content\/uploads\/2025\/11\/4-2025-11-25T160531.948-1-1.jpg\" alt='' title='4 - 2025-11-25T160531.948 (1) (1)' height=\"600\" width=\"800\"  itemprop=\"thumbnailUrl\" srcset=\"https:\/\/radiorevelacionfm.cl\/wp-content\/uploads\/2025\/11\/4-2025-11-25T160531.948-1-1.jpg 800w, https:\/\/radiorevelacionfm.cl\/wp-content\/uploads\/2025\/11\/4-2025-11-25T160531.948-1-1-300x225.jpg 300w, https:\/\/radiorevelacionfm.cl\/wp-content\/uploads\/2025\/11\/4-2025-11-25T160531.948-1-1-768x576.jpg 768w, https:\/\/radiorevelacionfm.cl\/wp-content\/uploads\/2025\/11\/4-2025-11-25T160531.948-1-1-705x529.jpg 705w, https:\/\/radiorevelacionfm.cl\/wp-content\/uploads\/2025\/11\/4-2025-11-25T160531.948-1-1-450x338.jpg 450w, https:\/\/radiorevelacionfm.cl\/wp-content\/uploads\/2025\/11\/4-2025-11-25T160531.948-1-1-600x450.jpg 600w\" sizes=\"(max-width: 800px) 100vw, 800px\" \/><\/div><\/div><\/div><\/div><div class=\"flex_column av_one_full  flex_column_div av-zero-column-padding first  avia-builder-el-2  el_after_av_one_full  el_before_av_one_full  column-top-margin\" style='border-radius:0px; '><section class=\"av_textblock_section \"  itemscope=\"itemscope\" itemtype=\"https:\/\/schema.org\/BlogPosting\" itemprop=\"blogPost\" ><div class='avia_textblock  '   itemprop=\"text\" ><p style=\"text-align: center;\"><strong><span style=\"font-size: 18pt;\">Estudiantes del Colegio Alianza Austral viven experiencia de Dise\u00f1o Digital y Web en INACAP Coyhaique<\/span><\/strong><\/p>\n<div id=\"gtx-trans\" style=\"position: absolute; left: -50px; top: 4.31534px;\">\n<div class=\"gtx-trans-icon\"><\/div>\n<\/div>\n<\/div><\/section><\/div><div class=\"flex_column av_one_full  flex_column_div av-zero-column-padding first  avia-builder-el-4  el_after_av_one_full  el_before_av_hr  column-top-margin\" style='border-radius:0px; '><section class=\"av_textblock_section \"  itemscope=\"itemscope\" itemtype=\"https:\/\/schema.org\/BlogPosting\" itemprop=\"blogPost\" ><div class='avia_textblock  '   itemprop=\"text\" ><p style=\"text-align: justify;\">En el marco del Mes del Dise\u00f1o, el lunes 24 de noviembre INACAP Sede Coyhaique recibi\u00f3 a estudiantes de 2\u00b0 y 3\u00b0 medio del Colegio Alianza Austral, quienes participaron en una experiencia pr\u00e1ctica en el taller y laboratorio IMAC de la carrera de Dise\u00f1o Digital y Web. La actividad tuvo como prop\u00f3sito acercar a los escolares al mundo del dise\u00f1o, mostrando de forma aplicada los desaf\u00edos, herramientas y proyecci\u00f3n profesional de esta disciplina.<\/p>\n<p style=\"text-align: justify;\">La jornada se estructur\u00f3 como una clase demostrativa titulada\u00a0<strong>\u201cFotograf\u00eda y Stop Motion\u201d<\/strong>, en la que los y las estudiantes trabajaron en equipos, pasando por todo el flujo de producci\u00f3n digital: desde conceptos b\u00e1sicos de encuadre e iluminaci\u00f3n, creaci\u00f3n de una animaci\u00f3n en stop motion, edici\u00f3n en Adobe After Effects . Con ello, se busc\u00f3 que los participantes comprendieran el flujo de trabajo en dise\u00f1o digital, experimentaran con t\u00e9cnicas de animaci\u00f3n, valoraran la integraci\u00f3n entre dise\u00f1o 2D y tecnolog\u00edas inmersivas y fortalecieran el trabajo colaborativo y la creatividad.<\/p>\n<p style=\"text-align: justify;\">La actividad fue guiada por los docentes\u00a0<strong>Pablo Ossand\u00f3n, Cinthia Mu\u00f1oz y Esteban Ovando<\/strong>, quienes acompa\u00f1aron a los grupos en cada etapa del proceso creativo, resolviendo dudas t\u00e9cnicas y explicando c\u00f3mo estas mismas herramientas se utilizan en proyectos reales vinculados a publicidad, entretenimiento y educaci\u00f3n. Esta metodolog\u00eda permiti\u00f3 a los estudiantes vivenciar el quehacer del Dise\u00f1o Digital y Web en un entorno profesional, conectando los contenidos escolares con los requerimientos del mundo del trabajo.<\/p>\n<p style=\"text-align: justify;\">Al cierre de la jornada, el director de carrera de Dise\u00f1o Digital y Web,\u00a0<strong>Mauricio Fern\u00e1ndez<\/strong>, destac\u00f3 la relevancia estrat\u00e9gica de este tipo de instancias \u201cPara nosotros es clave abrir el laboratorio y el taller a los colegios. Estas experiencias permiten que las y los estudiantes descubran el dise\u00f1o no solo como algo creativo, sino tambi\u00e9n como una herramienta con alto impacto en las industrias creativas, en los servicios y en la transformaci\u00f3n digital de los territorios. Nuestro objetivo es que conozcan tempranamente los desaf\u00edos de la carrera, las tecnolog\u00edas con las que trabajamos y las oportunidades reales de proyectar aqu\u00ed en Ays\u00e9n una trayectoria profesional ligada al dise\u00f1o digital y la innovaci\u00f3n\u201d.<\/p>\n<p style=\"text-align: justify;\">Con iniciativas como esta, INACAP Sede Coyhaique refuerza su vinculaci\u00f3n con el entorno escolar y posiciona al Dise\u00f1o Digital y Web como una alternativa formativa pertinente, desafiante y alineada con las necesidades del desarrollo regional.<\/p>\n<\/div><\/section><\/div><div  style='height:50px' class='hr hr-invisible   avia-builder-el-6  el_after_av_one_full  el_before_av_social_share '><span class='hr-inner ' ><span class='hr-inner-style'><\/span><\/span><\/div><\/p>\n<div  class='av-social-sharing-box  avia-builder-el-7  el_after_av_hr  el_before_av_hr  '><div class='av-share-box'><h5 class='av-share-link-description av-no-toc '>Compartir esta noticia<\/h5><ul class='av-share-box-list noLightbox'><li class='av-share-link av-social-link-facebook' ><a target=\"_blank\" aria-label=\"Compartir en Facebook\" href='https:\/\/www.facebook.com\/sharer.php?u=https:\/\/radiorevelacionfm.cl\/?p=61796&#038;t=Estudiantes%20del%20Colegio%20Alianza%20Austral%20viven%20experiencia%20de%20Dise%C3%B1o%20Digital%20y%20Web%20en%20INACAP%20Coyhaique' aria-hidden='false' data-av_icon='\ue8f3' data-av_iconfont='entypo-fontello' title='' data-avia-related-tooltip='Compartir en Facebook' rel=\"noopener\"><span class='avia_hidden_link_text'>Compartir en Facebook<\/span><\/a><\/li><li class='av-share-link av-social-link-twitter' ><a target=\"_blank\" aria-label=\"Compartir en Twitter\" href='https:\/\/twitter.com\/share?text=Estudiantes%20del%20Colegio%20Alianza%20Austral%20viven%20experiencia%20de%20Dise%C3%B1o%20Digital%20y%20Web%20en%20INACAP%20Coyhaique&#038;url=https:\/\/radiorevelacionfm.cl\/?p=61796' aria-hidden='false' data-av_icon='\ue8f1' data-av_iconfont='entypo-fontello' title='' data-avia-related-tooltip='Compartir en Twitter' rel=\"noopener\"><span class='avia_hidden_link_text'>Compartir en Twitter<\/span><\/a><\/li><li class='av-share-link av-social-link-whatsapp' ><a target=\"_blank\" aria-label=\"Compartir en Whatsapp\" href='https:\/\/api.whatsapp.com\/send?text=https:\/\/radiorevelacionfm.cl\/?p=61796' aria-hidden='false' data-av_icon='\uf232' data-av_iconfont='entypo-fontello' title='' data-avia-related-tooltip='Compartir en Whatsapp' rel=\"noopener\"><span class='avia_hidden_link_text'>Compartir en Whatsapp<\/span><\/a><\/li><li class='av-share-link av-social-link-linkedin' ><a target=\"_blank\" aria-label=\"Compartir en LinkedIn\" href='https:\/\/linkedin.com\/shareArticle?mini=true&#038;title=Estudiantes%20del%20Colegio%20Alianza%20Austral%20viven%20experiencia%20de%20Dise%C3%B1o%20Digital%20y%20Web%20en%20INACAP%20Coyhaique&#038;url=https:\/\/radiorevelacionfm.cl\/?p=61796' aria-hidden='false' data-av_icon='\ue8fc' data-av_iconfont='entypo-fontello' title='' data-avia-related-tooltip='Compartir en LinkedIn' rel=\"noopener\"><span class='avia_hidden_link_text'>Compartir en LinkedIn<\/span><\/a><\/li><li class='av-share-link av-social-link-mail' ><a  aria-label=\"Compartir por correo\" href='mailto:?subject=Estudiantes%20del%20Colegio%20Alianza%20Austral%20viven%20experiencia%20de%20Dise%C3%B1o%20Digital%20y%20Web%20en%20INACAP%20Coyhaique&#038;body=https:\/\/radiorevelacionfm.cl\/?p=61796' aria-hidden='false' data-av_icon='\ue805' data-av_iconfont='entypo-fontello' title='' data-avia-related-tooltip='Compartir por correo'><span class='avia_hidden_link_text'>Compartir por correo<\/span><\/a><\/li><\/ul><\/div><\/div>\n<div  style='height:50px' class='hr hr-invisible   avia-builder-el-8  el_after_av_social_share  el_before_av_comments_list '><span class='hr-inner ' ><span class='hr-inner-style'><\/span><\/span><\/div>\n<div  class='av-buildercomment  av-blog-meta-html-info-disabled av-blog-meta-tag-disabled  '><\/div>\n","protected":false},"excerpt":{"rendered":"","protected":false},"author":1,"featured_media":61798,"comment_status":"closed","ping_status":"closed","sticky":false,"template":"","format":"standard","meta":{"footnotes":""},"categories":[49],"tags":[],"class_list":["post-61796","post","type-post","status-publish","format-standard","has-post-thumbnail","hentry","category-educacion"],"jetpack_featured_media_url":"https:\/\/radiorevelacionfm.cl\/wp-content\/uploads\/2025\/11\/4-2025-11-25T160531.948-1-1.jpg","_links":{"self":[{"href":"https:\/\/radiorevelacionfm.cl\/index.php?rest_route=\/wp\/v2\/posts\/61796","targetHints":{"allow":["GET"]}}],"collection":[{"href":"https:\/\/radiorevelacionfm.cl\/index.php?rest_route=\/wp\/v2\/posts"}],"about":[{"href":"https:\/\/radiorevelacionfm.cl\/index.php?rest_route=\/wp\/v2\/types\/post"}],"author":[{"embeddable":true,"href":"https:\/\/radiorevelacionfm.cl\/index.php?rest_route=\/wp\/v2\/users\/1"}],"replies":[{"embeddable":true,"href":"https:\/\/radiorevelacionfm.cl\/index.php?rest_route=%2Fwp%2Fv2%2Fcomments&post=61796"}],"version-history":[{"count":2,"href":"https:\/\/radiorevelacionfm.cl\/index.php?rest_route=\/wp\/v2\/posts\/61796\/revisions"}],"predecessor-version":[{"id":61800,"href":"https:\/\/radiorevelacionfm.cl\/index.php?rest_route=\/wp\/v2\/posts\/61796\/revisions\/61800"}],"wp:featuredmedia":[{"embeddable":true,"href":"https:\/\/radiorevelacionfm.cl\/index.php?rest_route=\/wp\/v2\/media\/61798"}],"wp:attachment":[{"href":"https:\/\/radiorevelacionfm.cl\/index.php?rest_route=%2Fwp%2Fv2%2Fmedia&parent=61796"}],"wp:term":[{"taxonomy":"category","embeddable":true,"href":"https:\/\/radiorevelacionfm.cl\/index.php?rest_route=%2Fwp%2Fv2%2Fcategories&post=61796"},{"taxonomy":"post_tag","embeddable":true,"href":"https:\/\/radiorevelacionfm.cl\/index.php?rest_route=%2Fwp%2Fv2%2Ftags&post=61796"}],"curies":[{"name":"wp","href":"https:\/\/api.w.org\/{rel}","templated":true}]}}