{"id":6179,"date":"2021-07-12T13:52:00","date_gmt":"2021-07-12T16:52:00","guid":{"rendered":"https:\/\/radiorevelacionfm.cl\/?p=6179"},"modified":"2021-07-12T13:52:00","modified_gmt":"2021-07-12T16:52:00","slug":"mineduc-anuncia-fondo-de-25-mil-millones-adicionales-para-todos-los-establecimientos-publicos-y-subvencionados-del-pais","status":"publish","type":"post","link":"https:\/\/radiorevelacionfm.cl\/?p=6179","title":{"rendered":"Mineduc anuncia fondo de $25 mil millones adicionales para todos los establecimientos p\u00fablicos y subvencionados del pa\u00eds"},"content":{"rendered":"<div class=\"flex_column av_one_full  flex_column_div av-zero-column-padding first  avia-builder-el-0  el_before_av_one_full  avia-builder-el-first  \" style='border-radius:0px; '><div  class='avia-image-container  av-styling-    avia-builder-el-1  avia-builder-el-no-sibling  avia-align-center '  itemprop=\"image\" itemscope=\"itemscope\" itemtype=\"https:\/\/schema.org\/ImageObject\"  ><div class='avia-image-container-inner'><div class='avia-image-overlay-wrap'><img decoding=\"async\" class='wp-image-6180 avia-img-lazy-loading-not-6180 avia_image' src=\"https:\/\/radiorevelacionfm.cl\/wp-content\/uploads\/2021\/07\/Sala-de-Clases0-1-1.jpg\" alt='' title='Sala de Clases0 (1) (1)' height=\"600\" width=\"1000\"  itemprop=\"thumbnailUrl\" srcset=\"https:\/\/radiorevelacionfm.cl\/wp-content\/uploads\/2021\/07\/Sala-de-Clases0-1-1.jpg 1000w, https:\/\/radiorevelacionfm.cl\/wp-content\/uploads\/2021\/07\/Sala-de-Clases0-1-1-300x180.jpg 300w, https:\/\/radiorevelacionfm.cl\/wp-content\/uploads\/2021\/07\/Sala-de-Clases0-1-1-768x461.jpg 768w, https:\/\/radiorevelacionfm.cl\/wp-content\/uploads\/2021\/07\/Sala-de-Clases0-1-1-705x423.jpg 705w, https:\/\/radiorevelacionfm.cl\/wp-content\/uploads\/2021\/07\/Sala-de-Clases0-1-1-600x360.jpg 600w\" sizes=\"(max-width: 1000px) 100vw, 1000px\" \/><\/div><\/div><\/div><\/div><div class=\"flex_column av_one_full  flex_column_div av-zero-column-padding first  avia-builder-el-2  el_after_av_one_full  el_before_av_one_full  column-top-margin\" style='border-radius:0px; '><section class=\"av_textblock_section \"  itemscope=\"itemscope\" itemtype=\"https:\/\/schema.org\/BlogPosting\" itemprop=\"blogPost\" ><div class='avia_textblock  '   itemprop=\"text\" ><p style=\"text-align: center;\"><strong><span style=\"font-size: 18pt;\">Mineduc anuncia fondo de $25 mil millones adicionales para todos los establecimientos p\u00fablicos y subvencionados del pa\u00eds<\/span><\/strong><\/p>\n<div id=\"gtx-trans\" style=\"position: absolute; left: -50px; top: 4.31534px;\">\n<div class=\"gtx-trans-icon\"><\/div>\n<\/div>\n<\/div><\/section><\/div><div class=\"flex_column av_one_full  flex_column_div av-zero-column-padding first  avia-builder-el-4  el_after_av_one_full  el_before_av_hr  column-top-margin\" style='border-radius:0px; '><section class=\"av_textblock_section \"  itemscope=\"itemscope\" itemtype=\"https:\/\/schema.org\/BlogPosting\" itemprop=\"blogPost\" ><div class='avia_textblock  '   itemprop=\"text\" ><p style=\"text-align: justify;\">Luego de las vacaciones de invierno se dar\u00e1 inicio a un nuevo ciclo escolar, donde a partir del segundo semestre los colegios y jardines infantiles ser\u00e1n los primeros en abrir y los \u00faltimos en cerrar en el\u00a0<a href=\"https:\/\/www.gob.cl\/coronavirus\/pasoapaso\/\" target=\"_blank\" rel=\"noopener\">plan Paso a Paso<\/a>, pudiendo abrir, incluso en cuarentena, lo que refleja el compromiso y la prioridad que ha otorgado el gobierno a la educaci\u00f3n de todos los ni\u00f1os, ni\u00f1as y j\u00f3venes del pa\u00eds.<\/p>\n<p style=\"text-align: justify;\">Como un apoyo adicional para estos establecimientos, y con el objeto de aumentar la protecci\u00f3n para los estudiantes, docentes y dem\u00e1s integrantes de las comunidades educativas, el Ministerio de Educaci\u00f3n anunci\u00f3 este viernes que se dispondr\u00e1n $25 mil millones adicionales para apoyar el retorno en todos los colegios y jardines que reciben recursos p\u00fablicos en el pa\u00eds.<\/p>\n<p style=\"text-align: justify;\">\u201cVolver a los colegios y jardines infantiles es una necesidad urgente que tienen las familias. Por eso hemos dispuesto recursos adicionales, de manera que ning\u00fan colegio ni jard\u00edn infantil tenga ning\u00fan obst\u00e1culo para poder reabrir sus puertas\u201d, coment\u00f3 el ministro de Educaci\u00f3n, Ra\u00fal Figueroa, al anunciar estos nuevos recursos.<\/p>\n<p style=\"text-align: justify;\">Estos recursos -que se suman al importante incremento en los fondos de infraestructura, el plan Yo Conf\u00edo en mi Escuela y la flexibilizaci\u00f3n de la SEP-, est\u00e1n dirigidos a la adquisici\u00f3n de insumos, accesorios o implementos de protecci\u00f3n sanitaria determinados en los protocolos sanitarios elaborados por el Ministerio de Salud y el Ministerio de Educaci\u00f3n para la reanudaci\u00f3n de clases presenciales.<\/p>\n<h3 style=\"text-align: justify;\"><strong>\u00bfQu\u00e9 implementos podr\u00e1n adquirir los establecimientos con estos recursos?<\/strong><\/h3>\n<p style=\"text-align: justify;\">Elementos para cuidado de alumnos y cuerpo docente y administrativo, tales como:<\/p>\n<ul style=\"text-align: justify;\">\n<li>Mascarilla por cada estudiante, docente y asistente<\/li>\n<li>Escudo facial por cada docente y asistente<\/li>\n<li>Term\u00f3metros<\/li>\n<li>Alcohol gel por sala<\/li>\n<li>Set de limpieza para salas (cloro, guantes, esponja, pa\u00f1o, traje)<\/li>\n<li>Medidores CO2<\/li>\n<\/ul>\n<p style=\"text-align: justify;\">Implementaci\u00f3n de adecuaciones f\u00edsicas, tales como:<\/p>\n<ul style=\"text-align: justify;\">\n<li>Separadores de espacios<\/li>\n<li>Filtros de aire<\/li>\n<li>Letreros y se\u00f1al\u00e9tica<\/li>\n<\/ul>\n<h3 style=\"text-align: justify;\"><strong>\u00bfQui\u00e9nes pueden postular y cu\u00e1ndo se entregar\u00e1n los fondos?<\/strong><\/h3>\n<p style=\"text-align: justify;\">Todos los sostenedores, representantes legales o administradores de establecimientos educacionales con subvenci\u00f3n del Estado podr\u00e1n postular a estos recursos adicionales. El plazo de postulaci\u00f3n ser\u00e1 desde el 2 al 6 de agosto de 2021 y el pago se realizar\u00e1 20 d\u00edas a contar del t\u00e9rmino de la postulaci\u00f3n.<\/p>\n<\/div><\/section><\/div><div  style='height:50px' class='hr hr-invisible   avia-builder-el-6  el_after_av_one_full  el_before_av_social_share '><span class='hr-inner ' ><span class='hr-inner-style'><\/span><\/span><\/div><\/p>\n<div  class='av-social-sharing-box  avia-builder-el-7  el_after_av_hr  el_before_av_hr  '><div class='av-share-box'><h5 class='av-share-link-description av-no-toc '>Compartir esta noticia<\/h5><ul class='av-share-box-list noLightbox'><li class='av-share-link av-social-link-facebook' ><a target=\"_blank\" aria-label=\"Compartir en Facebook\" href='https:\/\/www.facebook.com\/sharer.php?u=https:\/\/radiorevelacionfm.cl\/?p=6179&#038;t=Mineduc%20anuncia%20fondo%20de%20%2425%20mil%20millones%20adicionales%20para%20todos%20los%20establecimientos%20p%C3%BAblicos%20y%20subvencionados%20del%20pa%C3%ADs' aria-hidden='false' data-av_icon='\ue8f3' data-av_iconfont='entypo-fontello' title='' data-avia-related-tooltip='Compartir en Facebook' rel=\"noopener\"><span class='avia_hidden_link_text'>Compartir en Facebook<\/span><\/a><\/li><li class='av-share-link av-social-link-twitter' ><a target=\"_blank\" aria-label=\"Compartir en Twitter\" href='https:\/\/twitter.com\/share?text=Mineduc%20anuncia%20fondo%20de%20%2425%20mil%20millones%20adicionales%20para%20todos%20los%20establecimientos%20p%C3%BAblicos%20y%20subvencionados%20del%20pa%C3%ADs&#038;url=https:\/\/radiorevelacionfm.cl\/?p=6179' aria-hidden='false' data-av_icon='\ue8f1' data-av_iconfont='entypo-fontello' title='' data-avia-related-tooltip='Compartir en Twitter' rel=\"noopener\"><span class='avia_hidden_link_text'>Compartir en Twitter<\/span><\/a><\/li><li class='av-share-link av-social-link-whatsapp' ><a target=\"_blank\" aria-label=\"Compartir en Whatsapp\" href='https:\/\/api.whatsapp.com\/send?text=https:\/\/radiorevelacionfm.cl\/?p=6179' aria-hidden='false' data-av_icon='\uf232' data-av_iconfont='entypo-fontello' title='' data-avia-related-tooltip='Compartir en Whatsapp' rel=\"noopener\"><span class='avia_hidden_link_text'>Compartir en Whatsapp<\/span><\/a><\/li><li class='av-share-link av-social-link-linkedin' ><a target=\"_blank\" aria-label=\"Compartir en LinkedIn\" href='https:\/\/linkedin.com\/shareArticle?mini=true&#038;title=Mineduc%20anuncia%20fondo%20de%20%2425%20mil%20millones%20adicionales%20para%20todos%20los%20establecimientos%20p%C3%BAblicos%20y%20subvencionados%20del%20pa%C3%ADs&#038;url=https:\/\/radiorevelacionfm.cl\/?p=6179' aria-hidden='false' data-av_icon='\ue8fc' data-av_iconfont='entypo-fontello' title='' data-avia-related-tooltip='Compartir en LinkedIn' rel=\"noopener\"><span class='avia_hidden_link_text'>Compartir en LinkedIn<\/span><\/a><\/li><li class='av-share-link av-social-link-mail' ><a  aria-label=\"Compartir por correo\" href='mailto:?subject=Mineduc%20anuncia%20fondo%20de%20%2425%20mil%20millones%20adicionales%20para%20todos%20los%20establecimientos%20p%C3%BAblicos%20y%20subvencionados%20del%20pa%C3%ADs&#038;body=https:\/\/radiorevelacionfm.cl\/?p=6179' aria-hidden='false' data-av_icon='\ue805' data-av_iconfont='entypo-fontello' title='' data-avia-related-tooltip='Compartir por correo'><span class='avia_hidden_link_text'>Compartir por correo<\/span><\/a><\/li><\/ul><\/div><\/div>\n<div  style='height:50px' class='hr hr-invisible   avia-builder-el-8  el_after_av_social_share  el_before_av_comments_list '><span class='hr-inner ' ><span class='hr-inner-style'><\/span><\/span><\/div>\n<div  class='av-buildercomment  av-blog-meta-html-info-disabled av-blog-meta-tag-disabled  '><\/div>\n","protected":false},"excerpt":{"rendered":"","protected":false},"author":1,"featured_media":6180,"comment_status":"open","ping_status":"open","sticky":false,"template":"","format":"standard","meta":{"footnotes":""},"categories":[49],"tags":[],"class_list":["post-6179","post","type-post","status-publish","format-standard","has-post-thumbnail","hentry","category-educacion"],"jetpack_featured_media_url":"https:\/\/radiorevelacionfm.cl\/wp-content\/uploads\/2021\/07\/Sala-de-Clases0-1-1.jpg","_links":{"self":[{"href":"https:\/\/radiorevelacionfm.cl\/index.php?rest_route=\/wp\/v2\/posts\/6179","targetHints":{"allow":["GET"]}}],"collection":[{"href":"https:\/\/radiorevelacionfm.cl\/index.php?rest_route=\/wp\/v2\/posts"}],"about":[{"href":"https:\/\/radiorevelacionfm.cl\/index.php?rest_route=\/wp\/v2\/types\/post"}],"author":[{"embeddable":true,"href":"https:\/\/radiorevelacionfm.cl\/index.php?rest_route=\/wp\/v2\/users\/1"}],"replies":[{"embeddable":true,"href":"https:\/\/radiorevelacionfm.cl\/index.php?rest_route=%2Fwp%2Fv2%2Fcomments&post=6179"}],"version-history":[{"count":1,"href":"https:\/\/radiorevelacionfm.cl\/index.php?rest_route=\/wp\/v2\/posts\/6179\/revisions"}],"predecessor-version":[{"id":6181,"href":"https:\/\/radiorevelacionfm.cl\/index.php?rest_route=\/wp\/v2\/posts\/6179\/revisions\/6181"}],"wp:featuredmedia":[{"embeddable":true,"href":"https:\/\/radiorevelacionfm.cl\/index.php?rest_route=\/wp\/v2\/media\/6180"}],"wp:attachment":[{"href":"https:\/\/radiorevelacionfm.cl\/index.php?rest_route=%2Fwp%2Fv2%2Fmedia&parent=6179"}],"wp:term":[{"taxonomy":"category","embeddable":true,"href":"https:\/\/radiorevelacionfm.cl\/index.php?rest_route=%2Fwp%2Fv2%2Fcategories&post=6179"},{"taxonomy":"post_tag","embeddable":true,"href":"https:\/\/radiorevelacionfm.cl\/index.php?rest_route=%2Fwp%2Fv2%2Ftags&post=6179"}],"curies":[{"name":"wp","href":"https:\/\/api.w.org\/{rel}","templated":true}]}}