{"id":61785,"date":"2025-11-25T12:01:37","date_gmt":"2025-11-25T15:01:37","guid":{"rendered":"https:\/\/radiorevelacionfm.cl\/?p=61785"},"modified":"2025-11-25T12:01:37","modified_gmt":"2025-11-25T15:01:37","slug":"consejo-para-la-transparencia-presiona-a-delegado-presidencial-de-aysen-instruye-entregar-antecedentes-por-contaminacion-minera-en-alto-manihuales","status":"publish","type":"post","link":"https:\/\/radiorevelacionfm.cl\/?p=61785","title":{"rendered":"Consejo para la Transparencia presiona a delegado presidencial de Ays\u00e9n: Instruye entregar antecedentes por contaminaci\u00f3n minera en Alto Ma\u00f1ihuales"},"content":{"rendered":"<div class=\"flex_column av_one_full  flex_column_div av-zero-column-padding first  avia-builder-el-0  el_before_av_one_full  avia-builder-el-first  \" style='border-radius:0px; '><div  class='avia-image-container  av-styling-    avia-builder-el-1  avia-builder-el-no-sibling  avia-align-center '  itemprop=\"image\" itemscope=\"itemscope\" itemtype=\"https:\/\/schema.org\/ImageObject\"  ><div class='avia-image-container-inner'><div class='avia-image-overlay-wrap'><img decoding=\"async\" class='wp-image-55436 avia-img-lazy-loading-not-55436 avia_image' src=\"https:\/\/radiorevelacionfm.cl\/wp-content\/uploads\/2025\/06\/relave-confluencia-alto-manihuales-1_optimized-1.jpg\" alt='' title='relave-confluencia-alto-ma\u00f1ihuales-(1)_optimized (1)' height=\"600\" width=\"1067\"  itemprop=\"thumbnailUrl\" srcset=\"https:\/\/radiorevelacionfm.cl\/wp-content\/uploads\/2025\/06\/relave-confluencia-alto-manihuales-1_optimized-1.jpg 1067w, https:\/\/radiorevelacionfm.cl\/wp-content\/uploads\/2025\/06\/relave-confluencia-alto-manihuales-1_optimized-1-300x169.jpg 300w, https:\/\/radiorevelacionfm.cl\/wp-content\/uploads\/2025\/06\/relave-confluencia-alto-manihuales-1_optimized-1-1030x579.jpg 1030w, https:\/\/radiorevelacionfm.cl\/wp-content\/uploads\/2025\/06\/relave-confluencia-alto-manihuales-1_optimized-1-768x432.jpg 768w, https:\/\/radiorevelacionfm.cl\/wp-content\/uploads\/2025\/06\/relave-confluencia-alto-manihuales-1_optimized-1-705x396.jpg 705w, https:\/\/radiorevelacionfm.cl\/wp-content\/uploads\/2025\/06\/relave-confluencia-alto-manihuales-1_optimized-1-450x253.jpg 450w, https:\/\/radiorevelacionfm.cl\/wp-content\/uploads\/2025\/06\/relave-confluencia-alto-manihuales-1_optimized-1-600x337.jpg 600w\" sizes=\"(max-width: 1067px) 100vw, 1067px\" \/><\/div><\/div><\/div><\/div><div class=\"flex_column av_one_full  flex_column_div av-zero-column-padding first  avia-builder-el-2  el_after_av_one_full  el_before_av_one_full  column-top-margin\" style='border-radius:0px; '><section class=\"av_textblock_section \"  itemscope=\"itemscope\" itemtype=\"https:\/\/schema.org\/BlogPosting\" itemprop=\"blogPost\" ><div class='avia_textblock  '   itemprop=\"text\" ><p style=\"text-align: center;\"><span style=\"font-size: 18pt;\"><b><span lang=\"ES-TRAD\">Consejo para la Transparencia presiona a delegado presidencial de Ays\u00e9n: Instruye entregar antecedentes por contaminaci\u00f3n minera en Alto Ma\u00f1ihuales<\/span><\/b><\/span><\/p>\n<div id=\"gtx-trans\" style=\"position: absolute; left: -50px; top: 4.31534px;\">\n<div class=\"gtx-trans-icon\"><\/div>\n<\/div>\n<\/div><\/section><\/div><div class=\"flex_column av_one_full  flex_column_div av-zero-column-padding first  avia-builder-el-4  el_after_av_one_full  el_before_av_hr  column-top-margin\" style='border-radius:0px; '><section class=\"av_textblock_section \"  itemscope=\"itemscope\" itemtype=\"https:\/\/schema.org\/BlogPosting\" itemprop=\"blogPost\" ><div class='avia_textblock  '   itemprop=\"text\" ><p style=\"font-weight: 400; text-align: justify;\"><em>En junio de este a\u00f1o, la autoridad regional justific\u00f3 las d\u00e9biles acciones del gobierno en la materia aludiendo a una \u201cminuta\u201d que habr\u00eda tenido a la vista y a la \u201cque puede tener acceso toda la opini\u00f3n p\u00fablica\u201d. Sin embargo, al requer\u00edrsele v\u00eda Ley de Transparencia<\/em><em>, no ha procedido a\u00a0su entrega.<\/em><\/p>\n<p style=\"font-weight: 400; text-align: justify;\">Preocupaci\u00f3n y molestia.<\/p>\n<p style=\"font-weight: 400; text-align: justify;\">Tales son las sensaciones de los dirigentes de las organizaciones que impulsan, desde hace a\u00f1os pero con m\u00e1s fuerza desde enero de 2025, que el Estado aborde con claridad los graves impactos ambientales que ha generado la actividad minera en Alto Ma\u00f1ihuales. A pesar de los esfuerzos por convocar a un espacio en que participen todos los actores, el gobierno en Ays\u00e9n liderado por el delegado presidencial regional, Jorge D\u00edaz Guzm\u00e1n, no s\u00f3lo no ha asumido con fuerza el problema sino que ha puesto obst\u00e1culos para la entrega de informaci\u00f3n clave.<\/p>\n<p style=\"font-weight: 400; text-align: justify;\">Esta situaci\u00f3n ha sido refrendada por una reciente resoluci\u00f3n del Consejo para la Transparencia (CPLT) que instruye a la autoridad entregar los antecedentes que se han esgrimido para no tomar el asunto con mayor fuerza. Se trata de una \u201c<em>minuta cient\u00edfica<\/em>\u201d, a la que aludi\u00f3 el delegado en\u00a0<a href=\"https:\/\/ftp.eldivisadero.cl\/_noticia\/Delegado-Presidencial-Regional-sobre-Alto-Ma%C3%B1ihuales-Nadie-esconde-nada\/NzkwODE=\" data-saferedirecturl=\"https:\/\/www.google.com\/url?q=https:\/\/ftp.eldivisadero.cl\/_noticia\/Delegado-Presidencial-Regional-sobre-Alto-Ma%25C3%25B1ihuales-Nadie-esconde-nada\/NzkwODE%3D&amp;source=gmail&amp;ust=1764168868046000&amp;usg=AOvVaw0PrhoOmtiMGGJL-b4BJCGP\">entrevista publicada el 5 de junio de 2025<\/a>, la cual justificar\u00eda su falta de acciones en la materia y a la cual, explic\u00f3 en la ocasi\u00f3n, \u201c<em>puede tener acceso toda la opini\u00f3n p\u00fablica<\/em>\u201d.<\/p>\n<p style=\"font-weight: 400; text-align: justify;\">En el medio, la autoridad asever\u00f3 que \u201c<em>nosotros, desde el punto de vista de la Superintendencia, como del sector de Sernageomin y del Ministerio de Miner\u00eda, no tenemos denuncias recientes de eso. Lo que pasa es que se reflot\u00f3 de algo que ocurri\u00f3 el a\u00f1o 2015.<\/em>\u201d. Palabras que fueron tomadas con preocupaci\u00f3n por habitantes y organizaciones de la sociedad civil que, por m\u00e1s de una d\u00e9cada, han demandado que la situaci\u00f3n de contaminaci\u00f3n minera en Alto Ma\u00f1ihuales sea debidamente abordada.<\/p>\n<p style=\"font-weight: 400; text-align: justify;\">\u201c<em>La informaci\u00f3n p\u00fablica a la que hemos tenido acceso, ya entonces contrariaba lo informado por el delegado. Al contrario de lo sostenido p\u00fablicamente por la autoridad, en este caso no s\u00f3lo existe evidencias que se remontan al a\u00f1o 2015, sino que hay un informe del SAG que da cuenta de muerte de equinos, durante el a\u00f1o 2021, intoxicados por metales pesados, adem\u00e1s de relatos y denuncias de vecinos del sector por fallecimiento de una decena de vacunos durante 2024<\/em>.\u201d explic\u00f3 el presidente de Corporaci\u00f3n Privada para el Desarrollo de Ays\u00e9n (CODESA), Erwin Sandoval Gallardo. \u201c<em>As\u00ed, siendo evidente la falsa informaci\u00f3n entregada por el delegado, que no hace sino bajar el perfil a la crisis de derechos humanos que se vive en Alto Ma\u00f1ihuales, solicitamos por Ley de Transparencia acceso a la documentaci\u00f3n en la cual sustent\u00f3 sus palabras<\/em>\u201d.<\/p>\n<p style=\"font-weight: 400; text-align: justify;\">Frente al requerimiento de informaci\u00f3n, desde la Delegaci\u00f3n Presidencial Regional (DPR) se\u00f1alaron que la \u201c<em>minuta<\/em>\u201d a que hizo referencia D\u00edaz Guzm\u00e1n hab\u00eda sido elaborada por el Servicio Agr\u00edcola Ganadero y la seremi de Miner\u00eda, por lo cual deriv\u00f3 la consulta a dichos organismos, sin hacer entrega de la informaci\u00f3n solicitada. Sin embargo, el supuesto documento que justificar\u00eda la inexistencia de antecedentes de contaminaci\u00f3n posteriores al a\u00f1o 2015 nunca lleg\u00f3.<\/p>\n<p style=\"font-weight: 400; text-align: justify;\">Por el contrario, se otorg\u00f3 acceso al Oficio Ordinario n\u00famero 453\/2021 del director del SAG Mat\u00edas Vial Orueta, fechado el 21 de diciembre de 2021, en el que expresamente se informa a la seremi de Salud y Medio Ambiente, durante el segundo gobierno de Sebasti\u00e1n Pi\u00f1era, sobre la muerte de animales desde agosto del 2021 y en el cual se concluye que \u201c<em>los equinos afectados estar\u00edan siendo indicador biol\u00f3gico de un ambiente contaminado que podr\u00eda afectar a las personas, por lo que se sugiere establecer una mesa conjunta para definir una estrategia de abordaje de este nuevo evento<\/em>\u201d.<\/p>\n<p style=\"font-weight: 400; text-align: justify;\">No se tiene informaci\u00f3n de que en esa \u00e9poca se haya constituido la mesa de trabajo.<\/p>\n<p style=\"font-weight: 400; text-align: justify;\"><strong>Resoluci\u00f3n del CPLT<\/strong><\/p>\n<p style=\"font-weight: 400; text-align: justify;\">Frente a la negativa respuesta de la DPR, el presidente de CODESA present\u00f3 un amparo a su derecho de acceso a la informaci\u00f3n p\u00fablica ante el Consejo para la Transparencia, \u00f3rgano que, por resoluci\u00f3n del 18 de noviembre, orden\u00f3 que se \u201c<em>entregue al reclamante copia de la minuta mencionada por el se\u00f1or delegado presidencial regional en la nota de prensa que indica, y respecto de la cual se\u00f1al\u00f3 que pod\u00eda tener acceso toda la opini\u00f3n p\u00fablica<\/em>\u201d.<\/p>\n<p style=\"font-weight: 400; text-align: justify;\">A la fecha, a pesar de los hechos constatados, el gobierno se ha resistido a liderar un proceso que aborde la situaci\u00f3n, que hoy involucra a la compa\u00f1\u00eda Minera Pac\u00edfico del Sur SpA, controladora de Mina Alto Ma\u00f1ihuales. \u201c<em>Tras la evidencia levantada en el procedimiento sancionatorio concluido el a\u00f1o 2018 por la SMA, los efectos de la contaminaci\u00f3n causada por las instalaciones del yacimiento minero El Toqui se han seguido acrecentando, existiendo evidencia cient\u00edfica, denuncias ante los servicios p\u00fablicos relacionados e, inclusive, relatos de vecinos y vecinas de Alto Ma\u00f1ihuales expuestos ante las autoridades con competencia en la materia<\/em>\u201d indic\u00f3 el dirigente.<\/p>\n<p style=\"font-weight: 400; text-align: justify;\">\u201c<em>Mentir a la ciudadan\u00eda con el objeto de disminuir la gravedad de la situaci\u00f3n en Alto Ma\u00f1ihuales no puede quedar exento de reproche. En este caso ha quedado en evidencia que el representante del Presidente de la Rep\u00fablica minti\u00f3 deliberadamente y sin sustento, baj\u00e1ndole el perfil a la grave situaci\u00f3n que ocurre en Alto Ma\u00f1ihuales y desconociendo la evidencia que obra en poder de los \u00f3rganos competentes. El se\u00f1or D\u00edaz Guzm\u00e1n le debe una explicaci\u00f3n a la comunidad\u00bb<\/em>.<\/p>\n<p style=\"font-weight: 400; text-align: justify;\">El Consejo para la Transparencia otorg\u00f3 un plazo de 5 d\u00edas a la Delegaci\u00f3n Presidencial Regional para dar cumplimiento a lo ordenado. Plazo que vence este jueves 27 de noviembre.<\/p>\n<p style=\"font-weight: 400; text-align: justify;\">Esta situaci\u00f3n ser\u00e1 parte del conversatorio que este s\u00e1bado 29 de noviembre, desde las 13:00 hrs., se desarrollar\u00e1 en el\u00a0<strong>Festival Ladera Sur<\/strong>\u00a0en Santiago, bajo el t\u00edtulo: \u201c<em>Relaves en Chile: \u00bfC\u00f3mo abordan las comunidades y la ciencia estos activos-agresores ambientales?<\/em>\u201d, que organizan en conjunto CODESA, Ecosistemas y Fundaci\u00f3n Aysenda.<\/p>\n<\/div><\/section><\/div><div  style='height:50px' class='hr hr-invisible   avia-builder-el-6  el_after_av_one_full  el_before_av_social_share '><span class='hr-inner ' ><span class='hr-inner-style'><\/span><\/span><\/div><\/p>\n<div  class='av-social-sharing-box  avia-builder-el-7  el_after_av_hr  el_before_av_hr  '><div class='av-share-box'><h5 class='av-share-link-description av-no-toc '>Compartir esta noticia<\/h5><ul class='av-share-box-list noLightbox'><li class='av-share-link av-social-link-facebook' ><a target=\"_blank\" aria-label=\"Compartir en Facebook\" href='https:\/\/www.facebook.com\/sharer.php?u=https:\/\/radiorevelacionfm.cl\/?p=61785&#038;t=Consejo%20para%20la%20Transparencia%20presiona%20a%20delegado%20presidencial%20de%20Ays%C3%A9n%3A%20Instruye%20entregar%20antecedentes%20por%20contaminaci%C3%B3n%20minera%20en%20Alto%20Ma%C3%B1ihuales' aria-hidden='false' data-av_icon='\ue8f3' data-av_iconfont='entypo-fontello' title='' data-avia-related-tooltip='Compartir en Facebook' rel=\"noopener\"><span class='avia_hidden_link_text'>Compartir en Facebook<\/span><\/a><\/li><li class='av-share-link av-social-link-twitter' ><a target=\"_blank\" aria-label=\"Compartir en Twitter\" href='https:\/\/twitter.com\/share?text=Consejo%20para%20la%20Transparencia%20presiona%20a%20delegado%20presidencial%20de%20Ays%C3%A9n%3A%20Instruye%20entregar%20antecedentes%20por%20contaminaci%C3%B3n%20minera%20en%20Alto%20Ma%C3%B1ihuales&#038;url=https:\/\/radiorevelacionfm.cl\/?p=61785' aria-hidden='false' data-av_icon='\ue8f1' data-av_iconfont='entypo-fontello' title='' data-avia-related-tooltip='Compartir en Twitter' rel=\"noopener\"><span class='avia_hidden_link_text'>Compartir en Twitter<\/span><\/a><\/li><li class='av-share-link av-social-link-whatsapp' ><a target=\"_blank\" aria-label=\"Compartir en Whatsapp\" href='https:\/\/api.whatsapp.com\/send?text=https:\/\/radiorevelacionfm.cl\/?p=61785' aria-hidden='false' data-av_icon='\uf232' data-av_iconfont='entypo-fontello' title='' data-avia-related-tooltip='Compartir en Whatsapp' rel=\"noopener\"><span class='avia_hidden_link_text'>Compartir en Whatsapp<\/span><\/a><\/li><li class='av-share-link av-social-link-linkedin' ><a target=\"_blank\" aria-label=\"Compartir en LinkedIn\" href='https:\/\/linkedin.com\/shareArticle?mini=true&#038;title=Consejo%20para%20la%20Transparencia%20presiona%20a%20delegado%20presidencial%20de%20Ays%C3%A9n%3A%20Instruye%20entregar%20antecedentes%20por%20contaminaci%C3%B3n%20minera%20en%20Alto%20Ma%C3%B1ihuales&#038;url=https:\/\/radiorevelacionfm.cl\/?p=61785' aria-hidden='false' data-av_icon='\ue8fc' data-av_iconfont='entypo-fontello' title='' data-avia-related-tooltip='Compartir en LinkedIn' rel=\"noopener\"><span class='avia_hidden_link_text'>Compartir en LinkedIn<\/span><\/a><\/li><li class='av-share-link av-social-link-mail' ><a  aria-label=\"Compartir por correo\" href='mailto:?subject=Consejo%20para%20la%20Transparencia%20presiona%20a%20delegado%20presidencial%20de%20Ays%C3%A9n%3A%20Instruye%20entregar%20antecedentes%20por%20contaminaci%C3%B3n%20minera%20en%20Alto%20Ma%C3%B1ihuales&#038;body=https:\/\/radiorevelacionfm.cl\/?p=61785' aria-hidden='false' data-av_icon='\ue805' data-av_iconfont='entypo-fontello' title='' data-avia-related-tooltip='Compartir por correo'><span class='avia_hidden_link_text'>Compartir por correo<\/span><\/a><\/li><\/ul><\/div><\/div>\n<div  style='height:50px' class='hr hr-invisible   avia-builder-el-8  el_after_av_social_share  el_before_av_comments_list '><span class='hr-inner ' ><span class='hr-inner-style'><\/span><\/span><\/div>\n<div  class='av-buildercomment  av-blog-meta-html-info-disabled av-blog-meta-tag-disabled  '><\/div>\n","protected":false},"excerpt":{"rendered":"","protected":false},"author":1,"featured_media":55436,"comment_status":"closed","ping_status":"closed","sticky":false,"template":"","format":"standard","meta":{"footnotes":""},"categories":[38],"tags":[],"class_list":["post-61785","post","type-post","status-publish","format-standard","has-post-thumbnail","hentry","category-regional"],"jetpack_featured_media_url":"https:\/\/radiorevelacionfm.cl\/wp-content\/uploads\/2025\/06\/relave-confluencia-alto-manihuales-1_optimized-1.jpg","_links":{"self":[{"href":"https:\/\/radiorevelacionfm.cl\/index.php?rest_route=\/wp\/v2\/posts\/61785","targetHints":{"allow":["GET"]}}],"collection":[{"href":"https:\/\/radiorevelacionfm.cl\/index.php?rest_route=\/wp\/v2\/posts"}],"about":[{"href":"https:\/\/radiorevelacionfm.cl\/index.php?rest_route=\/wp\/v2\/types\/post"}],"author":[{"embeddable":true,"href":"https:\/\/radiorevelacionfm.cl\/index.php?rest_route=\/wp\/v2\/users\/1"}],"replies":[{"embeddable":true,"href":"https:\/\/radiorevelacionfm.cl\/index.php?rest_route=%2Fwp%2Fv2%2Fcomments&post=61785"}],"version-history":[{"count":2,"href":"https:\/\/radiorevelacionfm.cl\/index.php?rest_route=\/wp\/v2\/posts\/61785\/revisions"}],"predecessor-version":[{"id":61787,"href":"https:\/\/radiorevelacionfm.cl\/index.php?rest_route=\/wp\/v2\/posts\/61785\/revisions\/61787"}],"wp:featuredmedia":[{"embeddable":true,"href":"https:\/\/radiorevelacionfm.cl\/index.php?rest_route=\/wp\/v2\/media\/55436"}],"wp:attachment":[{"href":"https:\/\/radiorevelacionfm.cl\/index.php?rest_route=%2Fwp%2Fv2%2Fmedia&parent=61785"}],"wp:term":[{"taxonomy":"category","embeddable":true,"href":"https:\/\/radiorevelacionfm.cl\/index.php?rest_route=%2Fwp%2Fv2%2Fcategories&post=61785"},{"taxonomy":"post_tag","embeddable":true,"href":"https:\/\/radiorevelacionfm.cl\/index.php?rest_route=%2Fwp%2Fv2%2Ftags&post=61785"}],"curies":[{"name":"wp","href":"https:\/\/api.w.org\/{rel}","templated":true}]}}