{"id":61776,"date":"2025-11-25T11:02:49","date_gmt":"2025-11-25T14:02:49","guid":{"rendered":"https:\/\/radiorevelacionfm.cl\/?p=61776"},"modified":"2025-11-25T11:02:49","modified_gmt":"2025-11-25T14:02:49","slug":"abogado-defensor-de-miguel-angel-calisto-en-ningun-caso-la-formalizacion-por-si-sola-supone-una-condena-ni-tampoco-una-inhabilidad-para-asumir-como-senador","status":"publish","type":"post","link":"https:\/\/radiorevelacionfm.cl\/?p=61776","title":{"rendered":"Abogado defensor de Miguel \u00c1ngel Calisto: \u00abEn ning\u00fan caso la formalizaci\u00f3n por s\u00ed sola supone una condena ni tampoco una inhabilidad para asumir como Senador\u00bb"},"content":{"rendered":"<div class=\"flex_column av_one_full  flex_column_div av-zero-column-padding first  avia-builder-el-0  el_before_av_one_full  avia-builder-el-first  \" style='border-radius:0px; '><div  class='avia-image-container  av-styling-    avia-builder-el-1  avia-builder-el-no-sibling  avia-align-center '  itemprop=\"image\" itemscope=\"itemscope\" itemtype=\"https:\/\/schema.org\/ImageObject\"  ><div class='avia-image-container-inner'><div class='avia-image-overlay-wrap'><img decoding=\"async\" class='wp-image-61778 avia-img-lazy-loading-not-61778 avia_image' src=\"https:\/\/radiorevelacionfm.cl\/wp-content\/uploads\/2025\/11\/19-cesar-ramos-1-1_optimized.jpg\" alt='' title='19-cesar-ramos-(1)-(1)_optimized' height=\"600\" width=\"902\"  itemprop=\"thumbnailUrl\" srcset=\"https:\/\/radiorevelacionfm.cl\/wp-content\/uploads\/2025\/11\/19-cesar-ramos-1-1_optimized.jpg 902w, https:\/\/radiorevelacionfm.cl\/wp-content\/uploads\/2025\/11\/19-cesar-ramos-1-1_optimized-300x200.jpg 300w, https:\/\/radiorevelacionfm.cl\/wp-content\/uploads\/2025\/11\/19-cesar-ramos-1-1_optimized-768x511.jpg 768w, https:\/\/radiorevelacionfm.cl\/wp-content\/uploads\/2025\/11\/19-cesar-ramos-1-1_optimized-705x469.jpg 705w, https:\/\/radiorevelacionfm.cl\/wp-content\/uploads\/2025\/11\/19-cesar-ramos-1-1_optimized-450x299.jpg 450w, https:\/\/radiorevelacionfm.cl\/wp-content\/uploads\/2025\/11\/19-cesar-ramos-1-1_optimized-600x399.jpg 600w\" sizes=\"(max-width: 902px) 100vw, 902px\" \/><\/div><\/div><\/div><\/div><div class=\"flex_column av_one_full  flex_column_div av-zero-column-padding first  avia-builder-el-2  el_after_av_one_full  el_before_av_one_full  column-top-margin\" style='border-radius:0px; '><section class=\"av_textblock_section \"  itemscope=\"itemscope\" itemtype=\"https:\/\/schema.org\/BlogPosting\" itemprop=\"blogPost\" ><div class='avia_textblock  '   itemprop=\"text\" ><p style=\"text-align: center;\"><strong><span style=\"font-size: 18pt;\">Abogado defensor de Miguel \u00c1ngel Calisto: \u00abEn ning\u00fan caso la formalizaci\u00f3n por s\u00ed sola supone una condena ni tampoco una inhabilidad para asumir como Senador\u00bb<\/span><\/strong><\/p>\n<div id=\"gtx-trans\" style=\"position: absolute; left: -50px; top: 4.31534px;\">\n<div class=\"gtx-trans-icon\"><\/div>\n<\/div>\n<\/div><\/section><\/div><div class=\"flex_column av_one_full  flex_column_div av-zero-column-padding first  avia-builder-el-4  el_after_av_one_full  el_before_av_hr  column-top-margin\" style='border-radius:0px; '><section class=\"av_textblock_section \"  itemscope=\"itemscope\" itemtype=\"https:\/\/schema.org\/BlogPosting\" itemprop=\"blogPost\" ><div class='avia_textblock  '   itemprop=\"text\" ><p style=\"text-align: justify;\"><b>C\u00e9sar Ramos<\/b>, abogado defensor del diputado y senador electo\u00a0<b>Miguel \u00c1ngel Calisto<\/b>, se refiri\u00f3 a la solicitud de formalizaci\u00f3n de la investigaci\u00f3n presentada por el Ministerio P\u00fablico, asegurando que esta instancia \u201ces una oportunidad para presentar una defensa contundente\u201d.<b><\/b><\/p>\n<p style=\"text-align: justify;\">Ramos, quien es socio del estudio Boffil Escobar Silva Abogados, \u00a0se\u00f1al\u00f3 que la solicitud de formalizaci\u00f3n \u00abdebe entenderse como la\u00a0<b>consecuencia obvia y l\u00f3gica<\/b>\u00a0de la solicitud de desafuero que present\u00f3 el Ministerio P\u00fablico a mediados de este a\u00f1o\u00bb.<\/p>\n<p style=\"text-align: justify;\">En su declaraci\u00f3n, Ramos explic\u00f3 que \u00abluego de una tramitaci\u00f3n en dos instancias, en la que la Corte Suprema termin\u00f3 por definir irrefutablemente el desafuero del se\u00f1or Calisto, lo que corresponde l\u00f3gicamente a consecuencia de esa decisi\u00f3n es la solicitud de formalizaci\u00f3n por parte del Ministerio P\u00fablico. Por lo tanto,\u00a0<b>no se trata de algo que no estuviese previsto<\/b>.\u00bb<\/p>\n<p style=\"text-align: justify;\">El abogado destac\u00f3 la importancia de esta etapa procesal para la defensa, enfatizando que la audiencia de formalizaci\u00f3n permitir\u00e1 precisar los hechos que constituyen la imputaci\u00f3n. \u00abPor el contrario, al tratarse de una decisi\u00f3n en la que la audiencia de formalizaci\u00f3n\u00a0<b>precisa cu\u00e1les son los hechos que constituyen la imputaci\u00f3n<\/b>, es una oportunidad para que, respecto de estos hechos, el diputado y esta defensa puedan presentar todos sus argumentos, evidencias y solicitudes de diligencias para plantear una\u00a0<b>adecuada defensa y refutar la imputaci\u00f3n del Ministerio P\u00fablico<\/b>.\u00bb<\/p>\n<p style=\"text-align: justify;\">Ramos fue enf\u00e1tico al se\u00f1alar las implicancias de esta diligencia, indicando que \u00ab<b>en ning\u00fan caso la formalizaci\u00f3n por s\u00ed sola supone una condena ni tampoco una inhabilidad para asumir como Senador<\/b>.\u00bb<\/p>\n<p style=\"text-align: justify;\">Finalmente, concluy\u00f3 que este es el momento crucial para la investigaci\u00f3n: \u00abEs el momento, en consecuencia, en que la investigaci\u00f3n toma un curso respecto de unos\u00a0<b>hechos precisos y determinados<\/b>\u00a0para que podamos plantear y acompa\u00f1ar las\u00a0<b>pruebas contundentes que tiene la defensa<\/b>\u00a0para efectos de contrarrestar la tesis que ha planteado el Ministerio P\u00fablico en su solicitud de desafuero y que es aquello que la Corte Suprema, en su voto de mayor\u00eda y con un fallo dividido, ha acogido respecto del senador electo Miguel \u00c1ngel Calisto.\u00bb<\/p>\n<\/div><\/section><\/div><div  style='height:50px' class='hr hr-invisible   avia-builder-el-6  el_after_av_one_full  el_before_av_social_share '><span class='hr-inner ' ><span class='hr-inner-style'><\/span><\/span><\/div><\/p>\n<div  class='av-social-sharing-box  avia-builder-el-7  el_after_av_hr  el_before_av_hr  '><div class='av-share-box'><h5 class='av-share-link-description av-no-toc '>Compartir esta noticia<\/h5><ul class='av-share-box-list noLightbox'><li class='av-share-link av-social-link-facebook' ><a target=\"_blank\" aria-label=\"Compartir en Facebook\" href='https:\/\/www.facebook.com\/sharer.php?u=https:\/\/radiorevelacionfm.cl\/?p=61776&#038;t=Abogado%20defensor%20de%20Miguel%20%C3%81ngel%20Calisto%3A%20%C2%ABEn%20ning%C3%BAn%20caso%20la%20formalizaci%C3%B3n%20por%20s%C3%AD%20sola%20supone%20una%20condena%20ni%20tampoco%20una%20inhabilidad%20para%20asumir%20como%20Senador%C2%BB' aria-hidden='false' data-av_icon='\ue8f3' data-av_iconfont='entypo-fontello' title='' data-avia-related-tooltip='Compartir en Facebook' rel=\"noopener\"><span class='avia_hidden_link_text'>Compartir en Facebook<\/span><\/a><\/li><li class='av-share-link av-social-link-twitter' ><a target=\"_blank\" aria-label=\"Compartir en Twitter\" href='https:\/\/twitter.com\/share?text=Abogado%20defensor%20de%20Miguel%20%C3%81ngel%20Calisto%3A%20%C2%ABEn%20ning%C3%BAn%20caso%20la%20formalizaci%C3%B3n%20por%20s%C3%AD%20sola%20supone%20una%20condena%20ni%20tampoco%20una%20inhabilidad%20para%20asumir%20como%20Senador%C2%BB&#038;url=https:\/\/radiorevelacionfm.cl\/?p=61776' aria-hidden='false' data-av_icon='\ue8f1' data-av_iconfont='entypo-fontello' title='' data-avia-related-tooltip='Compartir en Twitter' rel=\"noopener\"><span class='avia_hidden_link_text'>Compartir en Twitter<\/span><\/a><\/li><li class='av-share-link av-social-link-whatsapp' ><a target=\"_blank\" aria-label=\"Compartir en Whatsapp\" href='https:\/\/api.whatsapp.com\/send?text=https:\/\/radiorevelacionfm.cl\/?p=61776' aria-hidden='false' data-av_icon='\uf232' data-av_iconfont='entypo-fontello' title='' data-avia-related-tooltip='Compartir en Whatsapp' rel=\"noopener\"><span class='avia_hidden_link_text'>Compartir en Whatsapp<\/span><\/a><\/li><li class='av-share-link av-social-link-linkedin' ><a target=\"_blank\" aria-label=\"Compartir en LinkedIn\" href='https:\/\/linkedin.com\/shareArticle?mini=true&#038;title=Abogado%20defensor%20de%20Miguel%20%C3%81ngel%20Calisto%3A%20%C2%ABEn%20ning%C3%BAn%20caso%20la%20formalizaci%C3%B3n%20por%20s%C3%AD%20sola%20supone%20una%20condena%20ni%20tampoco%20una%20inhabilidad%20para%20asumir%20como%20Senador%C2%BB&#038;url=https:\/\/radiorevelacionfm.cl\/?p=61776' aria-hidden='false' data-av_icon='\ue8fc' data-av_iconfont='entypo-fontello' title='' data-avia-related-tooltip='Compartir en LinkedIn' rel=\"noopener\"><span class='avia_hidden_link_text'>Compartir en LinkedIn<\/span><\/a><\/li><li class='av-share-link av-social-link-mail' ><a  aria-label=\"Compartir por correo\" href='mailto:?subject=Abogado%20defensor%20de%20Miguel%20%C3%81ngel%20Calisto%3A%20%C2%ABEn%20ning%C3%BAn%20caso%20la%20formalizaci%C3%B3n%20por%20s%C3%AD%20sola%20supone%20una%20condena%20ni%20tampoco%20una%20inhabilidad%20para%20asumir%20como%20Senador%C2%BB&#038;body=https:\/\/radiorevelacionfm.cl\/?p=61776' aria-hidden='false' data-av_icon='\ue805' data-av_iconfont='entypo-fontello' title='' data-avia-related-tooltip='Compartir por correo'><span class='avia_hidden_link_text'>Compartir por correo<\/span><\/a><\/li><\/ul><\/div><\/div>\n<div  style='height:50px' class='hr hr-invisible   avia-builder-el-8  el_after_av_social_share  el_before_av_comments_list '><span class='hr-inner ' ><span class='hr-inner-style'><\/span><\/span><\/div>\n<div  class='av-buildercomment  av-blog-meta-html-info-disabled av-blog-meta-tag-disabled  '><\/div>\n","protected":false},"excerpt":{"rendered":"","protected":false},"author":1,"featured_media":61778,"comment_status":"closed","ping_status":"closed","sticky":false,"template":"","format":"standard","meta":{"footnotes":""},"categories":[35],"tags":[],"class_list":["post-61776","post","type-post","status-publish","format-standard","has-post-thumbnail","hentry","category-politica"],"jetpack_featured_media_url":"https:\/\/radiorevelacionfm.cl\/wp-content\/uploads\/2025\/11\/19-cesar-ramos-1-1_optimized.jpg","_links":{"self":[{"href":"https:\/\/radiorevelacionfm.cl\/index.php?rest_route=\/wp\/v2\/posts\/61776","targetHints":{"allow":["GET"]}}],"collection":[{"href":"https:\/\/radiorevelacionfm.cl\/index.php?rest_route=\/wp\/v2\/posts"}],"about":[{"href":"https:\/\/radiorevelacionfm.cl\/index.php?rest_route=\/wp\/v2\/types\/post"}],"author":[{"embeddable":true,"href":"https:\/\/radiorevelacionfm.cl\/index.php?rest_route=\/wp\/v2\/users\/1"}],"replies":[{"embeddable":true,"href":"https:\/\/radiorevelacionfm.cl\/index.php?rest_route=%2Fwp%2Fv2%2Fcomments&post=61776"}],"version-history":[{"count":2,"href":"https:\/\/radiorevelacionfm.cl\/index.php?rest_route=\/wp\/v2\/posts\/61776\/revisions"}],"predecessor-version":[{"id":61780,"href":"https:\/\/radiorevelacionfm.cl\/index.php?rest_route=\/wp\/v2\/posts\/61776\/revisions\/61780"}],"wp:featuredmedia":[{"embeddable":true,"href":"https:\/\/radiorevelacionfm.cl\/index.php?rest_route=\/wp\/v2\/media\/61778"}],"wp:attachment":[{"href":"https:\/\/radiorevelacionfm.cl\/index.php?rest_route=%2Fwp%2Fv2%2Fmedia&parent=61776"}],"wp:term":[{"taxonomy":"category","embeddable":true,"href":"https:\/\/radiorevelacionfm.cl\/index.php?rest_route=%2Fwp%2Fv2%2Fcategories&post=61776"},{"taxonomy":"post_tag","embeddable":true,"href":"https:\/\/radiorevelacionfm.cl\/index.php?rest_route=%2Fwp%2Fv2%2Ftags&post=61776"}],"curies":[{"name":"wp","href":"https:\/\/api.w.org\/{rel}","templated":true}]}}