{"id":61767,"date":"2025-11-24T20:12:44","date_gmt":"2025-11-24T23:12:44","guid":{"rendered":"https:\/\/radiorevelacionfm.cl\/?p=61767"},"modified":"2025-11-24T20:19:34","modified_gmt":"2025-11-24T23:19:34","slug":"carabineros-de-villa-manihuales-detuvo-a-autor-de-brutal-golpiza-a-una-joven-de-20-anos","status":"publish","type":"post","link":"https:\/\/radiorevelacionfm.cl\/?p=61767","title":{"rendered":"Carabineros de Villa Ma\u00f1ihuales detuvo a autor de brutal golpiza a una joven de 20 a\u00f1os"},"content":{"rendered":"<div class=\"flex_column av_one_full  flex_column_div av-zero-column-padding first  avia-builder-el-0  el_before_av_one_full  avia-builder-el-first  \" style='border-radius:0px; '><div  class='avia-image-container  av-styling-    avia-builder-el-1  avia-builder-el-no-sibling  avia-align-center '  itemprop=\"image\" itemscope=\"itemscope\" itemtype=\"https:\/\/schema.org\/ImageObject\"  ><div class='avia-image-container-inner'><div class='avia-image-overlay-wrap'><img decoding=\"async\" class='wp-image-36004 avia-img-lazy-loading-not-36004 avia_image' src=\"https:\/\/radiorevelacionfm.cl\/wp-content\/uploads\/2023\/10\/Reten-Manihuales-1-1.jpg\" alt='' title='Reten Ma\u00f1ihuales (1) (1)' height=\"600\" width=\"800\"  itemprop=\"thumbnailUrl\" srcset=\"https:\/\/radiorevelacionfm.cl\/wp-content\/uploads\/2023\/10\/Reten-Manihuales-1-1.jpg 800w, https:\/\/radiorevelacionfm.cl\/wp-content\/uploads\/2023\/10\/Reten-Manihuales-1-1-300x225.jpg 300w, https:\/\/radiorevelacionfm.cl\/wp-content\/uploads\/2023\/10\/Reten-Manihuales-1-1-768x576.jpg 768w, https:\/\/radiorevelacionfm.cl\/wp-content\/uploads\/2023\/10\/Reten-Manihuales-1-1-705x529.jpg 705w, https:\/\/radiorevelacionfm.cl\/wp-content\/uploads\/2023\/10\/Reten-Manihuales-1-1-450x338.jpg 450w, https:\/\/radiorevelacionfm.cl\/wp-content\/uploads\/2023\/10\/Reten-Manihuales-1-1-600x450.jpg 600w\" sizes=\"(max-width: 800px) 100vw, 800px\" \/><\/div><\/div><\/div><\/div>\n<div class=\"flex_column av_one_full  flex_column_div av-zero-column-padding first  avia-builder-el-2  el_after_av_one_full  el_before_av_one_full  column-top-margin\" style='border-radius:0px; '><section class=\"av_textblock_section \"  itemscope=\"itemscope\" itemtype=\"https:\/\/schema.org\/BlogPosting\" itemprop=\"blogPost\" ><div class='avia_textblock  '   itemprop=\"text\" ><p style=\"text-align: center;\"><strong><span style=\"font-size: 18pt;\">Carabineros de Villa Ma\u00f1ihuales detuvo a autor de brutal golpiza a una joven de 20 a\u00f1os <\/span><\/strong><\/p>\n<div id=\"gtx-trans\" style=\"position: absolute; left: -50px; top: 4.31534px;\">\n<div class=\"gtx-trans-icon\"><\/div>\n<\/div>\n<\/div><\/section><\/div>\n<div class=\"flex_column av_one_full  flex_column_div av-zero-column-padding first  avia-builder-el-4  el_after_av_one_full  el_before_av_hr  column-top-margin\" style='border-radius:0px; '><section class=\"av_textblock_section \"  itemscope=\"itemscope\" itemtype=\"https:\/\/schema.org\/BlogPosting\" itemprop=\"blogPost\" ><div class='avia_textblock  '   itemprop=\"text\" ><p style=\"text-align: justify;\">El sujeto atac\u00f3 con elementos contundentes, golpes de pies y pu\u00f1os e intent\u00f3 estrangular a su conviviente.<\/p>\n<p style=\"text-align: justify;\">De acuerdo a los primeros antecedentes, el hecho se registr\u00f3 en la localidad de Ma\u00f1ihuales, seg\u00fan inform\u00f3 el comisario de la comuna de Ays\u00e9n, mayor Patricio Parada. \u201cEn el sector de Villa Ma\u00f1ihuales, una joven de 20 a\u00f1os denuncia a su conviviente, de haber sido maltratada con golpes de pie y pu\u00f1os, tambi\u00e9n utilizando algunos elementos, causando una lesi\u00f3n en su rostro y posteriormente a esto, utilizando el mango de un hacha, habr\u00eda intentado estrangularla\u201d.<\/p>\n<p style=\"text-align: justify;\">Por lo que se activ\u00f3 el trabajo policial en la poblaci\u00f3n, inicialmente \u201cEl personal de servicio concurre al domicilio, no encontrando al imputado, efectuando distintas indagaciones y diligencias, logrando dar con la ubicaci\u00f3n del individuo en otro domicilio, tambi\u00e9n en el sector de Villa Ma\u00f1ihuales, procediendo a su detenci\u00f3n\u201d, se\u00f1al\u00f3 el mayor de Carabineros.<\/p>\n<p style=\"text-align: justify;\">Tras el trabajo investigativo, recopilaci\u00f3n de antecedentes y la versi\u00f3n de la v\u00edctima, el Ministerio Publico realiz\u00f3 la audiencia de control de detenci\u00f3n y formalizaci\u00f3n. Junto con ello, el Tribunal determin\u00f3 la prisi\u00f3n preventiva, por considerar que el imputado es un peligro para la seguridad de la sociedad y de la v\u00edctima.<\/p>\n<p style=\"text-align: justify;\">De acuerdo a la informaci\u00f3n proporcionada por Carabineros, el sujeto contaba con antecedentes previos por otros delitos.<\/p>\n<\/div><\/section><\/div><div  style='height:50px' class='hr hr-invisible   avia-builder-el-6  el_after_av_one_full  el_before_av_social_share '><span class='hr-inner ' ><span class='hr-inner-style'><\/span><\/span><\/div><\/p>\n<div  class='av-social-sharing-box  avia-builder-el-7  el_after_av_hr  el_before_av_hr  '><div class='av-share-box'><h5 class='av-share-link-description av-no-toc '>Compartir esta noticia<\/h5><ul class='av-share-box-list noLightbox'><li class='av-share-link av-social-link-facebook' ><a target=\"_blank\" aria-label=\"Compartir en Facebook\" href='https:\/\/www.facebook.com\/sharer.php?u=https:\/\/radiorevelacionfm.cl\/?p=61767&#038;t=Carabineros%20de%20Villa%20Ma%C3%B1ihuales%20detuvo%20a%20autor%20de%20brutal%20golpiza%20a%20una%20joven%20de%2020%20a%C3%B1os' aria-hidden='false' data-av_icon='\ue8f3' data-av_iconfont='entypo-fontello' title='' data-avia-related-tooltip='Compartir en Facebook' rel=\"noopener\"><span class='avia_hidden_link_text'>Compartir en Facebook<\/span><\/a><\/li><li class='av-share-link av-social-link-twitter' ><a target=\"_blank\" aria-label=\"Compartir en Twitter\" href='https:\/\/twitter.com\/share?text=Carabineros%20de%20Villa%20Ma%C3%B1ihuales%20detuvo%20a%20autor%20de%20brutal%20golpiza%20a%20una%20joven%20de%2020%20a%C3%B1os&#038;url=https:\/\/radiorevelacionfm.cl\/?p=61767' aria-hidden='false' data-av_icon='\ue8f1' data-av_iconfont='entypo-fontello' title='' data-avia-related-tooltip='Compartir en Twitter' rel=\"noopener\"><span class='avia_hidden_link_text'>Compartir en Twitter<\/span><\/a><\/li><li class='av-share-link av-social-link-whatsapp' ><a target=\"_blank\" aria-label=\"Compartir en Whatsapp\" href='https:\/\/api.whatsapp.com\/send?text=https:\/\/radiorevelacionfm.cl\/?p=61767' aria-hidden='false' data-av_icon='\uf232' data-av_iconfont='entypo-fontello' title='' data-avia-related-tooltip='Compartir en Whatsapp' rel=\"noopener\"><span class='avia_hidden_link_text'>Compartir en Whatsapp<\/span><\/a><\/li><li class='av-share-link av-social-link-linkedin' ><a target=\"_blank\" aria-label=\"Compartir en LinkedIn\" href='https:\/\/linkedin.com\/shareArticle?mini=true&#038;title=Carabineros%20de%20Villa%20Ma%C3%B1ihuales%20detuvo%20a%20autor%20de%20brutal%20golpiza%20a%20una%20joven%20de%2020%20a%C3%B1os&#038;url=https:\/\/radiorevelacionfm.cl\/?p=61767' aria-hidden='false' data-av_icon='\ue8fc' data-av_iconfont='entypo-fontello' title='' data-avia-related-tooltip='Compartir en LinkedIn' rel=\"noopener\"><span class='avia_hidden_link_text'>Compartir en LinkedIn<\/span><\/a><\/li><li class='av-share-link av-social-link-mail' ><a  aria-label=\"Compartir por correo\" href='mailto:?subject=Carabineros%20de%20Villa%20Ma%C3%B1ihuales%20detuvo%20a%20autor%20de%20brutal%20golpiza%20a%20una%20joven%20de%2020%20a%C3%B1os&#038;body=https:\/\/radiorevelacionfm.cl\/?p=61767' aria-hidden='false' data-av_icon='\ue805' data-av_iconfont='entypo-fontello' title='' data-avia-related-tooltip='Compartir por correo'><span class='avia_hidden_link_text'>Compartir por correo<\/span><\/a><\/li><\/ul><\/div><\/div>\n<div  style='height:50px' class='hr hr-invisible   avia-builder-el-8  el_after_av_social_share  el_before_av_comments_list '><span class='hr-inner ' ><span class='hr-inner-style'><\/span><\/span><\/div>\n<div  class='av-buildercomment  av-blog-meta-html-info-disabled av-blog-meta-tag-disabled  '><\/div>\n","protected":false},"excerpt":{"rendered":"","protected":false},"author":1,"featured_media":36004,"comment_status":"closed","ping_status":"closed","sticky":false,"template":"","format":"standard","meta":{"footnotes":""},"categories":[36],"tags":[],"class_list":["post-61767","post","type-post","status-publish","format-standard","has-post-thumbnail","hentry","category-policial"],"jetpack_featured_media_url":"https:\/\/radiorevelacionfm.cl\/wp-content\/uploads\/2023\/10\/Reten-Manihuales-1-1.jpg","_links":{"self":[{"href":"https:\/\/radiorevelacionfm.cl\/index.php?rest_route=\/wp\/v2\/posts\/61767","targetHints":{"allow":["GET"]}}],"collection":[{"href":"https:\/\/radiorevelacionfm.cl\/index.php?rest_route=\/wp\/v2\/posts"}],"about":[{"href":"https:\/\/radiorevelacionfm.cl\/index.php?rest_route=\/wp\/v2\/types\/post"}],"author":[{"embeddable":true,"href":"https:\/\/radiorevelacionfm.cl\/index.php?rest_route=\/wp\/v2\/users\/1"}],"replies":[{"embeddable":true,"href":"https:\/\/radiorevelacionfm.cl\/index.php?rest_route=%2Fwp%2Fv2%2Fcomments&post=61767"}],"version-history":[{"count":3,"href":"https:\/\/radiorevelacionfm.cl\/index.php?rest_route=\/wp\/v2\/posts\/61767\/revisions"}],"predecessor-version":[{"id":61769,"href":"https:\/\/radiorevelacionfm.cl\/index.php?rest_route=\/wp\/v2\/posts\/61767\/revisions\/61769"}],"wp:featuredmedia":[{"embeddable":true,"href":"https:\/\/radiorevelacionfm.cl\/index.php?rest_route=\/wp\/v2\/media\/36004"}],"wp:attachment":[{"href":"https:\/\/radiorevelacionfm.cl\/index.php?rest_route=%2Fwp%2Fv2%2Fmedia&parent=61767"}],"wp:term":[{"taxonomy":"category","embeddable":true,"href":"https:\/\/radiorevelacionfm.cl\/index.php?rest_route=%2Fwp%2Fv2%2Fcategories&post=61767"},{"taxonomy":"post_tag","embeddable":true,"href":"https:\/\/radiorevelacionfm.cl\/index.php?rest_route=%2Fwp%2Fv2%2Ftags&post=61767"}],"curies":[{"name":"wp","href":"https:\/\/api.w.org\/{rel}","templated":true}]}}