{"id":61764,"date":"2025-11-25T21:53:43","date_gmt":"2025-11-26T00:53:43","guid":{"rendered":"https:\/\/radiorevelacionfm.cl\/?p=61764"},"modified":"2025-11-25T21:53:43","modified_gmt":"2025-11-26T00:53:43","slug":"en-puerto-aysen-jovenes-lideran-comando-de-jeannette-jara","status":"publish","type":"post","link":"https:\/\/radiorevelacionfm.cl\/?p=61764","title":{"rendered":"En Puerto Ays\u00e9n j\u00f3venes lideran comando de Jeannette Jara"},"content":{"rendered":"<div class=\"flex_column av_one_full  flex_column_div av-zero-column-padding first  avia-builder-el-0  el_before_av_one_full  avia-builder-el-first  \" style='border-radius:0px; '><div  class='avia-image-container  av-styling-    avia-builder-el-1  avia-builder-el-no-sibling  avia-align-center '  itemprop=\"image\" itemscope=\"itemscope\" itemtype=\"https:\/\/schema.org\/ImageObject\"  ><div class='avia-image-container-inner'><div class='avia-image-overlay-wrap'><img decoding=\"async\" class='wp-image-61765 avia-img-lazy-loading-not-61765 avia_image' src=\"https:\/\/radiorevelacionfm.cl\/wp-content\/uploads\/2025\/11\/comando-pto-aysen-1_optimized-1.jpeg\" alt='' title='comando-pto-aysen-(1)_optimized (1)' height=\"600\" width=\"800\"  itemprop=\"thumbnailUrl\" srcset=\"https:\/\/radiorevelacionfm.cl\/wp-content\/uploads\/2025\/11\/comando-pto-aysen-1_optimized-1.jpeg 800w, https:\/\/radiorevelacionfm.cl\/wp-content\/uploads\/2025\/11\/comando-pto-aysen-1_optimized-1-300x225.jpeg 300w, https:\/\/radiorevelacionfm.cl\/wp-content\/uploads\/2025\/11\/comando-pto-aysen-1_optimized-1-768x576.jpeg 768w, https:\/\/radiorevelacionfm.cl\/wp-content\/uploads\/2025\/11\/comando-pto-aysen-1_optimized-1-705x529.jpeg 705w, https:\/\/radiorevelacionfm.cl\/wp-content\/uploads\/2025\/11\/comando-pto-aysen-1_optimized-1-450x338.jpeg 450w, https:\/\/radiorevelacionfm.cl\/wp-content\/uploads\/2025\/11\/comando-pto-aysen-1_optimized-1-600x450.jpeg 600w\" sizes=\"(max-width: 800px) 100vw, 800px\" \/><\/div><\/div><\/div><\/div><div class=\"flex_column av_one_full  flex_column_div av-zero-column-padding first  avia-builder-el-2  el_after_av_one_full  el_before_av_one_full  column-top-margin\" style='border-radius:0px; '><section class=\"av_textblock_section \"  itemscope=\"itemscope\" itemtype=\"https:\/\/schema.org\/BlogPosting\" itemprop=\"blogPost\" ><div class='avia_textblock  '   itemprop=\"text\" ><p style=\"text-align: center;\"><strong><span style=\"font-size: 18pt;\">En Puerto Ays\u00e9n j\u00f3venes lideran comando de Jeannette Jara<\/span><\/strong><\/p>\n<div id=\"gtx-trans\" style=\"position: absolute; left: -50px; top: 4.31534px;\">\n<div class=\"gtx-trans-icon\"><\/div>\n<\/div>\n<\/div><\/section><\/div><div class=\"flex_column av_one_full  flex_column_div av-zero-column-padding first  avia-builder-el-4  el_after_av_one_full  el_before_av_hr  column-top-margin\" style='border-radius:0px; '><section class=\"av_textblock_section \"  itemscope=\"itemscope\" itemtype=\"https:\/\/schema.org\/BlogPosting\" itemprop=\"blogPost\" ><div class='avia_textblock  '   itemprop=\"text\" ><p style=\"text-align: justify;\">Este domingo se constituy\u00f3 oficialmente el Comando de Jeannette Jara en Puerto Ays\u00e9n, instancia que reuni\u00f3 a vecinas, vecinos y dirigentes locales para organizar el trabajo territorial de cara a la segunda vuelta presidencial.<\/p>\n<p style=\"text-align: justify;\">Durante el encuentro se dialog\u00f3 sobre c\u00f3mo enfrentar esta etapa decisiva, poniendo especial \u00e9nfasis en ampliar las tem\u00e1ticas, convocar nuevas voces y sumar miradas diversas que reflejen la realidad de Ays\u00e9n. Asimismo, se destac\u00f3 la importancia de relevar las propuestas centrales de la candidata, especialmente aquellas que afectan directamente la vida de las familias de la regi\u00f3n, entre ellas: ingreso m\u00ednimo de $750.000, pie cero para viviendas nuevas, devoluci\u00f3n del IVA en medicamentos, disminuir la lista de espera oncol\u00f3gica, esquinas deportivas contra la delincuencia, entre otras iniciativas del programa.<\/p>\n<p style=\"text-align: justify;\">En la reuni\u00f3n se estableci\u00f3 tambi\u00e9n un Comando Ejecutivo Comunal, que estar\u00e1 conformado por: Tom\u00e1s Laibe, Carlos Arteaga, Tamara Gonz\u00e1lez, Hugo D\u00edaz y Jhon Alvarado, quienes tendr\u00e1n la responsabilidad de coordinar las acciones, actividades y despliegue territorial en esta segunda vuelta.<\/p>\n<p style=\"text-align: justify;\">Carlos Arteaga, dirigente vecinal se\u00f1al\u00f3, \u201cestamos muy contentos porque nos hemos juntado un grupo de militantes e independientes para conformar el comando por Jeanette Jara y enfrentar los desaf\u00edos para esta segunda vuelta electoral. Queremos que nuestra candidata triunfe, porque sabemos que su postura, su programa, es el que refleja en mejor medida los intereses de nuestra comunidad\u201d.<\/p>\n<p style=\"text-align: justify;\">Tamara Gonz\u00e1lez, dirigente socialista sostuvo, \u201cestamos muy contentos, porque ya pudimos distribuir algunas tareas que haremos los que hoy nos reunimos para conformar este comando por Jara. Estuvimos presentes mundo de la juventud, de las mujeres, de los partidos, por lo que estamos contentos para apoyar a nuestra candidata y futura presidenta Jeanette Jara\u201d.<\/p>\n<p style=\"text-align: justify;\">Hugo D\u00edaz, vecino independiente afirm\u00f3, \u201che llegado desde el mundo independiente a la conformaci\u00f3n del comando para la segunda etapa de esta candidatura de Jeanette Jara. Queremos llevar al mundo independiente los conceptos principales del gobierno de Jeanette y socializarlos con toda la comunidad de Ays\u00e9n\u201d.<\/p>\n<p style=\"text-align: justify;\">Jhon Alvarado, dirigente estudiantil expres\u00f3, \u201creci\u00e9n terminamos una jornada muy buena, hablamos de diferentes temas y yo habl\u00e9 especialmente del tema educacional. Hubo hartos j\u00f3venes en esta actividad que es lo m\u00e1s importante. Y por eso llamo a votar por Jeannette Jara y a incluirse en este comando, porque hay j\u00f3venes, gente adulta, se ven los temas de educaci\u00f3n, de salud, pero lo que m\u00e1s nos importa es el tema educaci\u00f3n y por eso los invito a unirse a este comando de Ays\u00e9n por Jara\u201d.<\/p>\n<p style=\"text-align: justify;\">El comando hizo un llamado a la comunidad de Puerto Ays\u00e9n y de todo el territorio a sumarse y participar activamente en esta etapa final, reafirmando el compromiso de trabajar por un proyecto que ponga en el centro a las personas y a la regi\u00f3n.<\/p>\n<\/div><\/section><\/div><div  style='height:50px' class='hr hr-invisible   avia-builder-el-6  el_after_av_one_full  el_before_av_social_share '><span class='hr-inner ' ><span class='hr-inner-style'><\/span><\/span><\/div><\/p>\n<div  class='av-social-sharing-box  avia-builder-el-7  el_after_av_hr  el_before_av_hr  '><div class='av-share-box'><h5 class='av-share-link-description av-no-toc '>Compartir esta noticia<\/h5><ul class='av-share-box-list noLightbox'><li class='av-share-link av-social-link-facebook' ><a target=\"_blank\" aria-label=\"Compartir en Facebook\" href='https:\/\/www.facebook.com\/sharer.php?u=https:\/\/radiorevelacionfm.cl\/?p=61764&#038;t=En%20Puerto%20Ays%C3%A9n%20j%C3%B3venes%20lideran%20comando%20de%20Jeannette%20Jara' aria-hidden='false' data-av_icon='\ue8f3' data-av_iconfont='entypo-fontello' title='' data-avia-related-tooltip='Compartir en Facebook' rel=\"noopener\"><span class='avia_hidden_link_text'>Compartir en Facebook<\/span><\/a><\/li><li class='av-share-link av-social-link-twitter' ><a target=\"_blank\" aria-label=\"Compartir en Twitter\" href='https:\/\/twitter.com\/share?text=En%20Puerto%20Ays%C3%A9n%20j%C3%B3venes%20lideran%20comando%20de%20Jeannette%20Jara&#038;url=https:\/\/radiorevelacionfm.cl\/?p=61764' aria-hidden='false' data-av_icon='\ue8f1' data-av_iconfont='entypo-fontello' title='' data-avia-related-tooltip='Compartir en Twitter' rel=\"noopener\"><span class='avia_hidden_link_text'>Compartir en Twitter<\/span><\/a><\/li><li class='av-share-link av-social-link-whatsapp' ><a target=\"_blank\" aria-label=\"Compartir en Whatsapp\" href='https:\/\/api.whatsapp.com\/send?text=https:\/\/radiorevelacionfm.cl\/?p=61764' aria-hidden='false' data-av_icon='\uf232' data-av_iconfont='entypo-fontello' title='' data-avia-related-tooltip='Compartir en Whatsapp' rel=\"noopener\"><span class='avia_hidden_link_text'>Compartir en Whatsapp<\/span><\/a><\/li><li class='av-share-link av-social-link-linkedin' ><a target=\"_blank\" aria-label=\"Compartir en LinkedIn\" href='https:\/\/linkedin.com\/shareArticle?mini=true&#038;title=En%20Puerto%20Ays%C3%A9n%20j%C3%B3venes%20lideran%20comando%20de%20Jeannette%20Jara&#038;url=https:\/\/radiorevelacionfm.cl\/?p=61764' aria-hidden='false' data-av_icon='\ue8fc' data-av_iconfont='entypo-fontello' title='' data-avia-related-tooltip='Compartir en LinkedIn' rel=\"noopener\"><span class='avia_hidden_link_text'>Compartir en LinkedIn<\/span><\/a><\/li><li class='av-share-link av-social-link-mail' ><a  aria-label=\"Compartir por correo\" href='mailto:?subject=En%20Puerto%20Ays%C3%A9n%20j%C3%B3venes%20lideran%20comando%20de%20Jeannette%20Jara&#038;body=https:\/\/radiorevelacionfm.cl\/?p=61764' aria-hidden='false' data-av_icon='\ue805' data-av_iconfont='entypo-fontello' title='' data-avia-related-tooltip='Compartir por correo'><span class='avia_hidden_link_text'>Compartir por correo<\/span><\/a><\/li><\/ul><\/div><\/div>\n<div  style='height:50px' class='hr hr-invisible   avia-builder-el-8  el_after_av_social_share  el_before_av_comments_list '><span class='hr-inner ' ><span class='hr-inner-style'><\/span><\/span><\/div>\n<div  class='av-buildercomment  av-blog-meta-html-info-disabled av-blog-meta-tag-disabled  '><\/div>\n","protected":false},"excerpt":{"rendered":"","protected":false},"author":1,"featured_media":61765,"comment_status":"closed","ping_status":"closed","sticky":false,"template":"","format":"standard","meta":{"footnotes":""},"categories":[35],"tags":[],"class_list":["post-61764","post","type-post","status-publish","format-standard","has-post-thumbnail","hentry","category-politica"],"jetpack_featured_media_url":"https:\/\/radiorevelacionfm.cl\/wp-content\/uploads\/2025\/11\/comando-pto-aysen-1_optimized-1.jpeg","_links":{"self":[{"href":"https:\/\/radiorevelacionfm.cl\/index.php?rest_route=\/wp\/v2\/posts\/61764","targetHints":{"allow":["GET"]}}],"collection":[{"href":"https:\/\/radiorevelacionfm.cl\/index.php?rest_route=\/wp\/v2\/posts"}],"about":[{"href":"https:\/\/radiorevelacionfm.cl\/index.php?rest_route=\/wp\/v2\/types\/post"}],"author":[{"embeddable":true,"href":"https:\/\/radiorevelacionfm.cl\/index.php?rest_route=\/wp\/v2\/users\/1"}],"replies":[{"embeddable":true,"href":"https:\/\/radiorevelacionfm.cl\/index.php?rest_route=%2Fwp%2Fv2%2Fcomments&post=61764"}],"version-history":[{"count":2,"href":"https:\/\/radiorevelacionfm.cl\/index.php?rest_route=\/wp\/v2\/posts\/61764\/revisions"}],"predecessor-version":[{"id":61816,"href":"https:\/\/radiorevelacionfm.cl\/index.php?rest_route=\/wp\/v2\/posts\/61764\/revisions\/61816"}],"wp:featuredmedia":[{"embeddable":true,"href":"https:\/\/radiorevelacionfm.cl\/index.php?rest_route=\/wp\/v2\/media\/61765"}],"wp:attachment":[{"href":"https:\/\/radiorevelacionfm.cl\/index.php?rest_route=%2Fwp%2Fv2%2Fmedia&parent=61764"}],"wp:term":[{"taxonomy":"category","embeddable":true,"href":"https:\/\/radiorevelacionfm.cl\/index.php?rest_route=%2Fwp%2Fv2%2Fcategories&post=61764"},{"taxonomy":"post_tag","embeddable":true,"href":"https:\/\/radiorevelacionfm.cl\/index.php?rest_route=%2Fwp%2Fv2%2Ftags&post=61764"}],"curies":[{"name":"wp","href":"https:\/\/api.w.org\/{rel}","templated":true}]}}