{"id":61761,"date":"2025-11-25T10:34:08","date_gmt":"2025-11-25T13:34:08","guid":{"rendered":"https:\/\/radiorevelacionfm.cl\/?p=61761"},"modified":"2025-11-25T10:34:08","modified_gmt":"2025-11-25T13:34:08","slug":"sernapesca-aumentara-presencia-fiscalizadora-en-zonas-de-pesca-con-embarcacion-y-continuidad-de-sobrevuelos","status":"publish","type":"post","link":"https:\/\/radiorevelacionfm.cl\/?p=61761","title":{"rendered":"Sernapesca aumentar\u00e1 presencia fiscalizadora en zonas de pesca con embarcaci\u00f3n y continuidad de sobrevuelos"},"content":{"rendered":"<div class=\"flex_column av_one_full  flex_column_div av-zero-column-padding first  avia-builder-el-0  el_before_av_one_full  avia-builder-el-first  \" style='border-radius:0px; '><div  class='avia-image-container  av-styling-    avia-builder-el-1  avia-builder-el-no-sibling  avia-align-center '  itemprop=\"image\" itemscope=\"itemscope\" itemtype=\"https:\/\/schema.org\/ImageObject\"  ><div class='avia-image-container-inner'><div class='avia-image-overlay-wrap'><img decoding=\"async\" class='wp-image-61762 avia-img-lazy-loading-not-61762 avia_image' src=\"https:\/\/radiorevelacionfm.cl\/wp-content\/uploads\/2025\/11\/foto-2025-11-14t084812_optimized.669-1.jpg\" alt='' title='foto - -2025-11-14t084812_optimized.669-(1)' height=\"600\" width=\"800\"  itemprop=\"thumbnailUrl\" srcset=\"https:\/\/radiorevelacionfm.cl\/wp-content\/uploads\/2025\/11\/foto-2025-11-14t084812_optimized.669-1.jpg 800w, https:\/\/radiorevelacionfm.cl\/wp-content\/uploads\/2025\/11\/foto-2025-11-14t084812_optimized.669-1-300x225.jpg 300w, https:\/\/radiorevelacionfm.cl\/wp-content\/uploads\/2025\/11\/foto-2025-11-14t084812_optimized.669-1-768x576.jpg 768w, https:\/\/radiorevelacionfm.cl\/wp-content\/uploads\/2025\/11\/foto-2025-11-14t084812_optimized.669-1-705x529.jpg 705w, https:\/\/radiorevelacionfm.cl\/wp-content\/uploads\/2025\/11\/foto-2025-11-14t084812_optimized.669-1-450x338.jpg 450w, https:\/\/radiorevelacionfm.cl\/wp-content\/uploads\/2025\/11\/foto-2025-11-14t084812_optimized.669-1-600x450.jpg 600w\" sizes=\"(max-width: 800px) 100vw, 800px\" \/><\/div><\/div><\/div><\/div><div class=\"flex_column av_one_full  flex_column_div av-zero-column-padding first  avia-builder-el-2  el_after_av_one_full  el_before_av_one_full  column-top-margin\" style='border-radius:0px; '><section class=\"av_textblock_section \"  itemscope=\"itemscope\" itemtype=\"https:\/\/schema.org\/BlogPosting\" itemprop=\"blogPost\" ><div class='avia_textblock  '   itemprop=\"text\" ><p style=\"text-align: center;\"><strong><span style=\"font-size: 18pt;\">Sernapesca aumentar\u00e1 presencia fiscalizadora en zonas de pesca con embarcaci\u00f3n y continuidad de sobrevuelos<\/span><\/strong><\/p>\n<div id=\"gtx-trans\" style=\"position: absolute; left: -50px; top: 4.31534px;\">\n<div class=\"gtx-trans-icon\"><\/div>\n<\/div>\n<\/div><\/section><\/div><div class=\"flex_column av_one_full  flex_column_div av-zero-column-padding first  avia-builder-el-4  el_after_av_one_full  el_before_av_hr  column-top-margin\" style='border-radius:0px; '><section class=\"av_textblock_section \"  itemscope=\"itemscope\" itemtype=\"https:\/\/schema.org\/BlogPosting\" itemprop=\"blogPost\" ><div class='avia_textblock  '   itemprop=\"text\" ><p style=\"font-weight: 400; text-align: justify;\">El Servicio Nacional de Pesca y Acuicultura inform\u00f3 que el 20 de noviembre se concret\u00f3 la adjudicaci\u00f3n\u00a0del arriendo de servicio\u00a0de embarcaci\u00f3n y traslado mar\u00edtimo, de acuerdo con la Res. Ex N\u00b0\u00a0DN &#8211; 03551\/2025,\u00a0para fortalecer las fiscalizaciones en zona de pesca en la regi\u00f3n, como parte del proyecto \u201cPrograma de Protecci\u00f3n de la Sustentabilidad de los recursos Hidrobiol\u00f3gicos\u201d financiado por el Gobierno Regional de Ays\u00e9n.<\/p>\n<p style=\"font-weight: 400; text-align: justify;\">El monto total de proyecto es de $ 323.150.000.- de pesos, y contempla, adem\u00e1s, la contrataci\u00f3n de servicios de vuelos para realizar fiscalizaciones a\u00e9reas, la compra de drones, equipos de posicionamiento satelital, capacitaci\u00f3n del personal de Sernapesca, adquisici\u00f3n de ROV subacu\u00e1ticos, entre otros implementos para fortalecer la fiscalizaci\u00f3n de la actividad pesquera en la regi\u00f3n.<\/p>\n<p style=\"font-weight: 400; text-align: justify;\">Daniela Leiva, directora regional de Sernapesca en Ays\u00e9n se refiri\u00f3 al objetivo del proyecto: \u201cSe ha concretado un hito relevante para el fortalecimiento de la fiscalizaci\u00f3n pesquera en la regi\u00f3n, con la adjudicaci\u00f3n del servicio de embarcaci\u00f3n destinado a reforzar nuestra presencia en las zonas de pesca. Si bien la labor fiscalizadora de Sernapesca ha sido siempre permanente, este programa financiado por el Gobierno Regional de Ays\u00e9n permitir\u00e1 potenciarla mediante la incorporaci\u00f3n de equipamiento tecnol\u00f3gico que mejorar\u00e1 la precisi\u00f3n, eficiencia y alcance de nuestros controles. Con estas acciones avanzamos hacia un ejercicio fiscalizador m\u00e1s robusto, moderno y acorde a las necesidades del sector pesquero artesanal en la regi\u00f3n\u201d.<\/p>\n<p style=\"font-weight: 400; text-align: justify;\">Felipe Rojas, Seremi de Econom\u00eda, Fomento y Turismo. Regi\u00f3n de Ays\u00e9n, destac\u00f3: \u201cEstos recursos del Gobierno Regional de Ays\u00e9n, vienen a complementar la actividad fiscalizadora que realiza Sernapesca, destacando la importancia de este proceso para la correcta actividad productiva y la sostenibilidad de nuestros recursos mar\u00edtimos. Como gobierno seguiremos promoviendo el correcto uso de los recursos mar\u00edtimos de nuestra regi\u00f3n a trav\u00e9s de la fiscalizaci\u00f3n del equipo de Sernapesca\u201d.<\/p>\n<p style=\"font-weight: 400; text-align: justify;\">En la regi\u00f3n de Ays\u00e9n son 3.800 personas ligadas al sector pesquero artesanal, quienes se ver\u00e1n beneficiadas directamente con este proyecto, ya que fortalece el resguardo de su actividad.<\/p>\n<\/div><\/section><\/div><div  style='height:50px' class='hr hr-invisible   avia-builder-el-6  el_after_av_one_full  el_before_av_social_share '><span class='hr-inner ' ><span class='hr-inner-style'><\/span><\/span><\/div><\/p>\n<div  class='av-social-sharing-box  avia-builder-el-7  el_after_av_hr  el_before_av_hr  '><div class='av-share-box'><h5 class='av-share-link-description av-no-toc '>Compartir esta noticia<\/h5><ul class='av-share-box-list noLightbox'><li class='av-share-link av-social-link-facebook' ><a target=\"_blank\" aria-label=\"Compartir en Facebook\" href='https:\/\/www.facebook.com\/sharer.php?u=https:\/\/radiorevelacionfm.cl\/?p=61761&#038;t=Sernapesca%20aumentar%C3%A1%20presencia%20fiscalizadora%20en%20zonas%20de%20pesca%20con%20embarcaci%C3%B3n%20y%20continuidad%20de%20sobrevuelos' aria-hidden='false' data-av_icon='\ue8f3' data-av_iconfont='entypo-fontello' title='' data-avia-related-tooltip='Compartir en Facebook' rel=\"noopener\"><span class='avia_hidden_link_text'>Compartir en Facebook<\/span><\/a><\/li><li class='av-share-link av-social-link-twitter' ><a target=\"_blank\" aria-label=\"Compartir en Twitter\" href='https:\/\/twitter.com\/share?text=Sernapesca%20aumentar%C3%A1%20presencia%20fiscalizadora%20en%20zonas%20de%20pesca%20con%20embarcaci%C3%B3n%20y%20continuidad%20de%20sobrevuelos&#038;url=https:\/\/radiorevelacionfm.cl\/?p=61761' aria-hidden='false' data-av_icon='\ue8f1' data-av_iconfont='entypo-fontello' title='' data-avia-related-tooltip='Compartir en Twitter' rel=\"noopener\"><span class='avia_hidden_link_text'>Compartir en Twitter<\/span><\/a><\/li><li class='av-share-link av-social-link-whatsapp' ><a target=\"_blank\" aria-label=\"Compartir en Whatsapp\" href='https:\/\/api.whatsapp.com\/send?text=https:\/\/radiorevelacionfm.cl\/?p=61761' aria-hidden='false' data-av_icon='\uf232' data-av_iconfont='entypo-fontello' title='' data-avia-related-tooltip='Compartir en Whatsapp' rel=\"noopener\"><span class='avia_hidden_link_text'>Compartir en Whatsapp<\/span><\/a><\/li><li class='av-share-link av-social-link-linkedin' ><a target=\"_blank\" aria-label=\"Compartir en LinkedIn\" href='https:\/\/linkedin.com\/shareArticle?mini=true&#038;title=Sernapesca%20aumentar%C3%A1%20presencia%20fiscalizadora%20en%20zonas%20de%20pesca%20con%20embarcaci%C3%B3n%20y%20continuidad%20de%20sobrevuelos&#038;url=https:\/\/radiorevelacionfm.cl\/?p=61761' aria-hidden='false' data-av_icon='\ue8fc' data-av_iconfont='entypo-fontello' title='' data-avia-related-tooltip='Compartir en LinkedIn' rel=\"noopener\"><span class='avia_hidden_link_text'>Compartir en LinkedIn<\/span><\/a><\/li><li class='av-share-link av-social-link-mail' ><a  aria-label=\"Compartir por correo\" href='mailto:?subject=Sernapesca%20aumentar%C3%A1%20presencia%20fiscalizadora%20en%20zonas%20de%20pesca%20con%20embarcaci%C3%B3n%20y%20continuidad%20de%20sobrevuelos&#038;body=https:\/\/radiorevelacionfm.cl\/?p=61761' aria-hidden='false' data-av_icon='\ue805' data-av_iconfont='entypo-fontello' title='' data-avia-related-tooltip='Compartir por correo'><span class='avia_hidden_link_text'>Compartir por correo<\/span><\/a><\/li><\/ul><\/div><\/div>\n<div  style='height:50px' class='hr hr-invisible   avia-builder-el-8  el_after_av_social_share  el_before_av_comments_list '><span class='hr-inner ' ><span class='hr-inner-style'><\/span><\/span><\/div>\n<div  class='av-buildercomment  av-blog-meta-html-info-disabled av-blog-meta-tag-disabled  '><\/div>\n","protected":false},"excerpt":{"rendered":"","protected":false},"author":1,"featured_media":61762,"comment_status":"closed","ping_status":"closed","sticky":false,"template":"","format":"standard","meta":{"footnotes":""},"categories":[60],"tags":[],"class_list":["post-61761","post","type-post","status-publish","format-standard","has-post-thumbnail","hentry","category-pesca"],"jetpack_featured_media_url":"https:\/\/radiorevelacionfm.cl\/wp-content\/uploads\/2025\/11\/foto-2025-11-14t084812_optimized.669-1.jpg","_links":{"self":[{"href":"https:\/\/radiorevelacionfm.cl\/index.php?rest_route=\/wp\/v2\/posts\/61761","targetHints":{"allow":["GET"]}}],"collection":[{"href":"https:\/\/radiorevelacionfm.cl\/index.php?rest_route=\/wp\/v2\/posts"}],"about":[{"href":"https:\/\/radiorevelacionfm.cl\/index.php?rest_route=\/wp\/v2\/types\/post"}],"author":[{"embeddable":true,"href":"https:\/\/radiorevelacionfm.cl\/index.php?rest_route=\/wp\/v2\/users\/1"}],"replies":[{"embeddable":true,"href":"https:\/\/radiorevelacionfm.cl\/index.php?rest_route=%2Fwp%2Fv2%2Fcomments&post=61761"}],"version-history":[{"count":2,"href":"https:\/\/radiorevelacionfm.cl\/index.php?rest_route=\/wp\/v2\/posts\/61761\/revisions"}],"predecessor-version":[{"id":61771,"href":"https:\/\/radiorevelacionfm.cl\/index.php?rest_route=\/wp\/v2\/posts\/61761\/revisions\/61771"}],"wp:featuredmedia":[{"embeddable":true,"href":"https:\/\/radiorevelacionfm.cl\/index.php?rest_route=\/wp\/v2\/media\/61762"}],"wp:attachment":[{"href":"https:\/\/radiorevelacionfm.cl\/index.php?rest_route=%2Fwp%2Fv2%2Fmedia&parent=61761"}],"wp:term":[{"taxonomy":"category","embeddable":true,"href":"https:\/\/radiorevelacionfm.cl\/index.php?rest_route=%2Fwp%2Fv2%2Fcategories&post=61761"},{"taxonomy":"post_tag","embeddable":true,"href":"https:\/\/radiorevelacionfm.cl\/index.php?rest_route=%2Fwp%2Fv2%2Ftags&post=61761"}],"curies":[{"name":"wp","href":"https:\/\/api.w.org\/{rel}","templated":true}]}}