{"id":6176,"date":"2021-07-12T13:03:53","date_gmt":"2021-07-12T16:03:53","guid":{"rendered":"https:\/\/radiorevelacionfm.cl\/?p=6176"},"modified":"2021-07-12T13:03:53","modified_gmt":"2021-07-12T16:03:53","slug":"la-region-de-aysen-entre-las-4-regiones-con-la-tasa-de-incidencia-mas-alta-en-covid19","status":"publish","type":"post","link":"https:\/\/radiorevelacionfm.cl\/?p=6176","title":{"rendered":"La regi\u00f3n de Ays\u00e9n entre las 4 regiones con la tasa de incidencia m\u00e1s alta en Covid19"},"content":{"rendered":"<div class=\"flex_column av_one_full  flex_column_div av-zero-column-padding first  avia-builder-el-0  el_before_av_one_full  avia-builder-el-first  \" style='border-radius:0px; '><div  class='avia-image-container  av-styling-    avia-builder-el-1  avia-builder-el-no-sibling  avia-align-center '  itemprop=\"image\" itemscope=\"itemscope\" itemtype=\"https:\/\/schema.org\/ImageObject\"  ><div class='avia-image-container-inner'><div class='avia-image-overlay-wrap'><img decoding=\"async\" class='wp-image-6177 avia-img-lazy-loading-not-6177 avia_image' src=\"https:\/\/radiorevelacionfm.cl\/wp-content\/uploads\/2021\/07\/PCR-muestra-1-1.jpg\" alt='' title='PCR muestra (1) (1)' height=\"600\" width=\"900\"  itemprop=\"thumbnailUrl\" srcset=\"https:\/\/radiorevelacionfm.cl\/wp-content\/uploads\/2021\/07\/PCR-muestra-1-1.jpg 900w, https:\/\/radiorevelacionfm.cl\/wp-content\/uploads\/2021\/07\/PCR-muestra-1-1-300x200.jpg 300w, https:\/\/radiorevelacionfm.cl\/wp-content\/uploads\/2021\/07\/PCR-muestra-1-1-768x512.jpg 768w, https:\/\/radiorevelacionfm.cl\/wp-content\/uploads\/2021\/07\/PCR-muestra-1-1-705x470.jpg 705w, https:\/\/radiorevelacionfm.cl\/wp-content\/uploads\/2021\/07\/PCR-muestra-1-1-600x400.jpg 600w\" sizes=\"(max-width: 900px) 100vw, 900px\" \/><\/div><\/div><\/div><\/div><div class=\"flex_column av_one_full  flex_column_div av-zero-column-padding first  avia-builder-el-2  el_after_av_one_full  el_before_av_one_full  column-top-margin\" style='border-radius:0px; '><section class=\"av_textblock_section \"  itemscope=\"itemscope\" itemtype=\"https:\/\/schema.org\/BlogPosting\" itemprop=\"blogPost\" ><div class='avia_textblock  '   itemprop=\"text\" ><p style=\"text-align: center;\"><strong><span style=\"font-size: 18pt;\">La regi\u00f3n de Ays\u00e9n entre las 4 regiones con la tasa de incidencia m\u00e1s alta en Covid19<\/span><\/strong><\/p>\n<div id=\"gtx-trans\" style=\"position: absolute; left: -50px; top: 4.31534px;\">\n<div class=\"gtx-trans-icon\"><\/div>\n<\/div>\n<\/div><\/section><\/div><div class=\"flex_column av_one_full  flex_column_div av-zero-column-padding first  avia-builder-el-4  el_after_av_one_full  el_before_av_hr  column-top-margin\" style='border-radius:0px; '><section class=\"av_textblock_section \"  itemscope=\"itemscope\" itemtype=\"https:\/\/schema.org\/BlogPosting\" itemprop=\"blogPost\" ><div class='avia_textblock  '   itemprop=\"text\" ><p style=\"text-align: justify;\">Todas las regiones disminuyeron sus casos nuevos en la \u00faltima semana, de acuerdo al reporte de la situaci\u00f3n de coronavirus en el pa\u00eds. En tanto, los casos nuevos confirmados a nivel nacional experimentaron una baja de un 22% en los \u00faltimos siete d\u00edas y de un 43% en dos semanas.<\/p>\n<p style=\"text-align: justify;\">Las regiones que m\u00e1s disminuyeron sus casos en siete d\u00edas fueron Maule con un 33%, Antofagasta con un 37% y Magallanes que logr\u00f3 disminuir esta cifra en un 50%. El esfuerzo de autocuidado en esta \u00faltima regi\u00f3n se ve complementado con la alta adherencia al proceso de vacunaci\u00f3n que hoy tiene a esa zona del extremo sur del pa\u00eds con un avance superior al 90%.<\/p>\n<p style=\"text-align: justify;\">La tasa de incidencia actual m\u00e1s alta por 100 mil habitantes se registra en la regi\u00f3n de Los R\u00edos (224), seguida por Atacama (200), Ays\u00e9n (169) y Arica (150). Estos calculos se realizaron en base a los resultados de 65.483 ex\u00e1menes PCR y tests de ant\u00edgeno informados este domingo, con lo que se alcanza un total de 17.632.992 ex\u00e1menes realizados a la fecha.<\/p>\n<p style=\"text-align: justify;\">Del total de los 2.330 casos nuevos a nivel nacional, un 33% se detect\u00f3 por B\u00fasqueda Activa de Casos del Minsal; un 10%, por test de ant\u00edgeno, y un 34% de los notificados son asintom\u00e1ticos.<\/p>\n<p style=\"text-align: justify;\">En relaci\u00f3n a la Red integrada de Salud, cabe destacar que 399 camas cr\u00edticas se encuentran disponibles a nivel nacional.<\/p>\n<\/div><\/section><\/div><div  style='height:50px' class='hr hr-invisible   avia-builder-el-6  el_after_av_one_full  el_before_av_social_share '><span class='hr-inner ' ><span class='hr-inner-style'><\/span><\/span><\/div><\/p>\n<div  class='av-social-sharing-box  avia-builder-el-7  el_after_av_hr  el_before_av_hr  '><div class='av-share-box'><h5 class='av-share-link-description av-no-toc '>Compartir esta noticia<\/h5><ul class='av-share-box-list noLightbox'><li class='av-share-link av-social-link-facebook' ><a target=\"_blank\" aria-label=\"Compartir en Facebook\" href='https:\/\/www.facebook.com\/sharer.php?u=https:\/\/radiorevelacionfm.cl\/?p=6176&#038;t=La%20regi%C3%B3n%20de%20Ays%C3%A9n%20entre%20las%204%20regiones%20con%20la%20tasa%20de%20incidencia%20m%C3%A1s%20alta%20en%20Covid19' aria-hidden='false' data-av_icon='\ue8f3' data-av_iconfont='entypo-fontello' title='' data-avia-related-tooltip='Compartir en Facebook' rel=\"noopener\"><span class='avia_hidden_link_text'>Compartir en Facebook<\/span><\/a><\/li><li class='av-share-link av-social-link-twitter' ><a target=\"_blank\" aria-label=\"Compartir en Twitter\" href='https:\/\/twitter.com\/share?text=La%20regi%C3%B3n%20de%20Ays%C3%A9n%20entre%20las%204%20regiones%20con%20la%20tasa%20de%20incidencia%20m%C3%A1s%20alta%20en%20Covid19&#038;url=https:\/\/radiorevelacionfm.cl\/?p=6176' aria-hidden='false' data-av_icon='\ue8f1' data-av_iconfont='entypo-fontello' title='' data-avia-related-tooltip='Compartir en Twitter' rel=\"noopener\"><span class='avia_hidden_link_text'>Compartir en Twitter<\/span><\/a><\/li><li class='av-share-link av-social-link-whatsapp' ><a target=\"_blank\" aria-label=\"Compartir en Whatsapp\" href='https:\/\/api.whatsapp.com\/send?text=https:\/\/radiorevelacionfm.cl\/?p=6176' aria-hidden='false' data-av_icon='\uf232' data-av_iconfont='entypo-fontello' title='' data-avia-related-tooltip='Compartir en Whatsapp' rel=\"noopener\"><span class='avia_hidden_link_text'>Compartir en Whatsapp<\/span><\/a><\/li><li class='av-share-link av-social-link-linkedin' ><a target=\"_blank\" aria-label=\"Compartir en LinkedIn\" href='https:\/\/linkedin.com\/shareArticle?mini=true&#038;title=La%20regi%C3%B3n%20de%20Ays%C3%A9n%20entre%20las%204%20regiones%20con%20la%20tasa%20de%20incidencia%20m%C3%A1s%20alta%20en%20Covid19&#038;url=https:\/\/radiorevelacionfm.cl\/?p=6176' aria-hidden='false' data-av_icon='\ue8fc' data-av_iconfont='entypo-fontello' title='' data-avia-related-tooltip='Compartir en LinkedIn' rel=\"noopener\"><span class='avia_hidden_link_text'>Compartir en LinkedIn<\/span><\/a><\/li><li class='av-share-link av-social-link-mail' ><a  aria-label=\"Compartir por correo\" href='mailto:?subject=La%20regi%C3%B3n%20de%20Ays%C3%A9n%20entre%20las%204%20regiones%20con%20la%20tasa%20de%20incidencia%20m%C3%A1s%20alta%20en%20Covid19&#038;body=https:\/\/radiorevelacionfm.cl\/?p=6176' aria-hidden='false' data-av_icon='\ue805' data-av_iconfont='entypo-fontello' title='' data-avia-related-tooltip='Compartir por correo'><span class='avia_hidden_link_text'>Compartir por correo<\/span><\/a><\/li><\/ul><\/div><\/div>\n<div  style='height:50px' class='hr hr-invisible   avia-builder-el-8  el_after_av_social_share  el_before_av_comments_list '><span class='hr-inner ' ><span class='hr-inner-style'><\/span><\/span><\/div>\n<div  class='av-buildercomment  av-blog-meta-html-info-disabled av-blog-meta-tag-disabled  '><\/div>\n","protected":false},"excerpt":{"rendered":"","protected":false},"author":1,"featured_media":6177,"comment_status":"open","ping_status":"open","sticky":false,"template":"","format":"standard","meta":{"footnotes":""},"categories":[46],"tags":[],"class_list":["post-6176","post","type-post","status-publish","format-standard","has-post-thumbnail","hentry","category-salud"],"jetpack_featured_media_url":"https:\/\/radiorevelacionfm.cl\/wp-content\/uploads\/2021\/07\/PCR-muestra-1-1.jpg","_links":{"self":[{"href":"https:\/\/radiorevelacionfm.cl\/index.php?rest_route=\/wp\/v2\/posts\/6176","targetHints":{"allow":["GET"]}}],"collection":[{"href":"https:\/\/radiorevelacionfm.cl\/index.php?rest_route=\/wp\/v2\/posts"}],"about":[{"href":"https:\/\/radiorevelacionfm.cl\/index.php?rest_route=\/wp\/v2\/types\/post"}],"author":[{"embeddable":true,"href":"https:\/\/radiorevelacionfm.cl\/index.php?rest_route=\/wp\/v2\/users\/1"}],"replies":[{"embeddable":true,"href":"https:\/\/radiorevelacionfm.cl\/index.php?rest_route=%2Fwp%2Fv2%2Fcomments&post=6176"}],"version-history":[{"count":1,"href":"https:\/\/radiorevelacionfm.cl\/index.php?rest_route=\/wp\/v2\/posts\/6176\/revisions"}],"predecessor-version":[{"id":6178,"href":"https:\/\/radiorevelacionfm.cl\/index.php?rest_route=\/wp\/v2\/posts\/6176\/revisions\/6178"}],"wp:featuredmedia":[{"embeddable":true,"href":"https:\/\/radiorevelacionfm.cl\/index.php?rest_route=\/wp\/v2\/media\/6177"}],"wp:attachment":[{"href":"https:\/\/radiorevelacionfm.cl\/index.php?rest_route=%2Fwp%2Fv2%2Fmedia&parent=6176"}],"wp:term":[{"taxonomy":"category","embeddable":true,"href":"https:\/\/radiorevelacionfm.cl\/index.php?rest_route=%2Fwp%2Fv2%2Fcategories&post=6176"},{"taxonomy":"post_tag","embeddable":true,"href":"https:\/\/radiorevelacionfm.cl\/index.php?rest_route=%2Fwp%2Fv2%2Ftags&post=6176"}],"curies":[{"name":"wp","href":"https:\/\/api.w.org\/{rel}","templated":true}]}}