{"id":61752,"date":"2025-11-24T17:27:24","date_gmt":"2025-11-24T20:27:24","guid":{"rendered":"https:\/\/radiorevelacionfm.cl\/?p=61752"},"modified":"2025-11-24T17:27:24","modified_gmt":"2025-11-24T20:27:24","slug":"aysen-corfo-y-gobierno-regional-impulsan-programa-focalizado-en-el-desarrollo-del-litoral-de-aysen","status":"publish","type":"post","link":"https:\/\/radiorevelacionfm.cl\/?p=61752","title":{"rendered":"AYS\u00c9N &#8211; Corfo y Gobierno Regional impulsan programa focalizado en el desarrollo del litoral de Ays\u00e9n"},"content":{"rendered":"<div class=\"flex_column av_one_full  flex_column_div av-zero-column-padding first  avia-builder-el-0  el_before_av_one_full  avia-builder-el-first  \" style='border-radius:0px; '><div  class='avia-image-container  av-styling-    avia-builder-el-1  avia-builder-el-no-sibling  avia-align-center '  itemprop=\"image\" itemscope=\"itemscope\" itemtype=\"https:\/\/schema.org\/ImageObject\"  ><div class='avia-image-container-inner'><div class='avia-image-overlay-wrap'><img decoding=\"async\" class='wp-image-61753 avia-img-lazy-loading-not-61753 avia_image' src=\"https:\/\/radiorevelacionfm.cl\/wp-content\/uploads\/2025\/11\/2-2025-11-24t172421_optimized.235-1.jpg\" alt='' title='2 - -2025-11-24t172421_optimized.235-(1)' height=\"600\" width=\"1083\"  itemprop=\"thumbnailUrl\" srcset=\"https:\/\/radiorevelacionfm.cl\/wp-content\/uploads\/2025\/11\/2-2025-11-24t172421_optimized.235-1.jpg 1083w, https:\/\/radiorevelacionfm.cl\/wp-content\/uploads\/2025\/11\/2-2025-11-24t172421_optimized.235-1-300x166.jpg 300w, https:\/\/radiorevelacionfm.cl\/wp-content\/uploads\/2025\/11\/2-2025-11-24t172421_optimized.235-1-1030x571.jpg 1030w, https:\/\/radiorevelacionfm.cl\/wp-content\/uploads\/2025\/11\/2-2025-11-24t172421_optimized.235-1-768x425.jpg 768w, https:\/\/radiorevelacionfm.cl\/wp-content\/uploads\/2025\/11\/2-2025-11-24t172421_optimized.235-1-705x391.jpg 705w, https:\/\/radiorevelacionfm.cl\/wp-content\/uploads\/2025\/11\/2-2025-11-24t172421_optimized.235-1-450x249.jpg 450w, https:\/\/radiorevelacionfm.cl\/wp-content\/uploads\/2025\/11\/2-2025-11-24t172421_optimized.235-1-600x332.jpg 600w\" sizes=\"(max-width: 1083px) 100vw, 1083px\" \/><\/div><\/div><\/div><\/div><div class=\"flex_column av_one_full  flex_column_div av-zero-column-padding first  avia-builder-el-2  el_after_av_one_full  el_before_av_one_full  column-top-margin\" style='border-radius:0px; '><section class=\"av_textblock_section \"  itemscope=\"itemscope\" itemtype=\"https:\/\/schema.org\/BlogPosting\" itemprop=\"blogPost\" ><div class='avia_textblock  '   itemprop=\"text\" ><p style=\"text-align: center;\"><span style=\"font-size: 18pt;\"><b>AYS\u00c9N &#8211; Corfo y Gobierno Regional impulsan programa focalizado en el desarrollo del litoral de Ays\u00e9n<\/b><\/span><\/p>\n<div id=\"gtx-trans\" style=\"position: absolute; left: -50px; top: 4.31534px;\">\n<div class=\"gtx-trans-icon\"><\/div>\n<\/div>\n<\/div><\/section><\/div><div class=\"flex_column av_one_full  flex_column_div av-zero-column-padding first  avia-builder-el-4  el_after_av_one_full  el_before_av_hr  column-top-margin\" style='border-radius:0px; '><section class=\"av_textblock_section \"  itemscope=\"itemscope\" itemtype=\"https:\/\/schema.org\/BlogPosting\" itemprop=\"blogPost\" ><div class='avia_textblock  '   itemprop=\"text\" ><p style=\"text-align: justify;\"><em>El programa contempla una inversi\u00f3n de 7 mil millones dirigido a Cisnes, Guaitecas, Ays\u00e9n y Tortel. En el transcurso de tres a\u00f1os, se activar\u00e1n 15 instrumentos para dinamizar la econom\u00eda local, promoviendo la diversificaci\u00f3n, la competitividad y la articulaci\u00f3n p\u00fablico-privada para el desarrollo sostenible del litoral.<\/em><\/p>\n<p style=\"text-align: justify;\">Corfo Ays\u00e9n y el Gobierno Regional de Ays\u00e9n presentaron el programa \u201cTransferencia para el fortalecimiento productivo del litoral de Ays\u00e9n\u201d, que se implementar\u00e1 por 36 meses en Cisnes, Guaitecas, Ays\u00e9n y Tortel para responder a brechas de competitividad, diversificaci\u00f3n y articulaci\u00f3n p\u00fablico-privada en el ecosistema local.<\/p>\n<p style=\"text-align: justify;\">El programa contempla instrumentos focalizados en sectores como la acuicultura sostenible, el turismo y las energ\u00edas renovables, integrando criterios de sostenibilidad, innovaci\u00f3n tecnol\u00f3gica y cooperaci\u00f3n territorial.\u00a0 Podr\u00e1n acceder micro y peque\u00f1as empresas, prestadores de servicios y pescadores artesanales.<\/p>\n<p style=\"text-align: justify;\">\u201cEste es un programa con sello aysenino: se construye desde el territorio, con gobernanza, y pone a las personas y a sus empresas al centro. La alianza Corfo\u2013Gobierno Regional nos permite coordinar 15 instrumentos en una hoja de ruta com\u00fan para estabilizar y diversificar la econom\u00eda del litoral, impulsando innovaci\u00f3n, sostenibilidad y empleo de calidad\u201d, se\u00f1al\u00f3 Humberto Mar\u00edn, director de Corfo Ays\u00e9n.<\/p>\n<p style=\"text-align: justify;\">El gobernador regional de Ays\u00e9n, Marcelo Santana Vargas, enmarc\u00f3 el programa en el Plan Ays\u00e9n Azul que se impulsa de forma integral desde el Gobierno Regional de Ays\u00e9n. \u201cYa parti\u00f3 nuestro Plan Ays\u00e9n Azul, que busca darle la importancia a nuestro litoral, al mar de Ays\u00e9n. Siempre se dice que Ays\u00e9n le ha dado la espalda a su litoral. Lo que buscamos, justamente, es darle esa importancia y esa significancia que tiene el litoral para el desarrollo de Ays\u00e9n. Con este programa de Corfo, que son 7 mil millones de inversi\u00f3n en un plazo de tres a\u00f1os, vamos a buscar fomentar la inversi\u00f3n, crear y acompa\u00f1ar a nuevas y peque\u00f1as empresas que est\u00e1n desarrollando actividades econ\u00f3micas en nuestro litoral, as\u00ed como tambi\u00e9n, coordinar la acci\u00f3n de muchos servicios p\u00fablicos que van a aportar al desarrollo de nuestro litoral\u201d.<\/p>\n<p style=\"text-align: justify;\"><strong>PROGRAMA<\/strong><\/p>\n<p style=\"text-align: justify;\">La iniciativa se estructura en tres componentes: Planificaci\u00f3n integrada y Gobernanza, Fomento Productivo, y Emprendimiento, Innovaci\u00f3n y Capital Humano.<\/p>\n<p style=\"text-align: justify;\">En total, se activar\u00e1n 15 instrumentos de Corfo. En el \u00e1mbito de Fomento Productivo, se busca mejorar la productividad de sectores tradicionales, facilitar el acceso a financiamiento, impulsar certificaciones de calidad y promover nuevas inversiones. Para ello, se implementar\u00e1n programas como Acelera, Red Asociativa, Red Proveedores, PTI Proveedores Sostenibles Salm\u00f3n Ays\u00e9n, IFI Tecnol\u00f3gico, Activa Desarrolla Inversi\u00f3n, Activa \u00c1rea de Manejo, PAR y FOCAL.<\/p>\n<p style=\"text-align: justify;\">El componente de Emprendimiento e Innovaci\u00f3n apunta a fortalecer el ecosistema emprendedor, fomentar la creaci\u00f3n de negocios innovadores y promover soluciones circulares y tecnol\u00f3gicas mediante Bienes P\u00fablicos, Viraliza Formaci\u00f3n, Viraliza Difusi\u00f3n, Semilla Inicia y el Programa de Formaci\u00f3n para la Competitividad (PFC).<\/p>\n<p style=\"text-align: justify;\">Finalmente, el eje de Gobernanza se implementar\u00e1 a trav\u00e9s del instrumento Transforma Litoral de Corfo, que permitir\u00e1 articular una hoja de ruta com\u00fan y una mesa de gobernanza para ordenar inversiones, fortalecer la coordinaci\u00f3n interinstitucional y habilitar infraestructura y servicios cr\u00edticos. Algunas de las novedades ser\u00e1n la implementaci\u00f3n de oficinas en Puerto Aguirre, Melinka, Puerto Ays\u00e9n y Puerto Cisnes.<\/p>\n<p style=\"text-align: justify;\">Con la instalaci\u00f3n de la gobernanza Transforma, se iniciar\u00e1 en 2026 la implementaci\u00f3n del programa, permitiendo definir la hoja de ruta, seguida por las convocatorias graduales de fomento, emprendimiento e innovaci\u00f3n. Corfo Ays\u00e9n dispondr\u00e1 de un plan de comunicaciones para difundir fechas, requisitos y resultados, garantizando acceso equitativo y transparencia a oportunidades en todo el litoral.<\/p>\n<p style=\"text-align: justify;\"><strong>INVERSI\u00d3N Y ALCANCE<\/strong><\/p>\n<p style=\"text-align: justify;\">El programa contempla una inversi\u00f3n total de $7.530 millones, financiada principalmente por el FNDR ($5.026 millones), junto a un aporte sectorial de $900 millones y un cofinanciamiento privado estimado en $1.604 millones. Su ejecuci\u00f3n, prevista para 36 meses, beneficiar\u00e1 a 804 empresas del litoral de Ays\u00e9n.<\/p>\n<p style=\"text-align: justify;\">Adem\u00e1s, se alinea con la Estrategia Regional de Desarrollo, la Estrategia Regional de Innovaci\u00f3n y el Plan Especial de Desarrollo de Zonas Extremas, y con la misi\u00f3n de Corfo de fomentar inversi\u00f3n, innovaci\u00f3n y emprendimiento con enfoque territorial y sostenible.<\/p>\n<p style=\"text-align: justify;\">En t\u00e9rminos de pertinencia territorial, la propuesta responde a las particularidades del litoral, caracterizado por una econom\u00eda poco diversificada y de alta volatilidad. Para abordar este escenario, plantea una intervenci\u00f3n multisectorial con gobernanza y una hoja de ruta com\u00fan que integre a actores p\u00fablicos, privados y acad\u00e9micos. Adem\u00e1s, incorpora criterios de equidad, priorizando la participaci\u00f3n de mujeres mediante convocatorias espec\u00edficas y puntaje adicional para proyectos liderados por ellas.<\/p>\n<\/div><\/section><\/div><div  style='height:50px' class='hr hr-invisible   avia-builder-el-6  el_after_av_one_full  el_before_av_social_share '><span class='hr-inner ' ><span class='hr-inner-style'><\/span><\/span><\/div><\/p>\n<div  class='av-social-sharing-box  avia-builder-el-7  el_after_av_hr  el_before_av_hr  '><div class='av-share-box'><h5 class='av-share-link-description av-no-toc '>Compartir esta noticia<\/h5><ul class='av-share-box-list noLightbox'><li class='av-share-link av-social-link-facebook' ><a target=\"_blank\" aria-label=\"Compartir en Facebook\" href='https:\/\/www.facebook.com\/sharer.php?u=https:\/\/radiorevelacionfm.cl\/?p=61752&#038;t=AYS%C3%89N%20%E2%80%93%20Corfo%20y%20Gobierno%20Regional%20impulsan%20programa%20focalizado%20en%20el%20desarrollo%20del%20litoral%20de%20Ays%C3%A9n' aria-hidden='false' data-av_icon='\ue8f3' data-av_iconfont='entypo-fontello' title='' data-avia-related-tooltip='Compartir en Facebook' rel=\"noopener\"><span class='avia_hidden_link_text'>Compartir en Facebook<\/span><\/a><\/li><li class='av-share-link av-social-link-twitter' ><a target=\"_blank\" aria-label=\"Compartir en Twitter\" href='https:\/\/twitter.com\/share?text=AYS%C3%89N%20%E2%80%93%20Corfo%20y%20Gobierno%20Regional%20impulsan%20programa%20focalizado%20en%20el%20desarrollo%20del%20litoral%20de%20Ays%C3%A9n&#038;url=https:\/\/radiorevelacionfm.cl\/?p=61752' aria-hidden='false' data-av_icon='\ue8f1' data-av_iconfont='entypo-fontello' title='' data-avia-related-tooltip='Compartir en Twitter' rel=\"noopener\"><span class='avia_hidden_link_text'>Compartir en Twitter<\/span><\/a><\/li><li class='av-share-link av-social-link-whatsapp' ><a target=\"_blank\" aria-label=\"Compartir en Whatsapp\" href='https:\/\/api.whatsapp.com\/send?text=https:\/\/radiorevelacionfm.cl\/?p=61752' aria-hidden='false' data-av_icon='\uf232' data-av_iconfont='entypo-fontello' title='' data-avia-related-tooltip='Compartir en Whatsapp' rel=\"noopener\"><span class='avia_hidden_link_text'>Compartir en Whatsapp<\/span><\/a><\/li><li class='av-share-link av-social-link-linkedin' ><a target=\"_blank\" aria-label=\"Compartir en LinkedIn\" href='https:\/\/linkedin.com\/shareArticle?mini=true&#038;title=AYS%C3%89N%20%E2%80%93%20Corfo%20y%20Gobierno%20Regional%20impulsan%20programa%20focalizado%20en%20el%20desarrollo%20del%20litoral%20de%20Ays%C3%A9n&#038;url=https:\/\/radiorevelacionfm.cl\/?p=61752' aria-hidden='false' data-av_icon='\ue8fc' data-av_iconfont='entypo-fontello' title='' data-avia-related-tooltip='Compartir en LinkedIn' rel=\"noopener\"><span class='avia_hidden_link_text'>Compartir en LinkedIn<\/span><\/a><\/li><li class='av-share-link av-social-link-mail' ><a  aria-label=\"Compartir por correo\" href='mailto:?subject=AYS%C3%89N%20%E2%80%93%20Corfo%20y%20Gobierno%20Regional%20impulsan%20programa%20focalizado%20en%20el%20desarrollo%20del%20litoral%20de%20Ays%C3%A9n&#038;body=https:\/\/radiorevelacionfm.cl\/?p=61752' aria-hidden='false' data-av_icon='\ue805' data-av_iconfont='entypo-fontello' title='' data-avia-related-tooltip='Compartir por correo'><span class='avia_hidden_link_text'>Compartir por correo<\/span><\/a><\/li><\/ul><\/div><\/div>\n<div  style='height:50px' class='hr hr-invisible   avia-builder-el-8  el_after_av_social_share  el_before_av_comments_list '><span class='hr-inner ' ><span class='hr-inner-style'><\/span><\/span><\/div>\n<div  class='av-buildercomment  av-blog-meta-html-info-disabled av-blog-meta-tag-disabled  '><\/div>\n","protected":false},"excerpt":{"rendered":"","protected":false},"author":1,"featured_media":61753,"comment_status":"closed","ping_status":"closed","sticky":false,"template":"","format":"standard","meta":{"footnotes":""},"categories":[38],"tags":[],"class_list":["post-61752","post","type-post","status-publish","format-standard","has-post-thumbnail","hentry","category-regional"],"jetpack_featured_media_url":"https:\/\/radiorevelacionfm.cl\/wp-content\/uploads\/2025\/11\/2-2025-11-24t172421_optimized.235-1.jpg","_links":{"self":[{"href":"https:\/\/radiorevelacionfm.cl\/index.php?rest_route=\/wp\/v2\/posts\/61752","targetHints":{"allow":["GET"]}}],"collection":[{"href":"https:\/\/radiorevelacionfm.cl\/index.php?rest_route=\/wp\/v2\/posts"}],"about":[{"href":"https:\/\/radiorevelacionfm.cl\/index.php?rest_route=\/wp\/v2\/types\/post"}],"author":[{"embeddable":true,"href":"https:\/\/radiorevelacionfm.cl\/index.php?rest_route=\/wp\/v2\/users\/1"}],"replies":[{"embeddable":true,"href":"https:\/\/radiorevelacionfm.cl\/index.php?rest_route=%2Fwp%2Fv2%2Fcomments&post=61752"}],"version-history":[{"count":2,"href":"https:\/\/radiorevelacionfm.cl\/index.php?rest_route=\/wp\/v2\/posts\/61752\/revisions"}],"predecessor-version":[{"id":61756,"href":"https:\/\/radiorevelacionfm.cl\/index.php?rest_route=\/wp\/v2\/posts\/61752\/revisions\/61756"}],"wp:featuredmedia":[{"embeddable":true,"href":"https:\/\/radiorevelacionfm.cl\/index.php?rest_route=\/wp\/v2\/media\/61753"}],"wp:attachment":[{"href":"https:\/\/radiorevelacionfm.cl\/index.php?rest_route=%2Fwp%2Fv2%2Fmedia&parent=61752"}],"wp:term":[{"taxonomy":"category","embeddable":true,"href":"https:\/\/radiorevelacionfm.cl\/index.php?rest_route=%2Fwp%2Fv2%2Fcategories&post=61752"},{"taxonomy":"post_tag","embeddable":true,"href":"https:\/\/radiorevelacionfm.cl\/index.php?rest_route=%2Fwp%2Fv2%2Ftags&post=61752"}],"curies":[{"name":"wp","href":"https:\/\/api.w.org\/{rel}","templated":true}]}}