{"id":61748,"date":"2025-11-24T17:15:27","date_gmt":"2025-11-24T20:15:27","guid":{"rendered":"https:\/\/radiorevelacionfm.cl\/?p=61748"},"modified":"2025-11-24T17:15:27","modified_gmt":"2025-11-24T20:15:27","slug":"inauguran-sendero-multicultural-en-la-reserva-nacional-coyhaique","status":"publish","type":"post","link":"https:\/\/radiorevelacionfm.cl\/?p=61748","title":{"rendered":"Inauguran sendero multicultural en la Reserva Nacional Coyhaique"},"content":{"rendered":"<div class=\"flex_column av_one_full  flex_column_div av-zero-column-padding first  avia-builder-el-0  el_before_av_one_full  avia-builder-el-first  \" style='border-radius:0px; '><div  class='avia-image-container  av-styling-    avia-builder-el-1  avia-builder-el-no-sibling  avia-align-center '  itemprop=\"image\" itemscope=\"itemscope\" itemtype=\"https:\/\/schema.org\/ImageObject\"  ><div class='avia-image-container-inner'><div class='avia-image-overlay-wrap'><img decoding=\"async\" class='wp-image-61749 avia-img-lazy-loading-not-61749 avia_image' src=\"https:\/\/radiorevelacionfm.cl\/wp-content\/uploads\/2025\/11\/letrero-parque-nacional-coyhaique-ii-1_optimized-1.jpg\" alt='' title='letrero-parque-nacional-coyhaique-ii-(1)_optimized (1)' height=\"600\" width=\"900\"  itemprop=\"thumbnailUrl\" srcset=\"https:\/\/radiorevelacionfm.cl\/wp-content\/uploads\/2025\/11\/letrero-parque-nacional-coyhaique-ii-1_optimized-1.jpg 900w, https:\/\/radiorevelacionfm.cl\/wp-content\/uploads\/2025\/11\/letrero-parque-nacional-coyhaique-ii-1_optimized-1-300x200.jpg 300w, https:\/\/radiorevelacionfm.cl\/wp-content\/uploads\/2025\/11\/letrero-parque-nacional-coyhaique-ii-1_optimized-1-768x512.jpg 768w, https:\/\/radiorevelacionfm.cl\/wp-content\/uploads\/2025\/11\/letrero-parque-nacional-coyhaique-ii-1_optimized-1-705x470.jpg 705w, https:\/\/radiorevelacionfm.cl\/wp-content\/uploads\/2025\/11\/letrero-parque-nacional-coyhaique-ii-1_optimized-1-450x300.jpg 450w, https:\/\/radiorevelacionfm.cl\/wp-content\/uploads\/2025\/11\/letrero-parque-nacional-coyhaique-ii-1_optimized-1-600x400.jpg 600w\" sizes=\"(max-width: 900px) 100vw, 900px\" \/><\/div><\/div><\/div><\/div><div class=\"flex_column av_one_full  flex_column_div av-zero-column-padding first  avia-builder-el-2  el_after_av_one_full  el_before_av_one_full  column-top-margin\" style='border-radius:0px; '><section class=\"av_textblock_section \"  itemscope=\"itemscope\" itemtype=\"https:\/\/schema.org\/BlogPosting\" itemprop=\"blogPost\" ><div class='avia_textblock  '   itemprop=\"text\" ><p style=\"text-align: center;\"><span style=\"font-size: 18pt;\"><b>Inauguran sendero multicultural en la Reserva Nacional Coyhaique<\/b><\/span><\/p>\n<div id=\"gtx-trans\" style=\"position: absolute; left: -50px; top: 4.31534px;\">\n<div class=\"gtx-trans-icon\"><\/div>\n<\/div>\n<\/div><\/section><\/div><div class=\"flex_column av_one_full  flex_column_div av-zero-column-padding first  avia-builder-el-4  el_after_av_one_full  el_before_av_hr  column-top-margin\" style='border-radius:0px; '><section class=\"av_textblock_section \"  itemscope=\"itemscope\" itemtype=\"https:\/\/schema.org\/BlogPosting\" itemprop=\"blogPost\" ><div class='avia_textblock  '   itemprop=\"text\" ><p style=\"font-weight: 400; text-align: justify;\"><em>En el contexto de un programa de gobernanza entre CONAF Ays\u00e9n y organizaciones Mapuche aleda\u00f1as a la reserva.<\/em><\/p>\n<p style=\"font-weight: 400; text-align: justify;\">Inauguran sendero intercultural en la Reserva Nacional Coyhaique con instalaci\u00f3n de letrero que invita al visitante a escuchar y sentir la energ\u00eda de la tierra, siendo el primer letrero de 15 que se instalar\u00e1n en la reserva.<\/p>\n<p style=\"font-weight: 400; text-align: justify;\">Esto se produce gracias a un v\u00ednculo y trabajo en conjunto entre la asociaci\u00f3n Rakiduamtun junto a otras asociaciones y comunidades mapuche de la comuna de Coyhaique en colaboraci\u00f3n con la CONAF Ays\u00e9n, CESFAM Alejandro Guti\u00e9rrez mediante iniciativa de Cuidados Comunitarios de APS y la Universidad Austral de Chile.<\/p>\n<p style=\"font-weight: 400; text-align: justify;\">\u201cSeg\u00fan la cultura mapuche cada lugar tiene su Ngen (due\u00f1o o fuerza del lugar). Invitamos a las personas a cuidar y reflexionar sobre este texto: R\u00fcpache Ngen mapu, alkutuy \u00f1i newen. Cuya interpretaci\u00f3n dice que en el camino del protector de la tierra escucha su energ\u00eda\u201d, explic\u00f3 Yorka Cheuquian Gallardo presidenta Asociaci\u00f3n Rakiduamtun.<\/p>\n<p style=\"font-weight: 400; text-align: justify;\">\u201cLos letreros que ser\u00e1n parte del sendero estar\u00e1n en mapuzungun y castellano aqu\u00ed el objetivo es identificar y reconocer los diferentes lawen (hierbas medicinales) que se dan en este entorno natural\u201d, agreg\u00f3 la dirigente.<\/p>\n<p style=\"font-weight: 400; text-align: justify;\">Jorge Osses Cumin, Administrador de la Reserva Nacional Coyhaique, sostuvo que empezaron a trabajar el 2025 con la agrupaci\u00f3n. \u201cEllos se acercaron con la finalidad de desarrollar algunas actividades tipo cultural propias y acercar la reserva a la comunidad mapuche. Encuentro positivo que se conozca sobre la comunidad y se informe sobre las plantas y sus propiedades medicinales ancestrales que son se\u00f1aladas en los letreros informativos en nuestros senderos\u201d, dijo.<\/p>\n<p style=\"font-weight: 400; text-align: justify;\">Por su parte, Guillermo Pacheco director Laboratorio de Innovaci\u00f3n e Inteligencia Turista UACh y Proyecto Viraliza, coment\u00f3 que el Laboratorio de Innovaci\u00f3n e Inteligencia Tur\u00edstica de la UACh ha sido parte del proceso. \u201cEstamos muy contentos de lo que han logrado. Consideramos que el nuevo Servicio de Biodiversidad y \u00c1reas Protegidas puede fortalecer este proceso de participaci\u00f3n\u201d, afirm\u00f3.<\/p>\n<\/div><\/section><\/div><div  style='height:50px' class='hr hr-invisible   avia-builder-el-6  el_after_av_one_full  el_before_av_social_share '><span class='hr-inner ' ><span class='hr-inner-style'><\/span><\/span><\/div><\/p>\n<div  class='av-social-sharing-box  avia-builder-el-7  el_after_av_hr  el_before_av_hr  '><div class='av-share-box'><h5 class='av-share-link-description av-no-toc '>Compartir esta noticia<\/h5><ul class='av-share-box-list noLightbox'><li class='av-share-link av-social-link-facebook' ><a target=\"_blank\" aria-label=\"Compartir en Facebook\" href='https:\/\/www.facebook.com\/sharer.php?u=https:\/\/radiorevelacionfm.cl\/?p=61748&#038;t=Inauguran%20sendero%20multicultural%20en%20la%20Reserva%20Nacional%20Coyhaique' aria-hidden='false' data-av_icon='\ue8f3' data-av_iconfont='entypo-fontello' title='' data-avia-related-tooltip='Compartir en Facebook' rel=\"noopener\"><span class='avia_hidden_link_text'>Compartir en Facebook<\/span><\/a><\/li><li class='av-share-link av-social-link-twitter' ><a target=\"_blank\" aria-label=\"Compartir en Twitter\" href='https:\/\/twitter.com\/share?text=Inauguran%20sendero%20multicultural%20en%20la%20Reserva%20Nacional%20Coyhaique&#038;url=https:\/\/radiorevelacionfm.cl\/?p=61748' aria-hidden='false' data-av_icon='\ue8f1' data-av_iconfont='entypo-fontello' title='' data-avia-related-tooltip='Compartir en Twitter' rel=\"noopener\"><span class='avia_hidden_link_text'>Compartir en Twitter<\/span><\/a><\/li><li class='av-share-link av-social-link-whatsapp' ><a target=\"_blank\" aria-label=\"Compartir en Whatsapp\" href='https:\/\/api.whatsapp.com\/send?text=https:\/\/radiorevelacionfm.cl\/?p=61748' aria-hidden='false' data-av_icon='\uf232' data-av_iconfont='entypo-fontello' title='' data-avia-related-tooltip='Compartir en Whatsapp' rel=\"noopener\"><span class='avia_hidden_link_text'>Compartir en Whatsapp<\/span><\/a><\/li><li class='av-share-link av-social-link-linkedin' ><a target=\"_blank\" aria-label=\"Compartir en LinkedIn\" href='https:\/\/linkedin.com\/shareArticle?mini=true&#038;title=Inauguran%20sendero%20multicultural%20en%20la%20Reserva%20Nacional%20Coyhaique&#038;url=https:\/\/radiorevelacionfm.cl\/?p=61748' aria-hidden='false' data-av_icon='\ue8fc' data-av_iconfont='entypo-fontello' title='' data-avia-related-tooltip='Compartir en LinkedIn' rel=\"noopener\"><span class='avia_hidden_link_text'>Compartir en LinkedIn<\/span><\/a><\/li><li class='av-share-link av-social-link-mail' ><a  aria-label=\"Compartir por correo\" href='mailto:?subject=Inauguran%20sendero%20multicultural%20en%20la%20Reserva%20Nacional%20Coyhaique&#038;body=https:\/\/radiorevelacionfm.cl\/?p=61748' aria-hidden='false' data-av_icon='\ue805' data-av_iconfont='entypo-fontello' title='' data-avia-related-tooltip='Compartir por correo'><span class='avia_hidden_link_text'>Compartir por correo<\/span><\/a><\/li><\/ul><\/div><\/div>\n<div  style='height:50px' class='hr hr-invisible   avia-builder-el-8  el_after_av_social_share  el_before_av_comments_list '><span class='hr-inner ' ><span class='hr-inner-style'><\/span><\/span><\/div>\n<div  class='av-buildercomment  av-blog-meta-html-info-disabled av-blog-meta-tag-disabled  '><\/div>\n","protected":false},"excerpt":{"rendered":"","protected":false},"author":1,"featured_media":61749,"comment_status":"closed","ping_status":"closed","sticky":false,"template":"","format":"standard","meta":{"footnotes":""},"categories":[54],"tags":[],"class_list":["post-61748","post","type-post","status-publish","format-standard","has-post-thumbnail","hentry","category-turismo"],"jetpack_featured_media_url":"https:\/\/radiorevelacionfm.cl\/wp-content\/uploads\/2025\/11\/letrero-parque-nacional-coyhaique-ii-1_optimized-1.jpg","_links":{"self":[{"href":"https:\/\/radiorevelacionfm.cl\/index.php?rest_route=\/wp\/v2\/posts\/61748","targetHints":{"allow":["GET"]}}],"collection":[{"href":"https:\/\/radiorevelacionfm.cl\/index.php?rest_route=\/wp\/v2\/posts"}],"about":[{"href":"https:\/\/radiorevelacionfm.cl\/index.php?rest_route=\/wp\/v2\/types\/post"}],"author":[{"embeddable":true,"href":"https:\/\/radiorevelacionfm.cl\/index.php?rest_route=\/wp\/v2\/users\/1"}],"replies":[{"embeddable":true,"href":"https:\/\/radiorevelacionfm.cl\/index.php?rest_route=%2Fwp%2Fv2%2Fcomments&post=61748"}],"version-history":[{"count":2,"href":"https:\/\/radiorevelacionfm.cl\/index.php?rest_route=\/wp\/v2\/posts\/61748\/revisions"}],"predecessor-version":[{"id":61751,"href":"https:\/\/radiorevelacionfm.cl\/index.php?rest_route=\/wp\/v2\/posts\/61748\/revisions\/61751"}],"wp:featuredmedia":[{"embeddable":true,"href":"https:\/\/radiorevelacionfm.cl\/index.php?rest_route=\/wp\/v2\/media\/61749"}],"wp:attachment":[{"href":"https:\/\/radiorevelacionfm.cl\/index.php?rest_route=%2Fwp%2Fv2%2Fmedia&parent=61748"}],"wp:term":[{"taxonomy":"category","embeddable":true,"href":"https:\/\/radiorevelacionfm.cl\/index.php?rest_route=%2Fwp%2Fv2%2Fcategories&post=61748"},{"taxonomy":"post_tag","embeddable":true,"href":"https:\/\/radiorevelacionfm.cl\/index.php?rest_route=%2Fwp%2Fv2%2Ftags&post=61748"}],"curies":[{"name":"wp","href":"https:\/\/api.w.org\/{rel}","templated":true}]}}