{"id":61741,"date":"2025-11-24T15:56:16","date_gmt":"2025-11-24T18:56:16","guid":{"rendered":"https:\/\/radiorevelacionfm.cl\/?p=61741"},"modified":"2025-11-24T15:56:16","modified_gmt":"2025-11-24T18:56:16","slug":"adjudican-construccion-de-trazado-de-fibra-optica-hacia-villa-ohiggins","status":"publish","type":"post","link":"https:\/\/radiorevelacionfm.cl\/?p=61741","title":{"rendered":"Adjudican construcci\u00f3n de trazado de fibra \u00f3ptica hacia Villa O\u00b4Higgins"},"content":{"rendered":"<div class=\"flex_column av_one_full  flex_column_div av-zero-column-padding first  avia-builder-el-0  el_before_av_one_full  avia-builder-el-first  \" style='border-radius:0px; '><div  class='avia-image-container  av-styling-    avia-builder-el-1  avia-builder-el-no-sibling  avia-align-center '  itemprop=\"image\" itemscope=\"itemscope\" itemtype=\"https:\/\/schema.org\/ImageObject\"  ><div class='avia-image-container-inner'><div class='avia-image-overlay-wrap'><img decoding=\"async\" class='wp-image-61742 avia-img-lazy-loading-not-61742 avia_image' src=\"https:\/\/radiorevelacionfm.cl\/wp-content\/uploads\/2025\/11\/villa-o\u00b4higgins-5-1_optimized-1-1.jpg\" alt='' title='villa-o\u00b4higgins-(5)-(1)_optimized (1) (1)' height=\"600\" width=\"800\"  itemprop=\"thumbnailUrl\" srcset=\"https:\/\/radiorevelacionfm.cl\/wp-content\/uploads\/2025\/11\/villa-o\u00b4higgins-5-1_optimized-1-1.jpg 800w, https:\/\/radiorevelacionfm.cl\/wp-content\/uploads\/2025\/11\/villa-o\u00b4higgins-5-1_optimized-1-1-300x225.jpg 300w, https:\/\/radiorevelacionfm.cl\/wp-content\/uploads\/2025\/11\/villa-o\u00b4higgins-5-1_optimized-1-1-768x576.jpg 768w, https:\/\/radiorevelacionfm.cl\/wp-content\/uploads\/2025\/11\/villa-o\u00b4higgins-5-1_optimized-1-1-705x529.jpg 705w, https:\/\/radiorevelacionfm.cl\/wp-content\/uploads\/2025\/11\/villa-o\u00b4higgins-5-1_optimized-1-1-450x338.jpg 450w, https:\/\/radiorevelacionfm.cl\/wp-content\/uploads\/2025\/11\/villa-o\u00b4higgins-5-1_optimized-1-1-600x450.jpg 600w\" sizes=\"(max-width: 800px) 100vw, 800px\" \/><\/div><\/div><\/div><\/div><div class=\"flex_column av_one_full  flex_column_div av-zero-column-padding first  avia-builder-el-2  el_after_av_one_full  el_before_av_one_full  column-top-margin\" style='border-radius:0px; '><section class=\"av_textblock_section \"  itemscope=\"itemscope\" itemtype=\"https:\/\/schema.org\/BlogPosting\" itemprop=\"blogPost\" ><div class='avia_textblock  '   itemprop=\"text\" ><p style=\"text-align: center;\"><span style=\"font-size: 18pt;\"><b>Adjudican construcci\u00f3n de trazado de fibra \u00f3ptica hacia Villa O\u00b4Higgins<\/b><\/span><\/p>\n<div id=\"gtx-trans\" style=\"position: absolute; left: -50px; top: 4.31534px;\">\n<div class=\"gtx-trans-icon\"><\/div>\n<\/div>\n<\/div><\/section><\/div><div class=\"flex_column av_one_full  flex_column_div av-zero-column-padding first  avia-builder-el-4  el_after_av_one_full  el_before_av_hr  column-top-margin\" style='border-radius:0px; '><section class=\"av_textblock_section \"  itemscope=\"itemscope\" itemtype=\"https:\/\/schema.org\/BlogPosting\" itemprop=\"blogPost\" ><div class='avia_textblock  '   itemprop=\"text\" ><p style=\"font-weight: 400; text-align: justify;\"><em>Con la implementaci\u00f3n de esta infraestructura digital entre Tortel y Villa O\u00b4Higgins se pondr\u00e1 fin a la brecha digital en la comuna m\u00e1s austral y aislada de la regi\u00f3n de Ays\u00e9n.<\/em><\/p>\n<p style=\"font-weight: 400; text-align: justify;\">Con un proyecto de m\u00e1s de $6 mil 800 millones financiado por el Gobierno Regional y dise\u00f1ado por la Subsecretar\u00eda de Telecomunicaciones (SUBTEL), se construir\u00e1 la primera red de fibra \u00f3ptica entre las localidades de Tortel y Villa O\u2019Higgins. Esta obra pondr\u00e1 fin el aislamiento digital de los habitantes de la comuna m\u00e1s austral de Ays\u00e9n, quienes por primera vez tendr\u00e1n acceso a servicios de fibra \u00f3ptica, una red de alta velocidad y capacidad.<\/p>\n<p style=\"font-weight: 400; text-align: justify;\">La obra se adjudic\u00f3 a la empresa Pac\u00edfico Cable y DB Terra Chile HoldCo Spa. para un trazado de fibra que abarcar\u00e1 m\u00e1s de 142 kms entre el punto de conexi\u00f3n existente entre Tortel y Villa O\u2019Higgins, incluyendo tendidos terrestres y submarinos, y cuyo plazo de construcci\u00f3n se extiende a dos a\u00f1os.<\/p>\n<p style=\"font-weight: 400; text-align: justify;\">El seremiTT Hans Zimmermann celebr\u00f3 este logro que pone a Ays\u00e9n en el centro de los avances de conectividad digital en zonas aisladas en el marco del Plan Brecha Digital Cero, impulsado por el gobierno del presidente Gabriel Boric. \u201cEste es un avance muy esperado por la comuna de Villa O\u2019Higgins, una de las pocas de la regi\u00f3n que a\u00fan no estaban conectadas a la fibra \u00f3ptica y que hoy, gracias a esta obra se va a sumar a las ventajas de una conexi\u00f3n a Internet y telefon\u00eda de mejor calidad. Esta es una gran noticia para Ays\u00e9n y para Chile, que con estas medidas avanza en integraci\u00f3n y conectividad regional, dando acceso a tecnolog\u00eda de vanguardia a una zona hist\u00f3ricamente aislada\u201d.<\/p>\n<p style=\"font-weight: 400; text-align: justify;\">El gobernador regional de Ays\u00e9n, Marcelo Santana Vargas, valor\u00f3 el anuncio y explic\u00f3 que se continuar\u00e1 el trabajo en otras localidades: \u201cSon m\u00e1s de seis mil millones de pesos que se est\u00e1n invirtiendo en esta comuna. Nos hab\u00edan manifestado los vecinos la importancia de tener buena calidad de Internet, sobre todo una comuna que est\u00e1 creciendo mucho desde el punto de vista tur\u00edstico. Por lo tanto, llevar buena conectividad es fundamental para ese desarrollo.\u201d<\/p>\n<\/div><\/section><\/div><div  style='height:50px' class='hr hr-invisible   avia-builder-el-6  el_after_av_one_full  el_before_av_social_share '><span class='hr-inner ' ><span class='hr-inner-style'><\/span><\/span><\/div><\/p>\n<div  class='av-social-sharing-box  avia-builder-el-7  el_after_av_hr  el_before_av_hr  '><div class='av-share-box'><h5 class='av-share-link-description av-no-toc '>Compartir esta noticia<\/h5><ul class='av-share-box-list noLightbox'><li class='av-share-link av-social-link-facebook' ><a target=\"_blank\" aria-label=\"Compartir en Facebook\" href='https:\/\/www.facebook.com\/sharer.php?u=https:\/\/radiorevelacionfm.cl\/?p=61741&#038;t=Adjudican%20construcci%C3%B3n%20de%20trazado%20de%20fibra%20%C3%B3ptica%20hacia%20Villa%20O%C2%B4Higgins' aria-hidden='false' data-av_icon='\ue8f3' data-av_iconfont='entypo-fontello' title='' data-avia-related-tooltip='Compartir en Facebook' rel=\"noopener\"><span class='avia_hidden_link_text'>Compartir en Facebook<\/span><\/a><\/li><li class='av-share-link av-social-link-twitter' ><a target=\"_blank\" aria-label=\"Compartir en Twitter\" href='https:\/\/twitter.com\/share?text=Adjudican%20construcci%C3%B3n%20de%20trazado%20de%20fibra%20%C3%B3ptica%20hacia%20Villa%20O%C2%B4Higgins&#038;url=https:\/\/radiorevelacionfm.cl\/?p=61741' aria-hidden='false' data-av_icon='\ue8f1' data-av_iconfont='entypo-fontello' title='' data-avia-related-tooltip='Compartir en Twitter' rel=\"noopener\"><span class='avia_hidden_link_text'>Compartir en Twitter<\/span><\/a><\/li><li class='av-share-link av-social-link-whatsapp' ><a target=\"_blank\" aria-label=\"Compartir en Whatsapp\" href='https:\/\/api.whatsapp.com\/send?text=https:\/\/radiorevelacionfm.cl\/?p=61741' aria-hidden='false' data-av_icon='\uf232' data-av_iconfont='entypo-fontello' title='' data-avia-related-tooltip='Compartir en Whatsapp' rel=\"noopener\"><span class='avia_hidden_link_text'>Compartir en Whatsapp<\/span><\/a><\/li><li class='av-share-link av-social-link-linkedin' ><a target=\"_blank\" aria-label=\"Compartir en LinkedIn\" href='https:\/\/linkedin.com\/shareArticle?mini=true&#038;title=Adjudican%20construcci%C3%B3n%20de%20trazado%20de%20fibra%20%C3%B3ptica%20hacia%20Villa%20O%C2%B4Higgins&#038;url=https:\/\/radiorevelacionfm.cl\/?p=61741' aria-hidden='false' data-av_icon='\ue8fc' data-av_iconfont='entypo-fontello' title='' data-avia-related-tooltip='Compartir en LinkedIn' rel=\"noopener\"><span class='avia_hidden_link_text'>Compartir en LinkedIn<\/span><\/a><\/li><li class='av-share-link av-social-link-mail' ><a  aria-label=\"Compartir por correo\" href='mailto:?subject=Adjudican%20construcci%C3%B3n%20de%20trazado%20de%20fibra%20%C3%B3ptica%20hacia%20Villa%20O%C2%B4Higgins&#038;body=https:\/\/radiorevelacionfm.cl\/?p=61741' aria-hidden='false' data-av_icon='\ue805' data-av_iconfont='entypo-fontello' title='' data-avia-related-tooltip='Compartir por correo'><span class='avia_hidden_link_text'>Compartir por correo<\/span><\/a><\/li><\/ul><\/div><\/div>\n<div  style='height:50px' class='hr hr-invisible   avia-builder-el-8  el_after_av_social_share  el_before_av_comments_list '><span class='hr-inner ' ><span class='hr-inner-style'><\/span><\/span><\/div>\n<div  class='av-buildercomment  av-blog-meta-html-info-disabled av-blog-meta-tag-disabled  '><\/div>\n","protected":false},"excerpt":{"rendered":"","protected":false},"author":1,"featured_media":61742,"comment_status":"closed","ping_status":"closed","sticky":false,"template":"","format":"standard","meta":{"footnotes":""},"categories":[38],"tags":[],"class_list":["post-61741","post","type-post","status-publish","format-standard","has-post-thumbnail","hentry","category-regional"],"jetpack_featured_media_url":"https:\/\/radiorevelacionfm.cl\/wp-content\/uploads\/2025\/11\/villa-o\u00b4higgins-5-1_optimized-1-1.jpg","_links":{"self":[{"href":"https:\/\/radiorevelacionfm.cl\/index.php?rest_route=\/wp\/v2\/posts\/61741","targetHints":{"allow":["GET"]}}],"collection":[{"href":"https:\/\/radiorevelacionfm.cl\/index.php?rest_route=\/wp\/v2\/posts"}],"about":[{"href":"https:\/\/radiorevelacionfm.cl\/index.php?rest_route=\/wp\/v2\/types\/post"}],"author":[{"embeddable":true,"href":"https:\/\/radiorevelacionfm.cl\/index.php?rest_route=\/wp\/v2\/users\/1"}],"replies":[{"embeddable":true,"href":"https:\/\/radiorevelacionfm.cl\/index.php?rest_route=%2Fwp%2Fv2%2Fcomments&post=61741"}],"version-history":[{"count":2,"href":"https:\/\/radiorevelacionfm.cl\/index.php?rest_route=\/wp\/v2\/posts\/61741\/revisions"}],"predecessor-version":[{"id":61744,"href":"https:\/\/radiorevelacionfm.cl\/index.php?rest_route=\/wp\/v2\/posts\/61741\/revisions\/61744"}],"wp:featuredmedia":[{"embeddable":true,"href":"https:\/\/radiorevelacionfm.cl\/index.php?rest_route=\/wp\/v2\/media\/61742"}],"wp:attachment":[{"href":"https:\/\/radiorevelacionfm.cl\/index.php?rest_route=%2Fwp%2Fv2%2Fmedia&parent=61741"}],"wp:term":[{"taxonomy":"category","embeddable":true,"href":"https:\/\/radiorevelacionfm.cl\/index.php?rest_route=%2Fwp%2Fv2%2Fcategories&post=61741"},{"taxonomy":"post_tag","embeddable":true,"href":"https:\/\/radiorevelacionfm.cl\/index.php?rest_route=%2Fwp%2Fv2%2Ftags&post=61741"}],"curies":[{"name":"wp","href":"https:\/\/api.w.org\/{rel}","templated":true}]}}