{"id":61737,"date":"2025-11-24T15:03:38","date_gmt":"2025-11-24T18:03:38","guid":{"rendered":"https:\/\/radiorevelacionfm.cl\/?p=61737"},"modified":"2025-11-24T15:03:38","modified_gmt":"2025-11-24T18:03:38","slug":"paso-de-estar-en-estado-critico-a-recuperar-su-normalidad-alcalde-destaca-avances-en-la-planta-de-puerto-guadal","status":"publish","type":"post","link":"https:\/\/radiorevelacionfm.cl\/?p=61737","title":{"rendered":"\u201cPas\u00f3 de estar en estado cr\u00edtico a recuperar su normalidad\u201d: alcalde destaca avances en la planta de Puerto Guadal"},"content":{"rendered":"<div class=\"flex_column av_one_full  flex_column_div av-zero-column-padding first  avia-builder-el-0  el_before_av_one_full  avia-builder-el-first  \" style='border-radius:0px; '><div  class='avia-image-container  av-styling-    avia-builder-el-1  avia-builder-el-no-sibling  avia-align-center '  itemprop=\"image\" itemscope=\"itemscope\" itemtype=\"https:\/\/schema.org\/ImageObject\"  ><div class='avia-image-container-inner'><div class='avia-image-overlay-wrap'><img decoding=\"async\" class='wp-image-61738 avia-img-lazy-loading-not-61738 avia_image' src=\"https:\/\/radiorevelacionfm.cl\/wp-content\/uploads\/2025\/11\/foto-nota-pto-guadal_optimized.jpg\" alt='' title='foto-nota-pto-guadal_optimized' height=\"600\" width=\"920\"  itemprop=\"thumbnailUrl\" srcset=\"https:\/\/radiorevelacionfm.cl\/wp-content\/uploads\/2025\/11\/foto-nota-pto-guadal_optimized.jpg 920w, https:\/\/radiorevelacionfm.cl\/wp-content\/uploads\/2025\/11\/foto-nota-pto-guadal_optimized-300x196.jpg 300w, https:\/\/radiorevelacionfm.cl\/wp-content\/uploads\/2025\/11\/foto-nota-pto-guadal_optimized-768x501.jpg 768w, https:\/\/radiorevelacionfm.cl\/wp-content\/uploads\/2025\/11\/foto-nota-pto-guadal_optimized-705x460.jpg 705w, https:\/\/radiorevelacionfm.cl\/wp-content\/uploads\/2025\/11\/foto-nota-pto-guadal_optimized-450x293.jpg 450w, https:\/\/radiorevelacionfm.cl\/wp-content\/uploads\/2025\/11\/foto-nota-pto-guadal_optimized-600x391.jpg 600w\" sizes=\"(max-width: 920px) 100vw, 920px\" \/><\/div><\/div><\/div><\/div><div class=\"flex_column av_one_full  flex_column_div av-zero-column-padding first  avia-builder-el-2  el_after_av_one_full  el_before_av_one_full  column-top-margin\" style='border-radius:0px; '><section class=\"av_textblock_section \"  itemscope=\"itemscope\" itemtype=\"https:\/\/schema.org\/BlogPosting\" itemprop=\"blogPost\" ><div class='avia_textblock  '   itemprop=\"text\" ><p style=\"text-align: center;\"><strong><span style=\"font-size: 18pt;\">\u201cPas\u00f3 de estar en estado cr\u00edtico a recuperar su normalidad\u201d: alcalde destaca avances en la planta de Puerto Guadal<\/span><\/strong><\/p>\n<div id=\"gtx-trans\" style=\"position: absolute; left: -50px; top: 4.31534px;\">\n<div class=\"gtx-trans-icon\"><\/div>\n<\/div>\n<\/div><\/section><\/div><div class=\"flex_column av_one_full  flex_column_div av-zero-column-padding first  avia-builder-el-4  el_after_av_one_full  el_before_av_hr  column-top-margin\" style='border-radius:0px; '><section class=\"av_textblock_section \"  itemscope=\"itemscope\" itemtype=\"https:\/\/schema.org\/BlogPosting\" itemprop=\"blogPost\" ><div class='avia_textblock  '   itemprop=\"text\" ><p style=\"text-align: justify;\">La Municipalidad de Chile Chico inform\u00f3 que contin\u00faan los trabajos de mejoramiento integral de la planta de tratamiento de aguas servidas de Puerto Guadal, una obra que alcanza una inversi\u00f3n cercana a los $230 millones, financiada por el Gobierno Regional tras un proyecto presentado por el municipio. Las faenas avanzan de acuerdo a lo programado y permitir\u00edan normalizar el servicio durante la pr\u00f3xima temporada estival.<\/p>\n<p style=\"text-align: justify;\">El alcalde Ariel Keim se\u00f1al\u00f3 que este proyecto \u201cresponde a una demanda hist\u00f3rica de los vecinos de Puerto Guadal, que por a\u00f1os han esperado un servicio de alcantarillado estable y seguro\u201d. Durante su visita inspectiva, la autoridad verific\u00f3 la limpieza completa de las instalaciones, la recuperaci\u00f3n operativa de la planta y el recambio de bombas elevadoras en distintos puntos del sistema.<\/p>\n<p style=\"text-align: justify;\">Keim destac\u00f3 que la obra ha permitido enfrentar una situaci\u00f3n cr\u00edtica heredada. \u201cEra una planta que estaba muy complicada en su operaci\u00f3n, y hoy vemos c\u00f3mo ha ido tomando normalidad. Eso nos entrega tranquilidad, porque la inversi\u00f3n se est\u00e1 ejecutando como corresponde\u201d, afirm\u00f3.<\/p>\n<p style=\"text-align: justify;\">El jefe comunal explic\u00f3 que los trabajos incluyen mejoras estructurales en la planta, mantenci\u00f3n profunda, normalizaci\u00f3n del sistema, reposici\u00f3n de equipos y modernizaci\u00f3n de todo el circuito de impulsi\u00f3n. \u201cSe est\u00e1n interviniendo las distintas plantas elevadoras, las bombas que permiten el transporte de aguas, y finalmente el mejoramiento completo del sistema. Es un avance real y visible\u201d, agreg\u00f3.<\/p>\n<p style=\"text-align: justify;\">La autoridad proyect\u00f3 que la obra podr\u00eda concluir dentro del presente a\u00f1o calendario, lo que permitir\u00eda enfrentar los meses de mayor flujo tur\u00edstico con un servicio sanitario regularizado. \u201cEsperamos que en enero o febrero Puerto Guadal pueda contar con un sistema completamente normalizado. Esto no solo es salud p\u00fablica; es tambi\u00e9n la base para proyectar una localidad tur\u00edstica con todas sus condiciones\u201d, indic\u00f3.<\/p>\n<p style=\"text-align: justify;\">Finalmente, Keim asegur\u00f3 que el municipio continuar\u00e1 supervisando cada etapa del contrato para asegurar su correcta ejecuci\u00f3n. \u201cVamos a seguir en terreno, informando a la comunidad y cumpliendo con una necesidad que ellos mismos levantaron por a\u00f1os. Hoy los trabajos se ven, avanzan y entregan tranquilidad a Puerto Guadal\u201d, concluy\u00f3.<\/p>\n<\/div><\/section><\/div><div  style='height:50px' class='hr hr-invisible   avia-builder-el-6  el_after_av_one_full  el_before_av_social_share '><span class='hr-inner ' ><span class='hr-inner-style'><\/span><\/span><\/div><\/p>\n<div  class='av-social-sharing-box  avia-builder-el-7  el_after_av_hr  el_before_av_hr  '><div class='av-share-box'><h5 class='av-share-link-description av-no-toc '>Compartir esta noticia<\/h5><ul class='av-share-box-list noLightbox'><li class='av-share-link av-social-link-facebook' ><a target=\"_blank\" aria-label=\"Compartir en Facebook\" href='https:\/\/www.facebook.com\/sharer.php?u=https:\/\/radiorevelacionfm.cl\/?p=61737&#038;t=%E2%80%9CPas%C3%B3%20de%20estar%20en%20estado%20cr%C3%ADtico%20a%20recuperar%20su%20normalidad%E2%80%9D%3A%20alcalde%20destaca%20avances%20en%20la%20planta%20de%20Puerto%20Guadal' aria-hidden='false' data-av_icon='\ue8f3' data-av_iconfont='entypo-fontello' title='' data-avia-related-tooltip='Compartir en Facebook' rel=\"noopener\"><span class='avia_hidden_link_text'>Compartir en Facebook<\/span><\/a><\/li><li class='av-share-link av-social-link-twitter' ><a target=\"_blank\" aria-label=\"Compartir en Twitter\" href='https:\/\/twitter.com\/share?text=%E2%80%9CPas%C3%B3%20de%20estar%20en%20estado%20cr%C3%ADtico%20a%20recuperar%20su%20normalidad%E2%80%9D%3A%20alcalde%20destaca%20avances%20en%20la%20planta%20de%20Puerto%20Guadal&#038;url=https:\/\/radiorevelacionfm.cl\/?p=61737' aria-hidden='false' data-av_icon='\ue8f1' data-av_iconfont='entypo-fontello' title='' data-avia-related-tooltip='Compartir en Twitter' rel=\"noopener\"><span class='avia_hidden_link_text'>Compartir en Twitter<\/span><\/a><\/li><li class='av-share-link av-social-link-whatsapp' ><a target=\"_blank\" aria-label=\"Compartir en Whatsapp\" href='https:\/\/api.whatsapp.com\/send?text=https:\/\/radiorevelacionfm.cl\/?p=61737' aria-hidden='false' data-av_icon='\uf232' data-av_iconfont='entypo-fontello' title='' data-avia-related-tooltip='Compartir en Whatsapp' rel=\"noopener\"><span class='avia_hidden_link_text'>Compartir en Whatsapp<\/span><\/a><\/li><li class='av-share-link av-social-link-linkedin' ><a target=\"_blank\" aria-label=\"Compartir en LinkedIn\" href='https:\/\/linkedin.com\/shareArticle?mini=true&#038;title=%E2%80%9CPas%C3%B3%20de%20estar%20en%20estado%20cr%C3%ADtico%20a%20recuperar%20su%20normalidad%E2%80%9D%3A%20alcalde%20destaca%20avances%20en%20la%20planta%20de%20Puerto%20Guadal&#038;url=https:\/\/radiorevelacionfm.cl\/?p=61737' aria-hidden='false' data-av_icon='\ue8fc' data-av_iconfont='entypo-fontello' title='' data-avia-related-tooltip='Compartir en LinkedIn' rel=\"noopener\"><span class='avia_hidden_link_text'>Compartir en LinkedIn<\/span><\/a><\/li><li class='av-share-link av-social-link-mail' ><a  aria-label=\"Compartir por correo\" href='mailto:?subject=%E2%80%9CPas%C3%B3%20de%20estar%20en%20estado%20cr%C3%ADtico%20a%20recuperar%20su%20normalidad%E2%80%9D%3A%20alcalde%20destaca%20avances%20en%20la%20planta%20de%20Puerto%20Guadal&#038;body=https:\/\/radiorevelacionfm.cl\/?p=61737' aria-hidden='false' data-av_icon='\ue805' data-av_iconfont='entypo-fontello' title='' data-avia-related-tooltip='Compartir por correo'><span class='avia_hidden_link_text'>Compartir por correo<\/span><\/a><\/li><\/ul><\/div><\/div>\n<div  style='height:50px' class='hr hr-invisible   avia-builder-el-8  el_after_av_social_share  el_before_av_comments_list '><span class='hr-inner ' ><span class='hr-inner-style'><\/span><\/span><\/div>\n<div  class='av-buildercomment  av-blog-meta-html-info-disabled av-blog-meta-tag-disabled  '><\/div>\n","protected":false},"excerpt":{"rendered":"","protected":false},"author":1,"featured_media":61738,"comment_status":"closed","ping_status":"closed","sticky":false,"template":"","format":"standard","meta":{"footnotes":""},"categories":[38],"tags":[],"class_list":["post-61737","post","type-post","status-publish","format-standard","has-post-thumbnail","hentry","category-regional"],"jetpack_featured_media_url":"https:\/\/radiorevelacionfm.cl\/wp-content\/uploads\/2025\/11\/foto-nota-pto-guadal_optimized.jpg","_links":{"self":[{"href":"https:\/\/radiorevelacionfm.cl\/index.php?rest_route=\/wp\/v2\/posts\/61737","targetHints":{"allow":["GET"]}}],"collection":[{"href":"https:\/\/radiorevelacionfm.cl\/index.php?rest_route=\/wp\/v2\/posts"}],"about":[{"href":"https:\/\/radiorevelacionfm.cl\/index.php?rest_route=\/wp\/v2\/types\/post"}],"author":[{"embeddable":true,"href":"https:\/\/radiorevelacionfm.cl\/index.php?rest_route=\/wp\/v2\/users\/1"}],"replies":[{"embeddable":true,"href":"https:\/\/radiorevelacionfm.cl\/index.php?rest_route=%2Fwp%2Fv2%2Fcomments&post=61737"}],"version-history":[{"count":2,"href":"https:\/\/radiorevelacionfm.cl\/index.php?rest_route=\/wp\/v2\/posts\/61737\/revisions"}],"predecessor-version":[{"id":61740,"href":"https:\/\/radiorevelacionfm.cl\/index.php?rest_route=\/wp\/v2\/posts\/61737\/revisions\/61740"}],"wp:featuredmedia":[{"embeddable":true,"href":"https:\/\/radiorevelacionfm.cl\/index.php?rest_route=\/wp\/v2\/media\/61738"}],"wp:attachment":[{"href":"https:\/\/radiorevelacionfm.cl\/index.php?rest_route=%2Fwp%2Fv2%2Fmedia&parent=61737"}],"wp:term":[{"taxonomy":"category","embeddable":true,"href":"https:\/\/radiorevelacionfm.cl\/index.php?rest_route=%2Fwp%2Fv2%2Fcategories&post=61737"},{"taxonomy":"post_tag","embeddable":true,"href":"https:\/\/radiorevelacionfm.cl\/index.php?rest_route=%2Fwp%2Fv2%2Ftags&post=61737"}],"curies":[{"name":"wp","href":"https:\/\/api.w.org\/{rel}","templated":true}]}}