{"id":61733,"date":"2025-11-24T14:45:00","date_gmt":"2025-11-24T17:45:00","guid":{"rendered":"https:\/\/radiorevelacionfm.cl\/?p=61733"},"modified":"2025-11-24T14:45:00","modified_gmt":"2025-11-24T17:45:00","slug":"aysen-destaco-en-la-4-edicion-de-los-juegos-binacionales-de-la-para-araucania-en-punta-arenas-donde-obtuvo-13-medallas","status":"publish","type":"post","link":"https:\/\/radiorevelacionfm.cl\/?p=61733","title":{"rendered":"Ays\u00e9n destac\u00f3 en la 4\u00b0 Edici\u00f3n de los Juegos Binacionales de la Para Araucan\u00eda en Punta Arenas, donde obtuvo 13 medallas"},"content":{"rendered":"<div class=\"flex_column av_one_full  flex_column_div av-zero-column-padding first  avia-builder-el-0  el_before_av_one_full  avia-builder-el-first  \" style='border-radius:0px; '><div  class='avia-image-container  av-styling-    avia-builder-el-1  avia-builder-el-no-sibling  avia-align-center '  itemprop=\"image\" itemscope=\"itemscope\" itemtype=\"https:\/\/schema.org\/ImageObject\"  ><div class='avia-image-container-inner'><div class='avia-image-overlay-wrap'><img decoding=\"async\" class='wp-image-61734 avia-img-lazy-loading-not-61734 avia_image' src=\"https:\/\/radiorevelacionfm.cl\/wp-content\/uploads\/2025\/11\/whatsapp-image-2025-11-24-at-13_optimized.23.03-1.jpeg\" alt='' title='whatsapp-image-2025-11-24-at-13_optimized.23.03-(1)' height=\"600\" width=\"800\"  itemprop=\"thumbnailUrl\" srcset=\"https:\/\/radiorevelacionfm.cl\/wp-content\/uploads\/2025\/11\/whatsapp-image-2025-11-24-at-13_optimized.23.03-1.jpeg 800w, https:\/\/radiorevelacionfm.cl\/wp-content\/uploads\/2025\/11\/whatsapp-image-2025-11-24-at-13_optimized.23.03-1-300x225.jpeg 300w, https:\/\/radiorevelacionfm.cl\/wp-content\/uploads\/2025\/11\/whatsapp-image-2025-11-24-at-13_optimized.23.03-1-768x576.jpeg 768w, https:\/\/radiorevelacionfm.cl\/wp-content\/uploads\/2025\/11\/whatsapp-image-2025-11-24-at-13_optimized.23.03-1-705x529.jpeg 705w, https:\/\/radiorevelacionfm.cl\/wp-content\/uploads\/2025\/11\/whatsapp-image-2025-11-24-at-13_optimized.23.03-1-450x338.jpeg 450w, https:\/\/radiorevelacionfm.cl\/wp-content\/uploads\/2025\/11\/whatsapp-image-2025-11-24-at-13_optimized.23.03-1-600x450.jpeg 600w\" sizes=\"(max-width: 800px) 100vw, 800px\" \/><\/div><\/div><\/div><\/div><div class=\"flex_column av_one_full  flex_column_div av-zero-column-padding first  avia-builder-el-2  el_after_av_one_full  el_before_av_one_full  column-top-margin\" style='border-radius:0px; '><section class=\"av_textblock_section \"  itemscope=\"itemscope\" itemtype=\"https:\/\/schema.org\/BlogPosting\" itemprop=\"blogPost\" ><div class='avia_textblock  '   itemprop=\"text\" ><p style=\"text-align: center;\"><strong><span style=\"font-size: 18pt;\">Ays\u00e9n destac\u00f3 en la 4\u00b0 Edici\u00f3n de los Juegos Binacionales de la Para Araucan\u00eda en Punta Arenas, donde obtuvo 13 medallas<\/span><\/strong><\/p>\n<div id=\"gtx-trans\" style=\"position: absolute; left: -50px; top: 4.31534px;\">\n<div class=\"gtx-trans-icon\"><\/div>\n<\/div>\n<\/div><\/section><\/div><div class=\"flex_column av_one_full  flex_column_div av-zero-column-padding first  avia-builder-el-4  el_after_av_one_full  el_before_av_hr  column-top-margin\" style='border-radius:0px; '><section class=\"av_textblock_section \"  itemscope=\"itemscope\" itemtype=\"https:\/\/schema.org\/BlogPosting\" itemprop=\"blogPost\" ><div class='avia_textblock  '   itemprop=\"text\" ><p style=\"text-align: justify;\"><em><strong>Con la delegaci\u00f3n m\u00e1s peque\u00f1a del certamen los paradeportistas regionales obtuvieron importantes logros en Para Nataci\u00f3n y Para Atletismo.<\/strong><\/em><\/p>\n<p style=\"text-align: justify;\">Magallanes fue el epicentro del deporte adaptado de la zona sur del continente, recibiendo a delegaciones de siete regiones de Chile y seis provincias de Argentina, en el marco de la 4\u00b0 edici\u00f3n de los Juegos Binacionales de la Araucan\u00eda,\u00a0competencia deportiva binacional que re\u00fane a j\u00f3venes atletas con discapacidad consolidando el compromiso con el deporte adaptado y la inclusi\u00f3n.<\/p>\n<p style=\"text-align: justify;\">En estos juegos Ays\u00e9n obtuvo 13 medallas; al respecto el\u00a0Director Regional del Instituto Nacional de Deportes (IND), Javier Medina Mella, destac\u00f3 que: \u201cEsta versi\u00f3n alcanz\u00f3 una convocatoria hist\u00f3rica, con cerca de 500 para deportistas\u201d, agregando que: \u201cla importancia de estos Juegos, no necesariamente tiene relaci\u00f3n con el medallero o con los resultados, sino que es un encuentro de hermandad, inclusi\u00f3n y amistad, estamos muy orgullosos de nuestros deportistas tanto de los que obtuvieron medallas como de quienes los dieron todo en la competencia; \u00a0agradecer adem\u00e1s al Gobierno Regional por el apoyo y tambi\u00e9n a las y los funcionarios del IND, delegados y entrenadores que acompa\u00f1aron \u00a0permanentemente a los para deportistas durante el viaje y d\u00edas de competencia, esperamos seguir creciendo en n\u00famero de atletas que participan en estos\u00a0 Juegos que en su edici\u00f3n n\u00famero 5\u00b0 ser\u00e1 en la Regi\u00f3n de Los R\u00edos\u201d.<\/p>\n<p style=\"text-align: justify;\">Por su parte Mauricio Mu\u00f1oz, para atleta que obtuvo 3 medallas de oro en disco, bala y jabalina dijo que \u201cEstos son mis segundos juegos, fue una experiencia enriquecedora por qu\u00e9 como deportista uno conoce muchos para atletas de las distintas regiones tanto chilenas como Argentina, con los cuales se crean lazos de compa\u00f1erismo y amistad, adem\u00e1s existe la disposici\u00f3n de todos los cuerpos t\u00e9cnicos de colaborar con sus experiencias con todos los participantes logr\u00e9 traer una medalla y es estos juegos mejor\u00e9 mucho obtuve 3 de oro; ha sido un camino arduo para poder practicar este deporte, primero tuve que fabricar mi propio banco de competencia que cumpla con la exigencia reglamentaria para este deporte, debido a que en Chile no existen este tipo de implementos. La preparaci\u00f3n f\u00edsica la realizo en el centro de entrenamiento regional 3 veces a la semana con el profesor del IND An\u00edbal Rebello y en los entrenamientos de campo incurro en gastos que asumo de forma personal, los que son realizados con el profesor Eduardo Ferretti en la pista atl\u00e9tica del estadio regional, este trabajo me ha permitido mejorar las t\u00e9cnicas de lanzamientos y superar las marcas anteriores\u201d. El deportista\u00a0finalmente se\u00f1al\u00f3 que : \u201cQuiero mencionar que me siento orgulloso de poder representar a mi regi\u00f3n cada vez que participo en las diversas competencias tambi\u00e9n me gustar\u00eda hacer un llamado a las instituciones p\u00fablicas y privadas para que exista un mayor apoyo para quienes practicamos el deporte Paral\u00edmpico\u00bb.<\/p>\n<p style=\"text-align: justify;\">Asimismo; Macarena Quero, entrenadora de Nicol\u00e1s Jaque y \u00a0ex seleccionada Nacional de paranataci\u00f3n se refiri\u00f3 a estos \u00faltimos Juegos: \u201cEs s\u00faper lindo ver que se est\u00e1 desarrollando el deporte paral\u00edmpico al fin del mundo, yo estoy feliz de poder apoyar a Nicol\u00e1s Jaque y a la regi\u00f3n\u00a0 a crecer en este deporte, contenta y agradecida del equipo y espero poder seguir apoyando a la regi\u00f3n aunque sea a la distancia\u201d.<\/p>\n<p style=\"text-align: justify;\"><strong>Resultados por disciplina<\/strong><\/p>\n<p style=\"text-align: justify;\"><u>Nataci\u00f3n<\/u><\/p>\n<p style=\"text-align: justify;\">Nicol\u00e1s Jaque: Oro\u00a050 MTS. LIBRE &#8211; S 8, Oro 50 MTS. ESP. &#8211; S 8, Oro 100 MTS. LIBRE &#8211; S 8<\/p>\n<p style=\"text-align: justify;\"><u>Atletismo<\/u><\/p>\n<p style=\"text-align: justify;\">Deisy Elgueta: Oro 400 MTS.- CLASE 20<\/p>\n<p style=\"text-align: justify;\">Mauricio Mu\u00f1oz: Oro\u00a0LANZ. BALA &#8211; CLASE 56, Oro LANZ. DISCO &#8211; CLASE 56, Oro LANZ. JABALINA- CLASE 56<\/p>\n<p style=\"text-align: justify;\">Jimmy N\u00fa\u00f1ez: Oro LANZ. BALA &#8211; CLASE 54, Oro LANZ. JABALINA &#8211; CLASE 54<\/p>\n<p style=\"text-align: justify;\">Johana Retamal: Plata 200 MTS. PLANOS T 20<\/p>\n<p style=\"text-align: justify;\">Newen \u00c1guila: Plata\u00a0200 MTS.- T3,\u00a0\u00a0Bronce 100 METROS PLANOS T38, Bronce 400 METROS PLANOS T38<\/p>\n<p style=\"text-align: justify;\">Kevin Vargas: Para Atleta particip\u00e9 y lo dio todo en los 100 y 200 Mts Planos, mejorando sus marcas<\/p>\n<p style=\"text-align: justify;\">Cristian Llancalahu\u00e9n: Para atleta, particip\u00f3 en los 400 y 800 mts planos T20, con muy buena marca personal<\/p>\n<p style=\"text-align: justify;\">OROS: 9<\/p>\n<p style=\"text-align: justify;\">PLATA: 2<\/p>\n<p style=\"text-align: justify;\">BRONCE: 2<\/p>\n<\/div><\/section><\/div><div  style='height:50px' class='hr hr-invisible   avia-builder-el-6  el_after_av_one_full  el_before_av_social_share '><span class='hr-inner ' ><span class='hr-inner-style'><\/span><\/span><\/div><\/p>\n<div  class='av-social-sharing-box  avia-builder-el-7  el_after_av_hr  el_before_av_hr  '><div class='av-share-box'><h5 class='av-share-link-description av-no-toc '>Compartir esta noticia<\/h5><ul class='av-share-box-list noLightbox'><li class='av-share-link av-social-link-facebook' ><a target=\"_blank\" aria-label=\"Compartir en Facebook\" href='https:\/\/www.facebook.com\/sharer.php?u=https:\/\/radiorevelacionfm.cl\/?p=61733&#038;t=Ays%C3%A9n%20destac%C3%B3%20en%20la%204%C2%B0%20Edici%C3%B3n%20de%20los%20Juegos%20Binacionales%20de%20la%20Para%20Araucan%C3%ADa%20en%20Punta%20Arenas%2C%20donde%20obtuvo%2013%20medallas' aria-hidden='false' data-av_icon='\ue8f3' data-av_iconfont='entypo-fontello' title='' data-avia-related-tooltip='Compartir en Facebook' rel=\"noopener\"><span class='avia_hidden_link_text'>Compartir en Facebook<\/span><\/a><\/li><li class='av-share-link av-social-link-twitter' ><a target=\"_blank\" aria-label=\"Compartir en Twitter\" href='https:\/\/twitter.com\/share?text=Ays%C3%A9n%20destac%C3%B3%20en%20la%204%C2%B0%20Edici%C3%B3n%20de%20los%20Juegos%20Binacionales%20de%20la%20Para%20Araucan%C3%ADa%20en%20Punta%20Arenas%2C%20donde%20obtuvo%2013%20medallas&#038;url=https:\/\/radiorevelacionfm.cl\/?p=61733' aria-hidden='false' data-av_icon='\ue8f1' data-av_iconfont='entypo-fontello' title='' data-avia-related-tooltip='Compartir en Twitter' rel=\"noopener\"><span class='avia_hidden_link_text'>Compartir en Twitter<\/span><\/a><\/li><li class='av-share-link av-social-link-whatsapp' ><a target=\"_blank\" aria-label=\"Compartir en Whatsapp\" href='https:\/\/api.whatsapp.com\/send?text=https:\/\/radiorevelacionfm.cl\/?p=61733' aria-hidden='false' data-av_icon='\uf232' data-av_iconfont='entypo-fontello' title='' data-avia-related-tooltip='Compartir en Whatsapp' rel=\"noopener\"><span class='avia_hidden_link_text'>Compartir en Whatsapp<\/span><\/a><\/li><li class='av-share-link av-social-link-linkedin' ><a target=\"_blank\" aria-label=\"Compartir en LinkedIn\" href='https:\/\/linkedin.com\/shareArticle?mini=true&#038;title=Ays%C3%A9n%20destac%C3%B3%20en%20la%204%C2%B0%20Edici%C3%B3n%20de%20los%20Juegos%20Binacionales%20de%20la%20Para%20Araucan%C3%ADa%20en%20Punta%20Arenas%2C%20donde%20obtuvo%2013%20medallas&#038;url=https:\/\/radiorevelacionfm.cl\/?p=61733' aria-hidden='false' data-av_icon='\ue8fc' data-av_iconfont='entypo-fontello' title='' data-avia-related-tooltip='Compartir en LinkedIn' rel=\"noopener\"><span class='avia_hidden_link_text'>Compartir en LinkedIn<\/span><\/a><\/li><li class='av-share-link av-social-link-mail' ><a  aria-label=\"Compartir por correo\" href='mailto:?subject=Ays%C3%A9n%20destac%C3%B3%20en%20la%204%C2%B0%20Edici%C3%B3n%20de%20los%20Juegos%20Binacionales%20de%20la%20Para%20Araucan%C3%ADa%20en%20Punta%20Arenas%2C%20donde%20obtuvo%2013%20medallas&#038;body=https:\/\/radiorevelacionfm.cl\/?p=61733' aria-hidden='false' data-av_icon='\ue805' data-av_iconfont='entypo-fontello' title='' data-avia-related-tooltip='Compartir por correo'><span class='avia_hidden_link_text'>Compartir por correo<\/span><\/a><\/li><\/ul><\/div><\/div>\n<div  style='height:50px' class='hr hr-invisible   avia-builder-el-8  el_after_av_social_share  el_before_av_comments_list '><span class='hr-inner ' ><span class='hr-inner-style'><\/span><\/span><\/div>\n<div  class='av-buildercomment  av-blog-meta-html-info-disabled av-blog-meta-tag-disabled  '><\/div>\n","protected":false},"excerpt":{"rendered":"","protected":false},"author":1,"featured_media":61734,"comment_status":"closed","ping_status":"closed","sticky":false,"template":"","format":"standard","meta":{"footnotes":""},"categories":[40],"tags":[],"class_list":["post-61733","post","type-post","status-publish","format-standard","has-post-thumbnail","hentry","category-deportes"],"jetpack_featured_media_url":"https:\/\/radiorevelacionfm.cl\/wp-content\/uploads\/2025\/11\/whatsapp-image-2025-11-24-at-13_optimized.23.03-1.jpeg","_links":{"self":[{"href":"https:\/\/radiorevelacionfm.cl\/index.php?rest_route=\/wp\/v2\/posts\/61733","targetHints":{"allow":["GET"]}}],"collection":[{"href":"https:\/\/radiorevelacionfm.cl\/index.php?rest_route=\/wp\/v2\/posts"}],"about":[{"href":"https:\/\/radiorevelacionfm.cl\/index.php?rest_route=\/wp\/v2\/types\/post"}],"author":[{"embeddable":true,"href":"https:\/\/radiorevelacionfm.cl\/index.php?rest_route=\/wp\/v2\/users\/1"}],"replies":[{"embeddable":true,"href":"https:\/\/radiorevelacionfm.cl\/index.php?rest_route=%2Fwp%2Fv2%2Fcomments&post=61733"}],"version-history":[{"count":2,"href":"https:\/\/radiorevelacionfm.cl\/index.php?rest_route=\/wp\/v2\/posts\/61733\/revisions"}],"predecessor-version":[{"id":61736,"href":"https:\/\/radiorevelacionfm.cl\/index.php?rest_route=\/wp\/v2\/posts\/61733\/revisions\/61736"}],"wp:featuredmedia":[{"embeddable":true,"href":"https:\/\/radiorevelacionfm.cl\/index.php?rest_route=\/wp\/v2\/media\/61734"}],"wp:attachment":[{"href":"https:\/\/radiorevelacionfm.cl\/index.php?rest_route=%2Fwp%2Fv2%2Fmedia&parent=61733"}],"wp:term":[{"taxonomy":"category","embeddable":true,"href":"https:\/\/radiorevelacionfm.cl\/index.php?rest_route=%2Fwp%2Fv2%2Fcategories&post=61733"},{"taxonomy":"post_tag","embeddable":true,"href":"https:\/\/radiorevelacionfm.cl\/index.php?rest_route=%2Fwp%2Fv2%2Ftags&post=61733"}],"curies":[{"name":"wp","href":"https:\/\/api.w.org\/{rel}","templated":true}]}}