{"id":6173,"date":"2021-07-12T12:35:34","date_gmt":"2021-07-12T15:35:34","guid":{"rendered":"https:\/\/radiorevelacionfm.cl\/?p=6173"},"modified":"2021-07-12T12:35:34","modified_gmt":"2021-07-12T15:35:34","slug":"se-abre-el-mercado-de-arabia-saudita-para-la-miel-y-productos-apicolas-chilenos","status":"publish","type":"post","link":"https:\/\/radiorevelacionfm.cl\/?p=6173","title":{"rendered":"Se abre el mercado de Arabia Saudita para la miel y productos ap\u00edcolas chilenos"},"content":{"rendered":"<div class=\"flex_column av_one_full  flex_column_div av-zero-column-padding first  avia-builder-el-0  el_before_av_one_full  avia-builder-el-first  \" style='border-radius:0px; '><div  class='avia-image-container  av-styling-    avia-builder-el-1  avia-builder-el-no-sibling  avia-align-center '  itemprop=\"image\" itemscope=\"itemscope\" itemtype=\"https:\/\/schema.org\/ImageObject\"  ><div class='avia-image-container-inner'><div class='avia-image-overlay-wrap'><img decoding=\"async\" class='wp-image-6174 avia-img-lazy-loading-not-6174 avia_image' src=\"https:\/\/radiorevelacionfm.cl\/wp-content\/uploads\/2021\/07\/miel-2-1_optimized.jpg\" alt='' title='miel-2-(1)_optimized' height=\"600\" width=\"800\"  itemprop=\"thumbnailUrl\" srcset=\"https:\/\/radiorevelacionfm.cl\/wp-content\/uploads\/2021\/07\/miel-2-1_optimized.jpg 800w, https:\/\/radiorevelacionfm.cl\/wp-content\/uploads\/2021\/07\/miel-2-1_optimized-300x225.jpg 300w, https:\/\/radiorevelacionfm.cl\/wp-content\/uploads\/2021\/07\/miel-2-1_optimized-768x576.jpg 768w, https:\/\/radiorevelacionfm.cl\/wp-content\/uploads\/2021\/07\/miel-2-1_optimized-705x529.jpg 705w, https:\/\/radiorevelacionfm.cl\/wp-content\/uploads\/2021\/07\/miel-2-1_optimized-600x450.jpg 600w\" sizes=\"(max-width: 800px) 100vw, 800px\" \/><\/div><\/div><\/div><\/div><div class=\"flex_column av_one_full  flex_column_div av-zero-column-padding first  avia-builder-el-2  el_after_av_one_full  el_before_av_one_full  column-top-margin\" style='border-radius:0px; '><section class=\"av_textblock_section \"  itemscope=\"itemscope\" itemtype=\"https:\/\/schema.org\/BlogPosting\" itemprop=\"blogPost\" ><div class='avia_textblock  '   itemprop=\"text\" ><p style=\"text-align: center;\"><strong><span style=\"font-size: 18pt;\">Se abre el mercado de Arabia Saudita para la miel y productos ap\u00edcolas chilenos<\/span><\/strong><\/p>\n<div id=\"gtx-trans\" style=\"position: absolute; left: -50px; top: 4.31534px;\">\n<div class=\"gtx-trans-icon\"><\/div>\n<\/div>\n<\/div><\/section><\/div><div class=\"flex_column av_one_full  flex_column_div av-zero-column-padding first  avia-builder-el-4  el_after_av_one_full  el_before_av_hr  column-top-margin\" style='border-radius:0px; '><section class=\"av_textblock_section \"  itemscope=\"itemscope\" itemtype=\"https:\/\/schema.org\/BlogPosting\" itemprop=\"blogPost\" ><div class='avia_textblock  '   itemprop=\"text\" ><p class=\"m_-8031793432701257612xmsonormal\" style=\"text-align: justify;\">Un positivo anuncio para el rubro ap\u00edcola realiz\u00f3 la Ministra de Agricultura, Mar\u00eda Emilia Undurraga, al comunicar la apertura del mercado de Arabia Saudita para la miel y productos ap\u00edcolas chilenos.<\/p>\n<p class=\"m_-8031793432701257612xmsonormal\" style=\"text-align: justify;\">\u201cEsta es una muy buena noticia para nuestros productores de miel, sobre todo para los peque\u00f1os apicultores. Este es un esfuerzo conjunto, entre el sector p\u00fablico y el privado, donde el compromiso de los productores y exportadores es fundamental para cumplir con las medidas sanitarias que los mercados nos imponen. Estas aperturas son muy relevantes porque la diversificaci\u00f3n de los mercados de destino para las exportaciones chilenas es clave para seguir creciendo y desarrollando nuestra industria alimentaria, por lo cual, recibimos con mucho agrado esta apertura\u201d, sostuvo la ministra Undurraga.<\/p>\n<p class=\"m_-8031793432701257612xmsonormal\" style=\"text-align: justify;\">La apertura de este mercado se logr\u00f3 tras el trabajo conjunto de 8 meses entre el SAG, ProChile y la embajada de nuestro pa\u00eds en esa naci\u00f3n de Medio Oriente con la Autoridad de Alimentaci\u00f3n y Drogas del Reino de Arabia Saudita.<\/p>\n<p class=\"m_-8031793432701257612xmsonormal\" style=\"text-align: justify;\">En ese sentido, el Director regional del SAG Ays\u00e9n, Mat\u00edas Vial Orueta, se\u00f1al\u00f3 que \u201cla apertura del mercado de Arabia Saudita para la miel y productos ap\u00edcolas, es una gran noticia para los productores nacionales, un gran reconocimiento de parte de los mercados internacionales, gracias a la excelente condici\u00f3n sanitaria ap\u00edcola de nuestro pa\u00eds y por supuesto de nuestra regi\u00f3n de Ays\u00e9n que junto a Isla de Pascua, somos regiones libres de Loque Americano, una caracter\u00edstica \u00fanica que se suma a este reconociendo de apertura de mercado\u201d.<u><\/u><u><\/u><\/p>\n<p class=\"m_-8031793432701257612xmsonormal\" style=\"text-align: justify;\">\u201cGracias a las gestiones de los diversos organismos p\u00fablicos involucrados hubo un r\u00e1pido avance en las negociaciones que demoraron menos de un a\u00f1o, lo que finalmente culmin\u00f3 con esta autorizaci\u00f3n\u201d, agreg\u00f3 el Director Nacional del SAG, Horacio B\u00f3rquez.<\/p>\n<p class=\"m_-8031793432701257612xmsonormal\" style=\"text-align: justify;\">Arabia Saudita es un mercado de inter\u00e9s para la exportaci\u00f3n de mieles nacionales por los valores a los que actualmente se transa el producto, sobre todo considerando que las mieles chilenas son especialmente apetecidas en los pa\u00edses del eje asi\u00e1tico por caracter\u00edsticas como su diversidad floral y sus cualidades organol\u00e9pticas que la diferencian de otras producidas en otros lugares del mundo.<\/p>\n<p class=\"m_-8031793432701257612xmsonormal\" style=\"text-align: justify;\"><u><\/u>Quienes se encuentren interesados en exportar hacia Arabia Saudita deben cumplir con las exigencias establecidas, entre ellas, que la miel debe proceder de apicultores\u00a0 inscritos en el Registro de Apicultores de Miel de Exportaci\u00f3n (RAMEX) del SAG; las\u00a0 salas de extracci\u00f3n (primaria y\/o comunitaria), bodega de acopio y salas de homogeneizaci\u00f3n deben tener sus autorizaciones vigentes; y el establecimiento elaborador y exportador deben estar inscritos en el Listado de Establecimientos Exportadores de Productos Pecuarios de Consumo Humano y estar habilitados para exportar\u00a0 al mercado.<\/p>\n<\/div><\/section><\/div><div  style='height:50px' class='hr hr-invisible   avia-builder-el-6  el_after_av_one_full  el_before_av_social_share '><span class='hr-inner ' ><span class='hr-inner-style'><\/span><\/span><\/div><\/p>\n<div  class='av-social-sharing-box  avia-builder-el-7  el_after_av_hr  el_before_av_hr  '><div class='av-share-box'><h5 class='av-share-link-description av-no-toc '>Compartir esta noticia<\/h5><ul class='av-share-box-list noLightbox'><li class='av-share-link av-social-link-facebook' ><a target=\"_blank\" aria-label=\"Compartir en Facebook\" href='https:\/\/www.facebook.com\/sharer.php?u=https:\/\/radiorevelacionfm.cl\/?p=6173&#038;t=Se%20abre%20el%20mercado%20de%20Arabia%20Saudita%20para%20la%20miel%20y%20productos%20ap%C3%ADcolas%20chilenos' aria-hidden='false' data-av_icon='\ue8f3' data-av_iconfont='entypo-fontello' title='' data-avia-related-tooltip='Compartir en Facebook' rel=\"noopener\"><span class='avia_hidden_link_text'>Compartir en Facebook<\/span><\/a><\/li><li class='av-share-link av-social-link-twitter' ><a target=\"_blank\" aria-label=\"Compartir en Twitter\" href='https:\/\/twitter.com\/share?text=Se%20abre%20el%20mercado%20de%20Arabia%20Saudita%20para%20la%20miel%20y%20productos%20ap%C3%ADcolas%20chilenos&#038;url=https:\/\/radiorevelacionfm.cl\/?p=6173' aria-hidden='false' data-av_icon='\ue8f1' data-av_iconfont='entypo-fontello' title='' data-avia-related-tooltip='Compartir en Twitter' rel=\"noopener\"><span class='avia_hidden_link_text'>Compartir en Twitter<\/span><\/a><\/li><li class='av-share-link av-social-link-whatsapp' ><a target=\"_blank\" aria-label=\"Compartir en Whatsapp\" href='https:\/\/api.whatsapp.com\/send?text=https:\/\/radiorevelacionfm.cl\/?p=6173' aria-hidden='false' data-av_icon='\uf232' data-av_iconfont='entypo-fontello' title='' data-avia-related-tooltip='Compartir en Whatsapp' rel=\"noopener\"><span class='avia_hidden_link_text'>Compartir en Whatsapp<\/span><\/a><\/li><li class='av-share-link av-social-link-linkedin' ><a target=\"_blank\" aria-label=\"Compartir en LinkedIn\" href='https:\/\/linkedin.com\/shareArticle?mini=true&#038;title=Se%20abre%20el%20mercado%20de%20Arabia%20Saudita%20para%20la%20miel%20y%20productos%20ap%C3%ADcolas%20chilenos&#038;url=https:\/\/radiorevelacionfm.cl\/?p=6173' aria-hidden='false' data-av_icon='\ue8fc' data-av_iconfont='entypo-fontello' title='' data-avia-related-tooltip='Compartir en LinkedIn' rel=\"noopener\"><span class='avia_hidden_link_text'>Compartir en LinkedIn<\/span><\/a><\/li><li class='av-share-link av-social-link-mail' ><a  aria-label=\"Compartir por correo\" href='mailto:?subject=Se%20abre%20el%20mercado%20de%20Arabia%20Saudita%20para%20la%20miel%20y%20productos%20ap%C3%ADcolas%20chilenos&#038;body=https:\/\/radiorevelacionfm.cl\/?p=6173' aria-hidden='false' data-av_icon='\ue805' data-av_iconfont='entypo-fontello' title='' data-avia-related-tooltip='Compartir por correo'><span class='avia_hidden_link_text'>Compartir por correo<\/span><\/a><\/li><\/ul><\/div><\/div>\n<div  style='height:50px' class='hr hr-invisible   avia-builder-el-8  el_after_av_social_share  el_before_av_comments_list '><span class='hr-inner ' ><span class='hr-inner-style'><\/span><\/span><\/div>\n<div  class='av-buildercomment  av-blog-meta-html-info-disabled av-blog-meta-tag-disabled  '><\/div>\n","protected":false},"excerpt":{"rendered":"","protected":false},"author":1,"featured_media":6174,"comment_status":"open","ping_status":"open","sticky":false,"template":"","format":"standard","meta":{"footnotes":""},"categories":[58],"tags":[],"class_list":["post-6173","post","type-post","status-publish","format-standard","has-post-thumbnail","hentry","category-agricultura"],"jetpack_featured_media_url":"https:\/\/radiorevelacionfm.cl\/wp-content\/uploads\/2021\/07\/miel-2-1_optimized.jpg","_links":{"self":[{"href":"https:\/\/radiorevelacionfm.cl\/index.php?rest_route=\/wp\/v2\/posts\/6173","targetHints":{"allow":["GET"]}}],"collection":[{"href":"https:\/\/radiorevelacionfm.cl\/index.php?rest_route=\/wp\/v2\/posts"}],"about":[{"href":"https:\/\/radiorevelacionfm.cl\/index.php?rest_route=\/wp\/v2\/types\/post"}],"author":[{"embeddable":true,"href":"https:\/\/radiorevelacionfm.cl\/index.php?rest_route=\/wp\/v2\/users\/1"}],"replies":[{"embeddable":true,"href":"https:\/\/radiorevelacionfm.cl\/index.php?rest_route=%2Fwp%2Fv2%2Fcomments&post=6173"}],"version-history":[{"count":1,"href":"https:\/\/radiorevelacionfm.cl\/index.php?rest_route=\/wp\/v2\/posts\/6173\/revisions"}],"predecessor-version":[{"id":6175,"href":"https:\/\/radiorevelacionfm.cl\/index.php?rest_route=\/wp\/v2\/posts\/6173\/revisions\/6175"}],"wp:featuredmedia":[{"embeddable":true,"href":"https:\/\/radiorevelacionfm.cl\/index.php?rest_route=\/wp\/v2\/media\/6174"}],"wp:attachment":[{"href":"https:\/\/radiorevelacionfm.cl\/index.php?rest_route=%2Fwp%2Fv2%2Fmedia&parent=6173"}],"wp:term":[{"taxonomy":"category","embeddable":true,"href":"https:\/\/radiorevelacionfm.cl\/index.php?rest_route=%2Fwp%2Fv2%2Fcategories&post=6173"},{"taxonomy":"post_tag","embeddable":true,"href":"https:\/\/radiorevelacionfm.cl\/index.php?rest_route=%2Fwp%2Fv2%2Ftags&post=6173"}],"curies":[{"name":"wp","href":"https:\/\/api.w.org\/{rel}","templated":true}]}}