{"id":61728,"date":"2025-11-24T13:44:52","date_gmt":"2025-11-24T16:44:52","guid":{"rendered":"https:\/\/radiorevelacionfm.cl\/?p=61728"},"modified":"2025-11-24T13:44:52","modified_gmt":"2025-11-24T16:44:52","slug":"con-pleno-exito-se-desarrollo-en-coyhaique-la-primera-version-de-la-expo-vivienda-y-ciudad-2025","status":"publish","type":"post","link":"https:\/\/radiorevelacionfm.cl\/?p=61728","title":{"rendered":"Con pleno \u00e9xito se desarroll\u00f3 en Coyhaique la primera versi\u00f3n de la \u201cExpo Vivienda y Ciudad 2025\u201d"},"content":{"rendered":"<div class=\"flex_column av_one_full  flex_column_div av-zero-column-padding first  avia-builder-el-0  el_before_av_one_full  avia-builder-el-first  \" style='border-radius:0px; '><div  class='avia-image-container  av-styling-    avia-builder-el-1  avia-builder-el-no-sibling  avia-align-center '  itemprop=\"image\" itemscope=\"itemscope\" itemtype=\"https:\/\/schema.org\/ImageObject\"  ><div class='avia-image-container-inner'><div class='avia-image-overlay-wrap'><img decoding=\"async\" class='wp-image-61730 avia-img-lazy-loading-not-61730 avia_image' src=\"https:\/\/radiorevelacionfm.cl\/wp-content\/uploads\/2025\/11\/organizadores-partifcipantes-y-publico-primera-version-expo-vivienda-y-ciudad-2025-1_optimized.jpg\" alt='' title='organizadores,-partifcipantes-y-p\u00fablico-primera-versi\u00f3n-expo-vivienda-y-ciudad-2025-(1)_optimized' height=\"600\" width=\"990\"  itemprop=\"thumbnailUrl\" srcset=\"https:\/\/radiorevelacionfm.cl\/wp-content\/uploads\/2025\/11\/organizadores-partifcipantes-y-publico-primera-version-expo-vivienda-y-ciudad-2025-1_optimized.jpg 990w, https:\/\/radiorevelacionfm.cl\/wp-content\/uploads\/2025\/11\/organizadores-partifcipantes-y-publico-primera-version-expo-vivienda-y-ciudad-2025-1_optimized-300x182.jpg 300w, https:\/\/radiorevelacionfm.cl\/wp-content\/uploads\/2025\/11\/organizadores-partifcipantes-y-publico-primera-version-expo-vivienda-y-ciudad-2025-1_optimized-768x465.jpg 768w, https:\/\/radiorevelacionfm.cl\/wp-content\/uploads\/2025\/11\/organizadores-partifcipantes-y-publico-primera-version-expo-vivienda-y-ciudad-2025-1_optimized-705x427.jpg 705w, https:\/\/radiorevelacionfm.cl\/wp-content\/uploads\/2025\/11\/organizadores-partifcipantes-y-publico-primera-version-expo-vivienda-y-ciudad-2025-1_optimized-450x273.jpg 450w, https:\/\/radiorevelacionfm.cl\/wp-content\/uploads\/2025\/11\/organizadores-partifcipantes-y-publico-primera-version-expo-vivienda-y-ciudad-2025-1_optimized-600x364.jpg 600w\" sizes=\"(max-width: 990px) 100vw, 990px\" \/><\/div><\/div><\/div><\/div><div class=\"flex_column av_one_full  flex_column_div av-zero-column-padding first  avia-builder-el-2  el_after_av_one_full  el_before_av_one_full  column-top-margin\" style='border-radius:0px; '><section class=\"av_textblock_section \"  itemscope=\"itemscope\" itemtype=\"https:\/\/schema.org\/BlogPosting\" itemprop=\"blogPost\" ><div class='avia_textblock  '   itemprop=\"text\" ><p style=\"text-align: center;\"><strong><span style=\"font-size: 18pt;\">Con pleno \u00e9xito se desarroll\u00f3 en Coyhaique la primera versi\u00f3n de la \u201cExpo Vivienda y Ciudad 2025\u201d<\/span><\/strong><\/p>\n<div id=\"gtx-trans\" style=\"position: absolute; left: -50px; top: 4.31534px;\">\n<div class=\"gtx-trans-icon\"><\/div>\n<\/div>\n<\/div><\/section><\/div><\/p>\n<div class=\"flex_column av_one_full  flex_column_div av-zero-column-padding first  avia-builder-el-4  el_after_av_one_full  el_before_av_hr  column-top-margin\" style='border-radius:0px; '><section class=\"av_textblock_section \"  itemscope=\"itemscope\" itemtype=\"https:\/\/schema.org\/BlogPosting\" itemprop=\"blogPost\" ><div class='avia_textblock  '   itemprop=\"text\" ><p style=\"text-align: justify;\">Como una actividad \u201caltamente positiva y necesaria\u201d para abordar en conjunto los desaf\u00edos que impone el desarrollo habitacional y urbano de nuestros pueblos y ciudades, calificaron expositores y visitantes la realizaci\u00f3n de la \u201cExpo Vivienda y Ciudad 2025\u201d, en la regi\u00f3n de Ays\u00e9n, actividad que estuvo abierta al p\u00fablico entre el jueves 25 y viernes 26 de noviembre, en la capital regional. La primera versi\u00f3n de la Feria fue organizada en conjunto por el Serviu y la Seremi de Vivienda de la regi\u00f3n de Ays\u00e9n, como una forma de resaltar el mes del Urbanismo y los 60 a\u00f1os que est\u00e1 cumpliendo el Ministerio de Vivienda este 2025.<\/p>\n<p style=\"text-align: justify;\">La Expo Vivienda y Ciudad consider\u00f3 interesantes expositores, entre los que destacaron las empresas Volc\u00e1n, Ays\u00e9n Recircular Spa; TMS Spa, Fonroche\u00a0Lighting Am\u00e9rica Latina Spa; Lanarq y la empresa constructora L y D S.A, algunas de ellas con operaciones en otras regiones del pa\u00eds. En los diferentes stands se entreg\u00f3 tambi\u00e9n informaci\u00f3n de programas y proyectos del Serviu y de la Seremi de Vivienda, como, por ejemplo, el Programa para Peque\u00f1as Localidades, el Programa Quiero mi Barrio, Construcci\u00f3n Sustentable, Plan de Descontaminaci\u00f3n Atmosf\u00e9rica (PDA) y la Oficina de Informaci\u00f3n al usuario.<\/p>\n<p style=\"text-align: justify;\">En el contexto de la celebraci\u00f3n de los 60 a\u00f1os del Minvu, se entregaron reconocimientos a cinco funcionarios de destacada trayectoria en la regi\u00f3n: Mar\u00eda Elena Hevia, que inici\u00f3 su trabajo en Serviu en febrero de 1979; Carlos Leiva Penchulef, que inici\u00f3 su servicio en 1974; Oriana Rei\u00f1anco Mayorga, que ingres\u00f3 a la Seremi de Vivienda a fines de 1988; Pedro Sade Barr\u00eda y Jos\u00e9 Sanhueza Moneva, que iniciaron su trabajo en 1991.<\/p>\n<p style=\"text-align: justify;\"><strong>\u201cMinvu: 60 A\u00f1os\u201d<\/strong><\/p>\n<p style=\"text-align: justify;\">Tras ser consultada por el objetivo de la actividad, la Seremi de Vivienda, Paulina Ruz Delf\u00edn, enfatiz\u00f3 en la necesidad de potenciar el trabajo con el sector privado y con la comunidad, tanto en la forma de planificar, como de construir sus ciudades y su futuro. \u201cEste a\u00f1o el Minvu cumple 60 a\u00f1os y con ello queremos visibilizar la gesti\u00f3n que se realiza tanto en el \u00e1mbito urbano como habitacional, resaltando tambi\u00e9n los ejes estrat\u00e9gicos que hemos tenido como Gobierno, que son el Plan Ciudades Justas en cuanto a los proyectos de car\u00e1cter urbano, pero tambi\u00e9n el Plan de Emergencia Habitacional, donde se traz\u00f3 una meta que ya hemos cumplido y que se traduce en que actualmente tenemos m\u00e1s de mil viviendas en ejecuci\u00f3n. Esto es posible gracias a la alianza p\u00fablico-privada que hemos hecho y es por eso que en esta Feria est\u00e1 convocada la C\u00e1mara Chilena de la Construcci\u00f3n adem\u00e1s de varias empresas ligadas a proyectos urbanos que se han licitado y a proyectos habitacionales con el componente descentralizador que nos caracteriza. Todo esto sin dejar de lado el componente de eficiencia energ\u00e9tica, que es tan necesario y donde hemos cumplido, tambi\u00e9n, con nuestra meta del Plan de Descontaminaci\u00f3n Atmosf\u00e9rica, de Coyhaique\u201d, precis\u00f3.<\/p>\n<p style=\"text-align: justify;\">Tambi\u00e9n la directora (S) del Serviu Ays\u00e9n, Giovanna G\u00f3mez Gallardo, valor\u00f3 la participaci\u00f3n de las empresas y del p\u00fablico que visit\u00f3 la Feria. \u201cLa idea es que \u00e9ste sea el inicio de una tradici\u00f3n donde se puedan conjugar tanto los privados como los p\u00fablicos y se pueda mostrar lo que se est\u00e1 haciendo en la regi\u00f3n y las posibilidades tambi\u00e9n de nuevas tecnolog\u00edas, sobre todo que sean a\u00fan m\u00e1s sustentables\u201d, indic\u00f3.<\/p>\n<p style=\"text-align: justify;\">De igual forma, el jefe del Departamento T\u00e9cnico de Serviu, Eduardo Navarro, explic\u00f3 que la idea no fue solo mostrar lo que se hace en la regi\u00f3n, por lo que se invit\u00f3 a varias empresas externas para que muestren nueva tecnolog\u00eda. \u201cTodo eso permite mejorar la soluci\u00f3n que vamos a entregar en las viviendas y tambi\u00e9n estamos tratando de generar redes entre las empresas, para que vayan tratando de trabajar juntas en cada proyecto, haciendo m\u00e1s eficiente el proceso constructivo, como los procesos de industrializaci\u00f3n de la vivienda, que nos permite ganar en tiempo y en costo\u201d, manifest\u00f3.<\/p>\n<p style=\"text-align: justify;\">Finalmente, tambi\u00e9n el delegado Presidencial Regional, Jorge D\u00edaz Guzm\u00e1n, expres\u00f3 su satisfacci\u00f3n de ser parte de una actividad donde se busca generar cada vez mejores soluciones para las familias de la regi\u00f3n. \u201cHoy tenemos un concepto de ciudad, una planificaci\u00f3n urbana, una vivienda que cumple todas las normas, no solamente desde el punto de vista de la construcci\u00f3n, sino en funci\u00f3n de la familia que postula, con todas las normas internacionales de aislamiento t\u00e9rmico. Hoy estamos entregando viviendas con calefacci\u00f3n de losa radiante, viviendas p\u00fablicas con esa tecnolog\u00eda, es decir, estamos en otro est\u00e1ndar. Entonces, lo que vemos en este breve recorrido que me ha tocado hacer, son tambi\u00e9n ofertas innovadoras para que tanto el sector p\u00fablico como el privado puedan seguir so\u00f1ando en una mejor vivienda para nuestra gente\u201d, afirm\u00f3.<\/p>\n<p style=\"text-align: justify;\">La primera versi\u00f3n de la Expo Vivienda y Ciudad 2025 cont\u00f3 adem\u00e1s con interesantes expositores, concursos, expresiones culturales, bloques de informaci\u00f3n y capacitaci\u00f3n para ni\u00f1os y j\u00f3venes, finalizando con un conversatorio sobre el mes del urbanismo y los 60 a\u00f1os del Ministerio de Vivienda.<\/p>\n<\/div><\/section><\/div>\n<div  style='height:50px' class='hr hr-invisible   avia-builder-el-6  el_after_av_one_full  el_before_av_social_share '><span class='hr-inner ' ><span class='hr-inner-style'><\/span><\/span><\/div>\n<div  class='av-social-sharing-box  avia-builder-el-7  el_after_av_hr  el_before_av_hr  '><div class='av-share-box'><h5 class='av-share-link-description av-no-toc '>Compartir esta noticia<\/h5><ul class='av-share-box-list noLightbox'><li class='av-share-link av-social-link-facebook' ><a target=\"_blank\" aria-label=\"Compartir en Facebook\" href='https:\/\/www.facebook.com\/sharer.php?u=https:\/\/radiorevelacionfm.cl\/?p=61728&#038;t=Con%20pleno%20%C3%A9xito%20se%20desarroll%C3%B3%20en%20Coyhaique%20la%20primera%20versi%C3%B3n%20de%20la%20%E2%80%9CExpo%20Vivienda%20y%20Ciudad%202025%E2%80%9D' aria-hidden='false' data-av_icon='\ue8f3' data-av_iconfont='entypo-fontello' title='' data-avia-related-tooltip='Compartir en Facebook' rel=\"noopener\"><span class='avia_hidden_link_text'>Compartir en Facebook<\/span><\/a><\/li><li class='av-share-link av-social-link-twitter' ><a target=\"_blank\" aria-label=\"Compartir en Twitter\" href='https:\/\/twitter.com\/share?text=Con%20pleno%20%C3%A9xito%20se%20desarroll%C3%B3%20en%20Coyhaique%20la%20primera%20versi%C3%B3n%20de%20la%20%E2%80%9CExpo%20Vivienda%20y%20Ciudad%202025%E2%80%9D&#038;url=https:\/\/radiorevelacionfm.cl\/?p=61728' aria-hidden='false' data-av_icon='\ue8f1' data-av_iconfont='entypo-fontello' title='' data-avia-related-tooltip='Compartir en Twitter' rel=\"noopener\"><span class='avia_hidden_link_text'>Compartir en Twitter<\/span><\/a><\/li><li class='av-share-link av-social-link-whatsapp' ><a target=\"_blank\" aria-label=\"Compartir en Whatsapp\" href='https:\/\/api.whatsapp.com\/send?text=https:\/\/radiorevelacionfm.cl\/?p=61728' aria-hidden='false' data-av_icon='\uf232' data-av_iconfont='entypo-fontello' title='' data-avia-related-tooltip='Compartir en Whatsapp' rel=\"noopener\"><span class='avia_hidden_link_text'>Compartir en Whatsapp<\/span><\/a><\/li><li class='av-share-link av-social-link-linkedin' ><a target=\"_blank\" aria-label=\"Compartir en LinkedIn\" href='https:\/\/linkedin.com\/shareArticle?mini=true&#038;title=Con%20pleno%20%C3%A9xito%20se%20desarroll%C3%B3%20en%20Coyhaique%20la%20primera%20versi%C3%B3n%20de%20la%20%E2%80%9CExpo%20Vivienda%20y%20Ciudad%202025%E2%80%9D&#038;url=https:\/\/radiorevelacionfm.cl\/?p=61728' aria-hidden='false' data-av_icon='\ue8fc' data-av_iconfont='entypo-fontello' title='' data-avia-related-tooltip='Compartir en LinkedIn' rel=\"noopener\"><span class='avia_hidden_link_text'>Compartir en LinkedIn<\/span><\/a><\/li><li class='av-share-link av-social-link-mail' ><a  aria-label=\"Compartir por correo\" href='mailto:?subject=Con%20pleno%20%C3%A9xito%20se%20desarroll%C3%B3%20en%20Coyhaique%20la%20primera%20versi%C3%B3n%20de%20la%20%E2%80%9CExpo%20Vivienda%20y%20Ciudad%202025%E2%80%9D&#038;body=https:\/\/radiorevelacionfm.cl\/?p=61728' aria-hidden='false' data-av_icon='\ue805' data-av_iconfont='entypo-fontello' title='' data-avia-related-tooltip='Compartir por correo'><span class='avia_hidden_link_text'>Compartir por correo<\/span><\/a><\/li><\/ul><\/div><\/div>\n<div  style='height:50px' class='hr hr-invisible   avia-builder-el-8  el_after_av_social_share  el_before_av_comments_list '><span class='hr-inner ' ><span class='hr-inner-style'><\/span><\/span><\/div>\n<div  class='av-buildercomment  av-blog-meta-html-info-disabled av-blog-meta-tag-disabled  '><\/div>\n","protected":false},"excerpt":{"rendered":"","protected":false},"author":1,"featured_media":61730,"comment_status":"closed","ping_status":"closed","sticky":false,"template":"","format":"standard","meta":{"footnotes":""},"categories":[57],"tags":[],"class_list":["post-61728","post","type-post","status-publish","format-standard","has-post-thumbnail","hentry","category-vivienda"],"jetpack_featured_media_url":"https:\/\/radiorevelacionfm.cl\/wp-content\/uploads\/2025\/11\/organizadores-partifcipantes-y-publico-primera-version-expo-vivienda-y-ciudad-2025-1_optimized.jpg","_links":{"self":[{"href":"https:\/\/radiorevelacionfm.cl\/index.php?rest_route=\/wp\/v2\/posts\/61728","targetHints":{"allow":["GET"]}}],"collection":[{"href":"https:\/\/radiorevelacionfm.cl\/index.php?rest_route=\/wp\/v2\/posts"}],"about":[{"href":"https:\/\/radiorevelacionfm.cl\/index.php?rest_route=\/wp\/v2\/types\/post"}],"author":[{"embeddable":true,"href":"https:\/\/radiorevelacionfm.cl\/index.php?rest_route=\/wp\/v2\/users\/1"}],"replies":[{"embeddable":true,"href":"https:\/\/radiorevelacionfm.cl\/index.php?rest_route=%2Fwp%2Fv2%2Fcomments&post=61728"}],"version-history":[{"count":3,"href":"https:\/\/radiorevelacionfm.cl\/index.php?rest_route=\/wp\/v2\/posts\/61728\/revisions"}],"predecessor-version":[{"id":61732,"href":"https:\/\/radiorevelacionfm.cl\/index.php?rest_route=\/wp\/v2\/posts\/61728\/revisions\/61732"}],"wp:featuredmedia":[{"embeddable":true,"href":"https:\/\/radiorevelacionfm.cl\/index.php?rest_route=\/wp\/v2\/media\/61730"}],"wp:attachment":[{"href":"https:\/\/radiorevelacionfm.cl\/index.php?rest_route=%2Fwp%2Fv2%2Fmedia&parent=61728"}],"wp:term":[{"taxonomy":"category","embeddable":true,"href":"https:\/\/radiorevelacionfm.cl\/index.php?rest_route=%2Fwp%2Fv2%2Fcategories&post=61728"},{"taxonomy":"post_tag","embeddable":true,"href":"https:\/\/radiorevelacionfm.cl\/index.php?rest_route=%2Fwp%2Fv2%2Ftags&post=61728"}],"curies":[{"name":"wp","href":"https:\/\/api.w.org\/{rel}","templated":true}]}}