{"id":61724,"date":"2025-11-24T12:01:57","date_gmt":"2025-11-24T15:01:57","guid":{"rendered":"https:\/\/radiorevelacionfm.cl\/?p=61724"},"modified":"2025-11-24T12:01:57","modified_gmt":"2025-11-24T15:01:57","slug":"convocan-a-participar-en-trekking-patrimonial-ruta-del-minero-que-conectara-puerto-sanchez-con-puerto-cristal","status":"publish","type":"post","link":"https:\/\/radiorevelacionfm.cl\/?p=61724","title":{"rendered":"Convocan a participar en trekking patrimonial \u201cRuta del Minero\u201d que conectar\u00e1 Puerto S\u00e1nchez con Puerto Cristal"},"content":{"rendered":"<div class=\"flex_column av_one_full  flex_column_div av-zero-column-padding first  avia-builder-el-0  el_before_av_one_full  avia-builder-el-first  \" style='border-radius:0px; '><div  class='avia-image-container  av-styling-    avia-builder-el-1  avia-builder-el-no-sibling  avia-align-center '  itemprop=\"image\" itemscope=\"itemscope\" itemtype=\"https:\/\/schema.org\/ImageObject\"  ><div class='avia-image-container-inner'><div class='avia-image-overlay-wrap'><img decoding=\"async\" class='wp-image-61725 avia-img-lazy-loading-not-61725 avia_image' src=\"https:\/\/radiorevelacionfm.cl\/wp-content\/uploads\/2025\/11\/ruta-del-minero-3-1_optimized-1.jpeg\" alt='' title='ruta-del-minero-3-(1)_optimized (1)' height=\"600\" width=\"800\"  itemprop=\"thumbnailUrl\" srcset=\"https:\/\/radiorevelacionfm.cl\/wp-content\/uploads\/2025\/11\/ruta-del-minero-3-1_optimized-1.jpeg 800w, https:\/\/radiorevelacionfm.cl\/wp-content\/uploads\/2025\/11\/ruta-del-minero-3-1_optimized-1-300x225.jpeg 300w, https:\/\/radiorevelacionfm.cl\/wp-content\/uploads\/2025\/11\/ruta-del-minero-3-1_optimized-1-768x576.jpeg 768w, https:\/\/radiorevelacionfm.cl\/wp-content\/uploads\/2025\/11\/ruta-del-minero-3-1_optimized-1-705x529.jpeg 705w, https:\/\/radiorevelacionfm.cl\/wp-content\/uploads\/2025\/11\/ruta-del-minero-3-1_optimized-1-450x338.jpeg 450w, https:\/\/radiorevelacionfm.cl\/wp-content\/uploads\/2025\/11\/ruta-del-minero-3-1_optimized-1-600x450.jpeg 600w\" sizes=\"(max-width: 800px) 100vw, 800px\" \/><\/div><\/div><\/div><\/div><div class=\"flex_column av_one_full  flex_column_div av-zero-column-padding first  avia-builder-el-2  el_after_av_one_full  el_before_av_one_full  column-top-margin\" style='border-radius:0px; '><section class=\"av_textblock_section \"  itemscope=\"itemscope\" itemtype=\"https:\/\/schema.org\/BlogPosting\" itemprop=\"blogPost\" ><div class='avia_textblock  '   itemprop=\"text\" ><p style=\"text-align: center;\"><span style=\"font-size: 18pt;\"><b><span lang=\"ES-TRAD\">Convocan a participar en trekking patrimonial \u201cRuta del Minero\u201d que conectar\u00e1 Puerto S\u00e1nchez con Puerto Cristal<\/span><\/b><\/span><\/p>\n<div id=\"gtx-trans\" style=\"position: absolute; left: -50px; top: 4.31534px;\">\n<div class=\"gtx-trans-icon\"><\/div>\n<\/div>\n<\/div><\/section><\/div><div class=\"flex_column av_one_full  flex_column_div av-zero-column-padding first  avia-builder-el-4  el_after_av_one_full  el_before_av_hr  column-top-margin\" style='border-radius:0px; '><section class=\"av_textblock_section \"  itemscope=\"itemscope\" itemtype=\"https:\/\/schema.org\/BlogPosting\" itemprop=\"blogPost\" ><div class='avia_textblock  '   itemprop=\"text\" ><ul>\n<li style=\"font-weight: 400; text-align: justify;\"><em>La iniciativa, organizada por agrupaciones de la localidad. busca rescatar el patrimonio hist\u00f3rico y natural de esa zona lacustre.<\/em><\/li>\n<li style=\"font-weight: 400; text-align: justify;\"><em>Para ello se contar\u00e1 con el apoyo de una embarcaci\u00f3n para el retorno de quienes hagan la ruta a pie, y tambi\u00e9n para todos quienes no puedan recorrer el trayecto y as\u00ed trasladarlos ida y vuelta por el lago.<\/em><\/li>\n<\/ul>\n<p style=\"font-weight: 400; text-align: justify;\">Recorrer el sendero hist\u00f3rico que conectaba Puerto S\u00e1nchez con Puerto Cristal.<\/p>\n<p style=\"font-weight: 400; text-align: justify;\">Tal ser\u00e1 uno de los principales objetivos del lanzamiento de la temporada tur\u00edstica 2025-2026 en Puerto S\u00e1nchez, que se desarrollar\u00e1 en la localidad el s\u00e1bado 6 de diciembre.<\/p>\n<p style=\"font-weight: 400; text-align: justify;\">Bajo el nombre \u201cRuta del Minero\u201d, los comit\u00e9s de Turismo, Deporte y Cultura, de Agua Potable Rural y de Boteros, adem\u00e1s de la Junta de Vecinos local, se unieron para invitar a todos los interesados, tanto locales como visitantes, a sumarse a un trekking patrimonial de 15 kil\u00f3metros por un sendero hist\u00f3rico que conecta las dos localidades de pasado minero.<\/p>\n<p style=\"font-weight: 400; text-align: justify;\">El representante del turismo, Gonzalo Reyes, explic\u00f3 que desde hace a\u00f1os ten\u00edan inter\u00e9s en concretar esta iniciativa. \u201c<em>Hoy lo hemos logrado gracias al apoyo de m\u00faltiples organizaciones e instituciones, lo cual nos permitir\u00e1 contar con el soporte de una embarcaci\u00f3n para el retorno de quienes hagan la ruta a pie.\u00a0\u00a0E, incluso, para todos quienes no puedan recorrer el trayecto y as\u00ed trasladarlos idea y vuelta por el lago<\/em>\u201d indic\u00f3.\u00a0\u00a0El valor del tramo embarcado ser\u00e1 de s\u00f3lo $ 4.000.<\/p>\n<p style=\"font-weight: 400; text-align: justify;\">La jornada contemplar\u00e1 un d\u00eda de actividades en Puerto Cristal, con m\u00fasica en vivo, charlas patrimoniales y reconocimiento a quienes han aportado al desarrollo de las localidades.<\/p>\n<p style=\"font-weight: 400; text-align: justify;\">Las y los interesados en participar en el trekking pueden inscribirse o solicitar m\u00e1s informaciones al correo\u00a0<a href=\"mailto:lanzamientoptosanchez@gmail.com\">lanzamientoptosanchez@gmail.com<\/a>.\u00a0\u00a0A la fecha hay 40 cupos disponibles.<\/p>\n<p style=\"font-weight: 400; text-align: justify;\">La actividad cuenta con recursos v\u00eda asignaci\u00f3n directa del Gobierno Regional de Ays\u00e9n y el apoyo de la Municipalidad de R\u00edo Ib\u00e1\u00f1ez. Adem\u00e1s, tiene el respaldo del Programa Estrat\u00e9gico de Turismo (PER) Ays\u00e9n, iniciativa de CORFO con financiamiento del Gobierno Regional de Ays\u00e9n.<\/p>\n<p style=\"font-weight: 400; text-align: justify;\">La jornada forma parte de una coordinaci\u00f3n impulsada por la Corporaci\u00f3n Chelenko, de la cual son parte los comit\u00e9s de Boteros, y de Turismo, Deporte y Cultura, con el fin de articular los distintos lanzamientos de temporada en la cuenca del lago General Carrera, en el contexto de una visi\u00f3n territorial com\u00fan.<\/p>\n<\/div><\/section><\/div><div  style='height:50px' class='hr hr-invisible   avia-builder-el-6  el_after_av_one_full  el_before_av_social_share '><span class='hr-inner ' ><span class='hr-inner-style'><\/span><\/span><\/div><\/p>\n<div  class='av-social-sharing-box  avia-builder-el-7  el_after_av_hr  el_before_av_hr  '><div class='av-share-box'><h5 class='av-share-link-description av-no-toc '>Compartir esta noticia<\/h5><ul class='av-share-box-list noLightbox'><li class='av-share-link av-social-link-facebook' ><a target=\"_blank\" aria-label=\"Compartir en Facebook\" href='https:\/\/www.facebook.com\/sharer.php?u=https:\/\/radiorevelacionfm.cl\/?p=61724&#038;t=Convocan%20a%20participar%20en%20trekking%20patrimonial%20%E2%80%9CRuta%20del%20Minero%E2%80%9D%20que%20conectar%C3%A1%20Puerto%20S%C3%A1nchez%20con%20Puerto%20Cristal' aria-hidden='false' data-av_icon='\ue8f3' data-av_iconfont='entypo-fontello' title='' data-avia-related-tooltip='Compartir en Facebook' rel=\"noopener\"><span class='avia_hidden_link_text'>Compartir en Facebook<\/span><\/a><\/li><li class='av-share-link av-social-link-twitter' ><a target=\"_blank\" aria-label=\"Compartir en Twitter\" href='https:\/\/twitter.com\/share?text=Convocan%20a%20participar%20en%20trekking%20patrimonial%20%E2%80%9CRuta%20del%20Minero%E2%80%9D%20que%20conectar%C3%A1%20Puerto%20S%C3%A1nchez%20con%20Puerto%20Cristal&#038;url=https:\/\/radiorevelacionfm.cl\/?p=61724' aria-hidden='false' data-av_icon='\ue8f1' data-av_iconfont='entypo-fontello' title='' data-avia-related-tooltip='Compartir en Twitter' rel=\"noopener\"><span class='avia_hidden_link_text'>Compartir en Twitter<\/span><\/a><\/li><li class='av-share-link av-social-link-whatsapp' ><a target=\"_blank\" aria-label=\"Compartir en Whatsapp\" href='https:\/\/api.whatsapp.com\/send?text=https:\/\/radiorevelacionfm.cl\/?p=61724' aria-hidden='false' data-av_icon='\uf232' data-av_iconfont='entypo-fontello' title='' data-avia-related-tooltip='Compartir en Whatsapp' rel=\"noopener\"><span class='avia_hidden_link_text'>Compartir en Whatsapp<\/span><\/a><\/li><li class='av-share-link av-social-link-linkedin' ><a target=\"_blank\" aria-label=\"Compartir en LinkedIn\" href='https:\/\/linkedin.com\/shareArticle?mini=true&#038;title=Convocan%20a%20participar%20en%20trekking%20patrimonial%20%E2%80%9CRuta%20del%20Minero%E2%80%9D%20que%20conectar%C3%A1%20Puerto%20S%C3%A1nchez%20con%20Puerto%20Cristal&#038;url=https:\/\/radiorevelacionfm.cl\/?p=61724' aria-hidden='false' data-av_icon='\ue8fc' data-av_iconfont='entypo-fontello' title='' data-avia-related-tooltip='Compartir en LinkedIn' rel=\"noopener\"><span class='avia_hidden_link_text'>Compartir en LinkedIn<\/span><\/a><\/li><li class='av-share-link av-social-link-mail' ><a  aria-label=\"Compartir por correo\" href='mailto:?subject=Convocan%20a%20participar%20en%20trekking%20patrimonial%20%E2%80%9CRuta%20del%20Minero%E2%80%9D%20que%20conectar%C3%A1%20Puerto%20S%C3%A1nchez%20con%20Puerto%20Cristal&#038;body=https:\/\/radiorevelacionfm.cl\/?p=61724' aria-hidden='false' data-av_icon='\ue805' data-av_iconfont='entypo-fontello' title='' data-avia-related-tooltip='Compartir por correo'><span class='avia_hidden_link_text'>Compartir por correo<\/span><\/a><\/li><\/ul><\/div><\/div>\n<div  style='height:50px' class='hr hr-invisible   avia-builder-el-8  el_after_av_social_share  el_before_av_comments_list '><span class='hr-inner ' ><span class='hr-inner-style'><\/span><\/span><\/div>\n<div  class='av-buildercomment  av-blog-meta-html-info-disabled av-blog-meta-tag-disabled  '><\/div>\n","protected":false},"excerpt":{"rendered":"","protected":false},"author":1,"featured_media":61725,"comment_status":"closed","ping_status":"closed","sticky":false,"template":"","format":"standard","meta":{"footnotes":""},"categories":[38],"tags":[],"class_list":["post-61724","post","type-post","status-publish","format-standard","has-post-thumbnail","hentry","category-regional"],"jetpack_featured_media_url":"https:\/\/radiorevelacionfm.cl\/wp-content\/uploads\/2025\/11\/ruta-del-minero-3-1_optimized-1.jpeg","_links":{"self":[{"href":"https:\/\/radiorevelacionfm.cl\/index.php?rest_route=\/wp\/v2\/posts\/61724","targetHints":{"allow":["GET"]}}],"collection":[{"href":"https:\/\/radiorevelacionfm.cl\/index.php?rest_route=\/wp\/v2\/posts"}],"about":[{"href":"https:\/\/radiorevelacionfm.cl\/index.php?rest_route=\/wp\/v2\/types\/post"}],"author":[{"embeddable":true,"href":"https:\/\/radiorevelacionfm.cl\/index.php?rest_route=\/wp\/v2\/users\/1"}],"replies":[{"embeddable":true,"href":"https:\/\/radiorevelacionfm.cl\/index.php?rest_route=%2Fwp%2Fv2%2Fcomments&post=61724"}],"version-history":[{"count":2,"href":"https:\/\/radiorevelacionfm.cl\/index.php?rest_route=\/wp\/v2\/posts\/61724\/revisions"}],"predecessor-version":[{"id":61727,"href":"https:\/\/radiorevelacionfm.cl\/index.php?rest_route=\/wp\/v2\/posts\/61724\/revisions\/61727"}],"wp:featuredmedia":[{"embeddable":true,"href":"https:\/\/radiorevelacionfm.cl\/index.php?rest_route=\/wp\/v2\/media\/61725"}],"wp:attachment":[{"href":"https:\/\/radiorevelacionfm.cl\/index.php?rest_route=%2Fwp%2Fv2%2Fmedia&parent=61724"}],"wp:term":[{"taxonomy":"category","embeddable":true,"href":"https:\/\/radiorevelacionfm.cl\/index.php?rest_route=%2Fwp%2Fv2%2Fcategories&post=61724"},{"taxonomy":"post_tag","embeddable":true,"href":"https:\/\/radiorevelacionfm.cl\/index.php?rest_route=%2Fwp%2Fv2%2Ftags&post=61724"}],"curies":[{"name":"wp","href":"https:\/\/api.w.org\/{rel}","templated":true}]}}