{"id":61720,"date":"2025-11-24T10:40:41","date_gmt":"2025-11-24T13:40:41","guid":{"rendered":"https:\/\/radiorevelacionfm.cl\/?p=61720"},"modified":"2025-11-24T10:40:41","modified_gmt":"2025-11-24T13:40:41","slug":"rio-aysen-abre-sus-aguas-a-la-navegacion-una-nueva-ruta-fluvial-para-la-region","status":"publish","type":"post","link":"https:\/\/radiorevelacionfm.cl\/?p=61720","title":{"rendered":"R\u00edo Ays\u00e9n abre sus aguas a la navegaci\u00f3n: una nueva ruta fluvial para la regi\u00f3n"},"content":{"rendered":"<div class=\"flex_column av_one_full  flex_column_div av-zero-column-padding first  avia-builder-el-0  el_before_av_one_full  avia-builder-el-first  \" style='border-radius:0px; '><div  class='avia-image-container  av-styling-    avia-builder-el-1  avia-builder-el-no-sibling  avia-align-center '  itemprop=\"image\" itemscope=\"itemscope\" itemtype=\"https:\/\/schema.org\/ImageObject\"  ><div class='avia-image-container-inner'><div class='avia-image-overlay-wrap'><img decoding=\"async\" class='wp-image-61721 avia-img-lazy-loading-not-61721 avia_image' src=\"https:\/\/radiorevelacionfm.cl\/wp-content\/uploads\/2025\/11\/whatsapp-image-2025-11-22-at-15_optimized.45.42-1.jpeg\" alt='' title='whatsapp-image-2025-11-22-at-15_optimized.45.42-(1)' height=\"600\" width=\"1067\"  itemprop=\"thumbnailUrl\" srcset=\"https:\/\/radiorevelacionfm.cl\/wp-content\/uploads\/2025\/11\/whatsapp-image-2025-11-22-at-15_optimized.45.42-1.jpeg 1067w, https:\/\/radiorevelacionfm.cl\/wp-content\/uploads\/2025\/11\/whatsapp-image-2025-11-22-at-15_optimized.45.42-1-300x169.jpeg 300w, https:\/\/radiorevelacionfm.cl\/wp-content\/uploads\/2025\/11\/whatsapp-image-2025-11-22-at-15_optimized.45.42-1-1030x579.jpeg 1030w, https:\/\/radiorevelacionfm.cl\/wp-content\/uploads\/2025\/11\/whatsapp-image-2025-11-22-at-15_optimized.45.42-1-768x432.jpeg 768w, https:\/\/radiorevelacionfm.cl\/wp-content\/uploads\/2025\/11\/whatsapp-image-2025-11-22-at-15_optimized.45.42-1-705x396.jpeg 705w, https:\/\/radiorevelacionfm.cl\/wp-content\/uploads\/2025\/11\/whatsapp-image-2025-11-22-at-15_optimized.45.42-1-450x253.jpeg 450w, https:\/\/radiorevelacionfm.cl\/wp-content\/uploads\/2025\/11\/whatsapp-image-2025-11-22-at-15_optimized.45.42-1-600x337.jpeg 600w\" sizes=\"(max-width: 1067px) 100vw, 1067px\" \/><\/div><\/div><\/div><\/div><div class=\"flex_column av_one_full  flex_column_div av-zero-column-padding first  avia-builder-el-2  el_after_av_one_full  el_before_av_one_full  column-top-margin\" style='border-radius:0px; '><section class=\"av_textblock_section \"  itemscope=\"itemscope\" itemtype=\"https:\/\/schema.org\/BlogPosting\" itemprop=\"blogPost\" ><div class='avia_textblock  '   itemprop=\"text\" ><p style=\"text-align: center;\"><span style=\"font-size: 18pt;\"><strong>\u00a0\u00a0 R\u00edo Ays\u00e9n abre sus aguas a la navegaci\u00f3n: una nueva ruta fluvial para la regi\u00f3n<\/strong><\/span><\/p>\n<div id=\"gtx-trans\" style=\"position: absolute; left: -50px; top: 4.31534px;\">\n<div class=\"gtx-trans-icon\"><\/div>\n<\/div>\n<\/div><\/section><\/div><div class=\"flex_column av_one_full  flex_column_div av-zero-column-padding first  avia-builder-el-4  el_after_av_one_full  el_before_av_hr  column-top-margin\" style='border-radius:0px; '><section class=\"av_textblock_section \"  itemscope=\"itemscope\" itemtype=\"https:\/\/schema.org\/BlogPosting\" itemprop=\"blogPost\" ><div class='avia_textblock  '   itemprop=\"text\" ><p style=\"text-align: justify;\">Puerto Ays\u00e9n celebr\u00f3 un hito hist\u00f3rico para el turismo local: el majestuoso r\u00edo Ays\u00e9n ser\u00e1 escenario de un nuevo servicio tur\u00edstico, gracias a la incorporaci\u00f3n de la lancha Ayacara. Esta nueva alternativa permitir\u00e1 a visitantes y residentes disfrutar de un novedoso programa tur\u00edstico en el principal afluente de la ciudad, navegando bajo el emblem\u00e1tico puente Presidente Ib\u00e1\u00f1ez. Esta iniciativa no solo ampl\u00eda la oferta de actividades urbanas, sino que tambi\u00e9n posiciona a Puerto Ays\u00e9n como un destino imperdible para quienes buscan experiencias \u00fanicas en contacto directo con la naturaleza y la cultura local.<\/p>\n<p style=\"text-align: justify;\">Con capacidad para 12 personas, la lancha Ayacara de la empresa AguaHielo Expediciones, se convierte de esta manera en un atractivo panorama, no solo para turistas, sino que tambi\u00e9n para residentes de nuestra regi\u00f3n. La materializaci\u00f3n de esta iniciativa, tiene su g\u00e9nesis en el proyecto \u201cEmbarcaci\u00f3n Tur\u00edstica para Navegar el R\u00edo Ays\u00e9n\u201d Co-financiado por CORFO Ays\u00e9n a trav\u00e9s del Comit\u00e9 de Desarrollo Productivo Regional de Ays\u00e9n el a\u00f1o 2024 y consisti\u00f3 en adquirir, habilitar y poner en marcha una lancha de bajo calado para ofrecer recorridos tur\u00edsticos en el r\u00edo Ays\u00e9n, con capacidad para 12 pasajeros, cabina cerrada, calefacci\u00f3n y equipamiento de seguridad, incorpor\u00f3 adem\u00e1s la habilitaci\u00f3n de una sala de ventas, la contrataci\u00f3n y capacitaci\u00f3n de personal y un plan de marketing para posicionar el servicio y dinamizar la oferta local.<\/p>\n<p style=\"text-align: justify;\">Al respecto el Rolando Jim\u00e9nez de AguaHielo Expediciones mencion\u00f3 que: <em>\u201cEstamos cumpliendo un sue\u00f1o; hacer turismo fluvial en el R\u00edo Ays\u00e9n. Vivimos ac\u00e1 hace 12 a\u00f1os y fue s\u00faper rico poder llevar una idea, un sue\u00f1o y poder concretarlo, obviamente con el apoyo de Corfo que crey\u00f3 en esto y por eso, estamos haciendo esta navegaci\u00f3n inaugural en la lancha motor Ayacara. Nuestra idea\u00a0 es poder ofrecer este servicio todos los d\u00edas todo el a\u00f1o\u201d.<\/em><\/p>\n<p style=\"text-align: justify;\">La lancha Ayacara, se encuentra pr\u00f3xima a iniciar su primera temporada con el nuevo servicio \u201cAys\u00e9n Navegable\u201d, sumando una experiencia fluvial a la oferta tur\u00edstica regional y ampliando el portafolio m\u00e1s all\u00e1 del turismo terrestre y de naturaleza tradicional. El Seremi de Econom\u00eda, Fomento y Turismo; Felipe Rojas relev\u00f3 la importancia de diversificar las actividades tur\u00edsticas regionales: <em>\u201cDesde el Gobierno del presidente Boric, estamos muy motivados en seguir fortaleciendo la alianza p\u00fablico privada y este es un ejemplo muy concreto. Una iniciativa que involucra a Corfo con la empresa privada para poder navegar a trav\u00e9s del R\u00edo Ays\u00e9n. Sabemos que esto es importante porque diversifica la oferta tur\u00edstica, sumando un nuevo atractivo para para el territorio\u201d.<\/em><\/p>\n<p style=\"text-align: justify;\">Por su parte, el director de CORFO Ays\u00e9n, Humberto Mar\u00edn, puso sobre relieve que: <em>\u201cEs tremendamente importante poder financiar iniciativas de esta naturaleza, para hacer efectivo el concepto de \u201cAys\u00e9n navegable\u201d. Ays\u00e9n ha trabajado o se ha desarrollado de espaldas al r\u00edo durante mucho tiempo y hoy est\u00e1 nuevamente mirando el r\u00edo e incorpor\u00e1ndolo como una ventaja comparativa extraordinaria. Desde Corfo co-financiamos la iniciativa en coordinaci\u00f3n con Sernatur y el Gobierno Regional y con distintos actores que buscan desarrollar la regi\u00f3n a trav\u00e9s de diversos sectores, como en este caso el turismo\u201d.<\/em><\/p>\n<p style=\"text-align: justify;\">Finalmente, el director regional de Sernatur Ays\u00e9n, Claudio Montecinos relev\u00f3 la importancia de este hito inaugural: <em>\u201cEl proyecto Ays\u00e9n navegable es una iniciativa que busca diversificar nuestra oferta tur\u00edstica en la regi\u00f3n, particularmente en la comuna de Ays\u00e9n. Esto permite adem\u00e1s encadenar productos tur\u00edsticos para que el turista pueda permanecer m\u00e1s tiempo en la ciudad\u201d.<\/em><\/p>\n<p style=\"text-align: justify;\">Esta nueva actividad tur\u00edstica, sumar\u00e1 familias, personas mayores, turismo educativo y fotogr\u00e1fico, extiende la temporada con salidas seguras en diversas condiciones clim\u00e1ticas y eleva el gasto promedio al activar encadenamientos locales. Asimismo, fortalece la identidad territorial al poner en valor el r\u00edo Ays\u00e9n mediante acciones de educaci\u00f3n ambiental y un servicio de bajo impacto, profesionalizando al recurso humano local y posicionando a Puerto Ays\u00e9n como polo de turismo fluvial complementario a los circuitos patag\u00f3nicos cl\u00e1sicos.<\/p>\n<\/div><\/section><\/div><div  style='height:50px' class='hr hr-invisible   avia-builder-el-6  el_after_av_one_full  el_before_av_social_share '><span class='hr-inner ' ><span class='hr-inner-style'><\/span><\/span><\/div><\/p>\n<div  class='av-social-sharing-box  avia-builder-el-7  el_after_av_hr  el_before_av_hr  '><div class='av-share-box'><h5 class='av-share-link-description av-no-toc '>Compartir esta noticia<\/h5><ul class='av-share-box-list noLightbox'><li class='av-share-link av-social-link-facebook' ><a target=\"_blank\" aria-label=\"Compartir en Facebook\" href='https:\/\/www.facebook.com\/sharer.php?u=https:\/\/radiorevelacionfm.cl\/?p=61720&#038;t=R%C3%ADo%20Ays%C3%A9n%20abre%20sus%20aguas%20a%20la%20navegaci%C3%B3n%3A%20una%20nueva%20ruta%20fluvial%20para%20la%20regi%C3%B3n' aria-hidden='false' data-av_icon='\ue8f3' data-av_iconfont='entypo-fontello' title='' data-avia-related-tooltip='Compartir en Facebook' rel=\"noopener\"><span class='avia_hidden_link_text'>Compartir en Facebook<\/span><\/a><\/li><li class='av-share-link av-social-link-twitter' ><a target=\"_blank\" aria-label=\"Compartir en Twitter\" href='https:\/\/twitter.com\/share?text=R%C3%ADo%20Ays%C3%A9n%20abre%20sus%20aguas%20a%20la%20navegaci%C3%B3n%3A%20una%20nueva%20ruta%20fluvial%20para%20la%20regi%C3%B3n&#038;url=https:\/\/radiorevelacionfm.cl\/?p=61720' aria-hidden='false' data-av_icon='\ue8f1' data-av_iconfont='entypo-fontello' title='' data-avia-related-tooltip='Compartir en Twitter' rel=\"noopener\"><span class='avia_hidden_link_text'>Compartir en Twitter<\/span><\/a><\/li><li class='av-share-link av-social-link-whatsapp' ><a target=\"_blank\" aria-label=\"Compartir en Whatsapp\" href='https:\/\/api.whatsapp.com\/send?text=https:\/\/radiorevelacionfm.cl\/?p=61720' aria-hidden='false' data-av_icon='\uf232' data-av_iconfont='entypo-fontello' title='' data-avia-related-tooltip='Compartir en Whatsapp' rel=\"noopener\"><span class='avia_hidden_link_text'>Compartir en Whatsapp<\/span><\/a><\/li><li class='av-share-link av-social-link-linkedin' ><a target=\"_blank\" aria-label=\"Compartir en LinkedIn\" href='https:\/\/linkedin.com\/shareArticle?mini=true&#038;title=R%C3%ADo%20Ays%C3%A9n%20abre%20sus%20aguas%20a%20la%20navegaci%C3%B3n%3A%20una%20nueva%20ruta%20fluvial%20para%20la%20regi%C3%B3n&#038;url=https:\/\/radiorevelacionfm.cl\/?p=61720' aria-hidden='false' data-av_icon='\ue8fc' data-av_iconfont='entypo-fontello' title='' data-avia-related-tooltip='Compartir en LinkedIn' rel=\"noopener\"><span class='avia_hidden_link_text'>Compartir en LinkedIn<\/span><\/a><\/li><li class='av-share-link av-social-link-mail' ><a  aria-label=\"Compartir por correo\" href='mailto:?subject=R%C3%ADo%20Ays%C3%A9n%20abre%20sus%20aguas%20a%20la%20navegaci%C3%B3n%3A%20una%20nueva%20ruta%20fluvial%20para%20la%20regi%C3%B3n&#038;body=https:\/\/radiorevelacionfm.cl\/?p=61720' aria-hidden='false' data-av_icon='\ue805' data-av_iconfont='entypo-fontello' title='' data-avia-related-tooltip='Compartir por correo'><span class='avia_hidden_link_text'>Compartir por correo<\/span><\/a><\/li><\/ul><\/div><\/div>\n<div  style='height:50px' class='hr hr-invisible   avia-builder-el-8  el_after_av_social_share  el_before_av_comments_list '><span class='hr-inner ' ><span class='hr-inner-style'><\/span><\/span><\/div>\n<div  class='av-buildercomment  av-blog-meta-html-info-disabled av-blog-meta-tag-disabled  '><\/div>\n","protected":false},"excerpt":{"rendered":"","protected":false},"author":1,"featured_media":61721,"comment_status":"closed","ping_status":"closed","sticky":false,"template":"","format":"standard","meta":{"footnotes":""},"categories":[54],"tags":[],"class_list":["post-61720","post","type-post","status-publish","format-standard","has-post-thumbnail","hentry","category-turismo"],"jetpack_featured_media_url":"https:\/\/radiorevelacionfm.cl\/wp-content\/uploads\/2025\/11\/whatsapp-image-2025-11-22-at-15_optimized.45.42-1.jpeg","_links":{"self":[{"href":"https:\/\/radiorevelacionfm.cl\/index.php?rest_route=\/wp\/v2\/posts\/61720","targetHints":{"allow":["GET"]}}],"collection":[{"href":"https:\/\/radiorevelacionfm.cl\/index.php?rest_route=\/wp\/v2\/posts"}],"about":[{"href":"https:\/\/radiorevelacionfm.cl\/index.php?rest_route=\/wp\/v2\/types\/post"}],"author":[{"embeddable":true,"href":"https:\/\/radiorevelacionfm.cl\/index.php?rest_route=\/wp\/v2\/users\/1"}],"replies":[{"embeddable":true,"href":"https:\/\/radiorevelacionfm.cl\/index.php?rest_route=%2Fwp%2Fv2%2Fcomments&post=61720"}],"version-history":[{"count":2,"href":"https:\/\/radiorevelacionfm.cl\/index.php?rest_route=\/wp\/v2\/posts\/61720\/revisions"}],"predecessor-version":[{"id":61723,"href":"https:\/\/radiorevelacionfm.cl\/index.php?rest_route=\/wp\/v2\/posts\/61720\/revisions\/61723"}],"wp:featuredmedia":[{"embeddable":true,"href":"https:\/\/radiorevelacionfm.cl\/index.php?rest_route=\/wp\/v2\/media\/61721"}],"wp:attachment":[{"href":"https:\/\/radiorevelacionfm.cl\/index.php?rest_route=%2Fwp%2Fv2%2Fmedia&parent=61720"}],"wp:term":[{"taxonomy":"category","embeddable":true,"href":"https:\/\/radiorevelacionfm.cl\/index.php?rest_route=%2Fwp%2Fv2%2Fcategories&post=61720"},{"taxonomy":"post_tag","embeddable":true,"href":"https:\/\/radiorevelacionfm.cl\/index.php?rest_route=%2Fwp%2Fv2%2Ftags&post=61720"}],"curies":[{"name":"wp","href":"https:\/\/api.w.org\/{rel}","templated":true}]}}