{"id":61710,"date":"2025-11-23T20:54:21","date_gmt":"2025-11-23T23:54:21","guid":{"rendered":"https:\/\/radiorevelacionfm.cl\/?p=61710"},"modified":"2025-11-23T20:57:13","modified_gmt":"2025-11-23T23:57:13","slug":"columna-de-opinion-hogares-que-construyen-futuro-el-compromiso-del-gobierno-en-aysen","status":"publish","type":"post","link":"https:\/\/radiorevelacionfm.cl\/?p=61710","title":{"rendered":"Columna de Opini\u00f3n | Hogares que construyen futuro: el compromiso del Gobierno en Ays\u00e9n"},"content":{"rendered":"<div class=\"flex_column av_one_full  flex_column_div av-zero-column-padding first  avia-builder-el-0  el_before_av_one_full  avia-builder-el-first  \" style='border-radius:0px; '><div  class='avia-image-container  av-styling-    avia-builder-el-1  avia-builder-el-no-sibling  avia-align-center '  itemprop=\"image\" itemscope=\"itemscope\" itemtype=\"https:\/\/schema.org\/ImageObject\"  ><div class='avia-image-container-inner'><div class='avia-image-overlay-wrap'><img decoding=\"async\" class='wp-image-61711 avia-img-lazy-loading-not-61711 avia_image' src=\"https:\/\/radiorevelacionfm.cl\/wp-content\/uploads\/2025\/11\/Foto-Columna_23.11-1-1-Ursula-Mix.jpeg\" alt='' title='Foto Columna_23.11 (1) (1) Ursula Mix' height=\"652\" width=\"801\"  itemprop=\"thumbnailUrl\" srcset=\"https:\/\/radiorevelacionfm.cl\/wp-content\/uploads\/2025\/11\/Foto-Columna_23.11-1-1-Ursula-Mix.jpeg 801w, https:\/\/radiorevelacionfm.cl\/wp-content\/uploads\/2025\/11\/Foto-Columna_23.11-1-1-Ursula-Mix-300x244.jpeg 300w, https:\/\/radiorevelacionfm.cl\/wp-content\/uploads\/2025\/11\/Foto-Columna_23.11-1-1-Ursula-Mix-768x625.jpeg 768w, https:\/\/radiorevelacionfm.cl\/wp-content\/uploads\/2025\/11\/Foto-Columna_23.11-1-1-Ursula-Mix-705x574.jpeg 705w, https:\/\/radiorevelacionfm.cl\/wp-content\/uploads\/2025\/11\/Foto-Columna_23.11-1-1-Ursula-Mix-450x366.jpeg 450w, https:\/\/radiorevelacionfm.cl\/wp-content\/uploads\/2025\/11\/Foto-Columna_23.11-1-1-Ursula-Mix-600x488.jpeg 600w\" sizes=\"(max-width: 801px) 100vw, 801px\" \/><\/div><\/div><\/div><\/div>\n<div class=\"flex_column av_one_full  flex_column_div av-zero-column-padding first  avia-builder-el-2  el_after_av_one_full  el_before_av_one_full  column-top-margin\" style='border-radius:0px; '><section class=\"av_textblock_section \"  itemscope=\"itemscope\" itemtype=\"https:\/\/schema.org\/BlogPosting\" itemprop=\"blogPost\" ><div class='avia_textblock  '   itemprop=\"text\" ><p style=\"text-align: center;\"><strong><span style=\"font-size: 18pt;\">Columna de Opini\u00f3n | Hogares que construyen futuro: el compromiso del Gobierno en Ays\u00e9n<\/span><\/strong><\/p>\n<div id=\"gtx-trans\" style=\"position: absolute; left: -50px; top: 4.31534px;\">\n<div class=\"gtx-trans-icon\"><\/div>\n<\/div>\n<\/div><\/section><\/div><div class=\"flex_column av_one_full  flex_column_div av-zero-column-padding first  avia-builder-el-4  el_after_av_one_full  el_before_av_hr  column-top-margin\" style='border-radius:0px; '><section class=\"av_textblock_section \"  itemscope=\"itemscope\" itemtype=\"https:\/\/schema.org\/BlogPosting\" itemprop=\"blogPost\" ><div class='avia_textblock  '   itemprop=\"text\" ><p style=\"text-align: justify;\"><em>Por: \u00darsula Mix, Seremi de Gobierno Ays\u00e9n<\/em><\/p>\n<p style=\"text-align: justify;\">En la Patagonia chilena, donde el viento helado y las vastas extensiones de naturaleza dictan un ritmo de vida distinto y \u00fanico, se escribe un cap\u00edtulo de esperanza y justicia social. El Plan de Emergencia Habitacional, impulsado por nuestro Gobierno, est\u00e1 dejando una huella tangible en la regi\u00f3n, demostrando que, incluso en los territorios m\u00e1s apartados y con mayores desaf\u00edos geogr\u00e1ficos y clim\u00e1ticos, el compromiso con el derecho a la vivienda digna es una realidad ineludible.<\/p>\n<p style=\"text-align: justify;\">Las cifras son claras: la regi\u00f3n ya sobrepas\u00f3 la meta trazada en el Plan de Emergencia, si bien el objetivo inicial era de 1.293 viviendas \u00e9ste era solo un piso, una base. A octubre de 2025, se hab\u00edan entregado 1.383 viviendas, y el n\u00famero total de soluciones habitacionales vinculadas al plan supera las 2.842, si se suman las viviendas en ejecuci\u00f3n y las que est\u00e1n por iniciar. Los proyectos han llegado a diversas comunas de la regi\u00f3n, incluyendo zonas de dif\u00edcil acceso como el archipi\u00e9lago de las Guaitecas, Lago Verde, Caleta Tortel y Villa O&#8217;Higgins. Por ejemplo, en Puyuhuapi, no se hab\u00edan construido casas en los \u00faltimos 10 a\u00f1os, hasta septiembre de 2025, cuando se entregaron terrenos para iniciar la construcci\u00f3n de 43 viviendas.<\/p>\n<p style=\"text-align: justify;\">Tradicionalmente, la construcci\u00f3n en Ays\u00e9n ha enfrentado barreras log\u00edsticas y clim\u00e1ticas significativas, que a menudo hac\u00edan m\u00e1s lentos o encarec\u00edan los proyectos. Sin embargo, las cifras actuales reflejan un avance sustancial en el cumplimiento de las metas propuestas. Detr\u00e1s de cada inauguraci\u00f3n de un conjunto habitacional, detr\u00e1s de cada llave entregada, hay mucho m\u00e1s que cemento y madera; hay historias de d\u00e9cadas de esfuerzo, de familias que han esperado pacientemente por un techo propio, y que hoy ven materializado un sue\u00f1o que parec\u00eda inalcanzable.<\/p>\n<p style=\"text-align: justify;\">La vivienda es el pilar fundamental para el desarrollo de una familia y el primer paso para la construcci\u00f3n de un futuro, pero el enfoque del Gobierno del Presidente Gabriel Boric en Ays\u00e9n va m\u00e1s all\u00e1 de la simple construcci\u00f3n. La visi\u00f3n integral de este plan subraya la importancia de crear barrios y no s\u00f3lo casas. Se trata de espacios integrados, con acceso a servicios b\u00e1sicos, \u00e1reas verdes y equipamiento comunitario que fomentan el sentido de pertenencia y la cohesi\u00f3n social. En un territorio donde las distancias son largas y el aislamiento puede ser un factor determinante, la creaci\u00f3n de comunidades conectadas es esencial.<\/p>\n<p style=\"text-align: justify;\">Cada familia que recibe su hogar en Coyhaique, Puerto Ays\u00e9n, o cualquier otra localidad de la regi\u00f3n, es una prueba de que la pol\u00edtica p\u00fablica puede y debe responder a las necesidades reales de la ciudadan\u00eda, adapt\u00e1ndose a las particularidades del territorio. Es la materializaci\u00f3n de la justicia social, que reconoce la dignidad de las personas y les proporciona la estabilidad necesaria para proyectarse.<\/p>\n<p style=\"text-align: justify;\">El compromiso de nuestro Gobierno en Ays\u00e9n es un mensaje claro: la descentralizaci\u00f3n se vive en terreno. Se est\u00e1 construyendo futuro, forjando esperanza y saldando una deuda hist\u00f3rica con las familias de la Patagonia, demostrando que, con voluntad y gesti\u00f3n, es posible superar cualquier desaf\u00edo.<\/p>\n<\/div><\/section><\/div><\/p>\n<div  style='height:50px' class='hr hr-invisible   avia-builder-el-6  el_after_av_one_full  el_before_av_social_share '><span class='hr-inner ' ><span class='hr-inner-style'><\/span><\/span><\/div>\n<div  class='av-social-sharing-box  avia-builder-el-7  el_after_av_hr  el_before_av_hr  '><div class='av-share-box'><h5 class='av-share-link-description av-no-toc '>Compartir esta noticia<\/h5><ul class='av-share-box-list noLightbox'><li class='av-share-link av-social-link-facebook' ><a target=\"_blank\" aria-label=\"Compartir en Facebook\" href='https:\/\/www.facebook.com\/sharer.php?u=https:\/\/radiorevelacionfm.cl\/?p=61710&#038;t=Columna%20de%20Opini%C3%B3n%20%7C%20Hogares%20que%20construyen%20futuro%3A%20el%20compromiso%20del%20Gobierno%20en%20Ays%C3%A9n' aria-hidden='false' data-av_icon='\ue8f3' data-av_iconfont='entypo-fontello' title='' data-avia-related-tooltip='Compartir en Facebook' rel=\"noopener\"><span class='avia_hidden_link_text'>Compartir en Facebook<\/span><\/a><\/li><li class='av-share-link av-social-link-twitter' ><a target=\"_blank\" aria-label=\"Compartir en Twitter\" href='https:\/\/twitter.com\/share?text=Columna%20de%20Opini%C3%B3n%20%7C%20Hogares%20que%20construyen%20futuro%3A%20el%20compromiso%20del%20Gobierno%20en%20Ays%C3%A9n&#038;url=https:\/\/radiorevelacionfm.cl\/?p=61710' aria-hidden='false' data-av_icon='\ue8f1' data-av_iconfont='entypo-fontello' title='' data-avia-related-tooltip='Compartir en Twitter' rel=\"noopener\"><span class='avia_hidden_link_text'>Compartir en Twitter<\/span><\/a><\/li><li class='av-share-link av-social-link-whatsapp' ><a target=\"_blank\" aria-label=\"Compartir en Whatsapp\" href='https:\/\/api.whatsapp.com\/send?text=https:\/\/radiorevelacionfm.cl\/?p=61710' aria-hidden='false' data-av_icon='\uf232' data-av_iconfont='entypo-fontello' title='' data-avia-related-tooltip='Compartir en Whatsapp' rel=\"noopener\"><span class='avia_hidden_link_text'>Compartir en Whatsapp<\/span><\/a><\/li><li class='av-share-link av-social-link-linkedin' ><a target=\"_blank\" aria-label=\"Compartir en LinkedIn\" href='https:\/\/linkedin.com\/shareArticle?mini=true&#038;title=Columna%20de%20Opini%C3%B3n%20%7C%20Hogares%20que%20construyen%20futuro%3A%20el%20compromiso%20del%20Gobierno%20en%20Ays%C3%A9n&#038;url=https:\/\/radiorevelacionfm.cl\/?p=61710' aria-hidden='false' data-av_icon='\ue8fc' data-av_iconfont='entypo-fontello' title='' data-avia-related-tooltip='Compartir en LinkedIn' rel=\"noopener\"><span class='avia_hidden_link_text'>Compartir en LinkedIn<\/span><\/a><\/li><li class='av-share-link av-social-link-mail' ><a  aria-label=\"Compartir por correo\" href='mailto:?subject=Columna%20de%20Opini%C3%B3n%20%7C%20Hogares%20que%20construyen%20futuro%3A%20el%20compromiso%20del%20Gobierno%20en%20Ays%C3%A9n&#038;body=https:\/\/radiorevelacionfm.cl\/?p=61710' aria-hidden='false' data-av_icon='\ue805' data-av_iconfont='entypo-fontello' title='' data-avia-related-tooltip='Compartir por correo'><span class='avia_hidden_link_text'>Compartir por correo<\/span><\/a><\/li><\/ul><\/div><\/div>\n<div  style='height:50px' class='hr hr-invisible   avia-builder-el-8  el_after_av_social_share  el_before_av_comments_list '><span class='hr-inner ' ><span class='hr-inner-style'><\/span><\/span><\/div>\n<div  class='av-buildercomment  av-blog-meta-html-info-disabled av-blog-meta-tag-disabled  '><\/div>\n","protected":false},"excerpt":{"rendered":"","protected":false},"author":1,"featured_media":61711,"comment_status":"closed","ping_status":"closed","sticky":false,"template":"","format":"standard","meta":{"footnotes":""},"categories":[50],"tags":[],"class_list":["post-61710","post","type-post","status-publish","format-standard","has-post-thumbnail","hentry","category-cartas-y-opinion"],"jetpack_featured_media_url":"https:\/\/radiorevelacionfm.cl\/wp-content\/uploads\/2025\/11\/Foto-Columna_23.11-1-1-Ursula-Mix.jpeg","_links":{"self":[{"href":"https:\/\/radiorevelacionfm.cl\/index.php?rest_route=\/wp\/v2\/posts\/61710","targetHints":{"allow":["GET"]}}],"collection":[{"href":"https:\/\/radiorevelacionfm.cl\/index.php?rest_route=\/wp\/v2\/posts"}],"about":[{"href":"https:\/\/radiorevelacionfm.cl\/index.php?rest_route=\/wp\/v2\/types\/post"}],"author":[{"embeddable":true,"href":"https:\/\/radiorevelacionfm.cl\/index.php?rest_route=\/wp\/v2\/users\/1"}],"replies":[{"embeddable":true,"href":"https:\/\/radiorevelacionfm.cl\/index.php?rest_route=%2Fwp%2Fv2%2Fcomments&post=61710"}],"version-history":[{"count":3,"href":"https:\/\/radiorevelacionfm.cl\/index.php?rest_route=\/wp\/v2\/posts\/61710\/revisions"}],"predecessor-version":[{"id":61715,"href":"https:\/\/radiorevelacionfm.cl\/index.php?rest_route=\/wp\/v2\/posts\/61710\/revisions\/61715"}],"wp:featuredmedia":[{"embeddable":true,"href":"https:\/\/radiorevelacionfm.cl\/index.php?rest_route=\/wp\/v2\/media\/61711"}],"wp:attachment":[{"href":"https:\/\/radiorevelacionfm.cl\/index.php?rest_route=%2Fwp%2Fv2%2Fmedia&parent=61710"}],"wp:term":[{"taxonomy":"category","embeddable":true,"href":"https:\/\/radiorevelacionfm.cl\/index.php?rest_route=%2Fwp%2Fv2%2Fcategories&post=61710"},{"taxonomy":"post_tag","embeddable":true,"href":"https:\/\/radiorevelacionfm.cl\/index.php?rest_route=%2Fwp%2Fv2%2Ftags&post=61710"}],"curies":[{"name":"wp","href":"https:\/\/api.w.org\/{rel}","templated":true}]}}