{"id":61699,"date":"2025-11-22T21:49:07","date_gmt":"2025-11-23T00:49:07","guid":{"rendered":"https:\/\/radiorevelacionfm.cl\/?p=61699"},"modified":"2025-11-22T21:49:07","modified_gmt":"2025-11-23T00:49:07","slug":"unidad-mipyme-de-la-direccion-del-trabajo-capacita-a-empresarios-en-la-region-de-aysen","status":"publish","type":"post","link":"https:\/\/radiorevelacionfm.cl\/?p=61699","title":{"rendered":"Unidad Mipyme de la Direcci\u00f3n del Trabajo capacita a empresarios en la Regi\u00f3n de Ays\u00e9n"},"content":{"rendered":"<div class=\"flex_column av_one_full  flex_column_div av-zero-column-padding first  avia-builder-el-0  el_before_av_one_full  avia-builder-el-first  \" style='border-radius:0px; '><div  class='avia-image-container  av-styling-    avia-builder-el-1  avia-builder-el-no-sibling  avia-align-center '  itemprop=\"image\" itemscope=\"itemscope\" itemtype=\"https:\/\/schema.org\/ImageObject\"  ><div class='avia-image-container-inner'><div class='avia-image-overlay-wrap'><img decoding=\"async\" class='wp-image-61701 avia-img-lazy-loading-not-61701 avia_image' src=\"https:\/\/radiorevelacionfm.cl\/wp-content\/uploads\/2025\/11\/Capacitaciones_Mipyme-2-1-1.jpeg\" alt='' title='Capacitaciones_Mipyme 2 (1) (1)' height=\"600\" width=\"808\"  itemprop=\"thumbnailUrl\" srcset=\"https:\/\/radiorevelacionfm.cl\/wp-content\/uploads\/2025\/11\/Capacitaciones_Mipyme-2-1-1.jpeg 808w, https:\/\/radiorevelacionfm.cl\/wp-content\/uploads\/2025\/11\/Capacitaciones_Mipyme-2-1-1-300x223.jpeg 300w, https:\/\/radiorevelacionfm.cl\/wp-content\/uploads\/2025\/11\/Capacitaciones_Mipyme-2-1-1-768x570.jpeg 768w, https:\/\/radiorevelacionfm.cl\/wp-content\/uploads\/2025\/11\/Capacitaciones_Mipyme-2-1-1-705x524.jpeg 705w, https:\/\/radiorevelacionfm.cl\/wp-content\/uploads\/2025\/11\/Capacitaciones_Mipyme-2-1-1-450x334.jpeg 450w, https:\/\/radiorevelacionfm.cl\/wp-content\/uploads\/2025\/11\/Capacitaciones_Mipyme-2-1-1-600x446.jpeg 600w\" sizes=\"(max-width: 808px) 100vw, 808px\" \/><\/div><\/div><\/div><\/div><div class=\"flex_column av_one_full  flex_column_div av-zero-column-padding first  avia-builder-el-2  el_after_av_one_full  el_before_av_one_full  column-top-margin\" style='border-radius:0px; '><section class=\"av_textblock_section \"  itemscope=\"itemscope\" itemtype=\"https:\/\/schema.org\/BlogPosting\" itemprop=\"blogPost\" ><div class='avia_textblock  '   itemprop=\"text\" ><p style=\"text-align: center;\"><span style=\"font-size: 18pt;\"><b><span lang=\"ES-TRAD\">Unidad Mipyme de la Direcci\u00f3n del Trabajo capacita a empresarios en la Regi\u00f3n de Ays\u00e9n<\/span><\/b><\/span><\/p>\n<div id=\"gtx-trans\" style=\"position: absolute; left: -50px; top: 4.31534px;\">\n<div class=\"gtx-trans-icon\"><\/div>\n<\/div>\n<\/div><\/section><\/div><\/p>\n<div class=\"flex_column av_one_full  flex_column_div av-zero-column-padding first  avia-builder-el-4  el_after_av_one_full  el_before_av_hr  column-top-margin\" style='border-radius:0px; '><section class=\"av_textblock_section \"  itemscope=\"itemscope\" itemtype=\"https:\/\/schema.org\/BlogPosting\" itemprop=\"blogPost\" ><div class='avia_textblock  '   itemprop=\"text\" ><p style=\"font-weight: 400; text-align: justify;\"><em>Micro, peque\u00f1os y medianos empleadores\/as de la Regi\u00f3n de Ays\u00e9n, fueron capacitados en el cumplimiento legal para reducir la informalidad laboral, Ley Karin, Decreto Supremo 44.<\/em><\/p>\n<p style=\"font-weight: 400; text-align: justify;\">Micro, peque\u00f1os y medianos empleadores y empleadoras de la Regi\u00f3n de Ays\u00e9n fueron capacitados en materias de cumplimiento legal para reducir la informalidad laboral, adem\u00e1s de recibir informaci\u00f3n sobre la Ley Karin y el Decreto Supremo N\u00b044 de prevenci\u00f3n y seguridad.<\/p>\n<p style=\"font-weight: 400; text-align: justify;\">La actividad fue realizada en Coyhaique y encabezada por Christian Aros, director regional del Trabajo de Ays\u00e9n, junto a B\u00e1rbara Norambuena, jefa de la Unidad de Apoyo a la Micro, Peque\u00f1a y Mediana Empresa (MiPyME) de la Direcci\u00f3n del Trabajo.<\/p>\n<p style=\"font-weight: 400; text-align: justify;\">\u201cLa visita a la Regi\u00f3n de Ays\u00e9n se enmarca en el indicador de informalidad de nivel pa\u00eds, hemos estado en Tarapac\u00e1, en Copiap\u00f3 y hoy finalizamos en la Regi\u00f3n de Ays\u00e9n con una serie de actividades, capacitaciones sincr\u00f3nicas, asincr\u00f3nicas y un despliegue territorial en locales comerciales, tanto de Coyhaique como de Puerto Ays\u00e9n, y principalmente a lo que apuntamos es al cumplimiento de la norma laboral, previsional y de seguridad y salud de los trabajadores\u201d, afirm\u00f3 B\u00e1rbara Normabuena.<\/p>\n<p style=\"font-weight: 400; text-align: justify;\">Durante su visita, las autoridades realizaron un despliegue territorial junto al Seremi(s) de Trabajo y Previsi\u00f3n Social, Rodrigo D\u00edaz, y la coordinadora de Relaciones Laborales y Usuarios, Soledad Uribe, recorriendo diversas pymes locales para entregar orientaci\u00f3n directa y fomentar el cumplimiento de la normativa vigente.<\/p>\n<p style=\"font-weight: 400; text-align: justify;\">En tal sentido, el Seremi(s) Rodrigo D\u00edaz coment\u00f3, \u201cQuiero destacar la venida a la regi\u00f3n de la jefa de la Unidad de MiPymes de la Direcci\u00f3n de Trabajo, donde viene a reunirse con empleadores y trabajadores, y a capacitar a los empleadores, de tal manera que los empleadores m\u00e1s peque\u00f1os, lo puedan hacer bien, saliendo un poco del rol t\u00edpico de la DT, de solamente fiscalizar y sancionar, aqu\u00ed estamos contribuyendo para que los empleadores puedan hacer las cosas bien y eso lo destaco del compromiso del Gobierno del Presidente Boric, de acercar las instituciones a la gente y hoy d\u00eda la DT est\u00e1 cumpliendo plenamente\u201d.<\/p>\n<p style=\"font-weight: 400; text-align: justify;\">Con respecto a las actividades, el director regional del Trabajo, Christian Aros, detall\u00f3, \u201cComo Direcci\u00f3n del Trabajo de Ays\u00e9n recibimos la visita de la Unidad de Apoyo a la Micro, Peque\u00f1a y Mediana Empresa desde Santiago a nuestra regi\u00f3n. Esta unidad se encuentra en nuestro servicio para apoyar precisamente a ese grupo de empleadores. Hemos tenido una serie de actividades, nos reunimos con la C\u00e1mara de Comercio de Coyhaique, luego una actividad de capacitaci\u00f3n para micro, medianos y peque\u00f1os empleadores en la C\u00e1mara Chilena de la Construcci\u00f3n, recorrimos locales comerciales de nuestra ciudad y en Puerto Ays\u00e9n, visitando a empleadores y con otras actividades de capacitaci\u00f3n\u201d.<\/p>\n<p style=\"font-weight: 400; text-align: justify;\">En la capacitaci\u00f3n se abordaron temas como la informalidad laboral, la Ley Karin, el Decreto 44, el Registro Electr\u00f3nico Laboral y el uso de herramientas digitales del portal institucional, entre ellas la Plataforma DT MiPyME, valorada por los asistentes como una herramienta clave para capacitarse y evitar infracciones. La instancia, de car\u00e1cter participativo e informativo, tuvo como objetivo fortalecer la gesti\u00f3n laboral eficiente y promover la formalizaci\u00f3n del trabajo en la regi\u00f3n. Los asistentes pudieron, a trav\u00e9s de sus celulares, entrar en la plataforma y acercarse a sus contenidos de manera interactiva.<\/p>\n<p style=\"font-weight: 400; text-align: justify;\">En la reuni\u00f3n con la C\u00e1mara de Comercio de Coyhaique se reforz\u00f3 el di\u00e1logo con emprendedores y l\u00edderes regionales para impulsar la competitividad de las pymes y promover el trabajo formal y decente en Ays\u00e9n.<\/p>\n<p style=\"font-weight: 400; text-align: justify;\">Estas acciones se enmarcan en el Programa de Atenci\u00f3n Especializada en Regiones con Mayor \u00cdndice de Informalidad Laboral 2025, impulsado por la Direcci\u00f3n del Trabajo.<\/p>\n<\/div><\/section><\/div>\n<div  style='height:50px' class='hr hr-invisible   avia-builder-el-6  el_after_av_one_full  el_before_av_social_share '><span class='hr-inner ' ><span class='hr-inner-style'><\/span><\/span><\/div>\n<div  class='av-social-sharing-box  avia-builder-el-7  el_after_av_hr  el_before_av_hr  '><div class='av-share-box'><h5 class='av-share-link-description av-no-toc '>Compartir esta noticia<\/h5><ul class='av-share-box-list noLightbox'><li class='av-share-link av-social-link-facebook' ><a target=\"_blank\" aria-label=\"Compartir en Facebook\" href='https:\/\/www.facebook.com\/sharer.php?u=https:\/\/radiorevelacionfm.cl\/?p=61699&#038;t=Unidad%20Mipyme%20de%20la%20Direcci%C3%B3n%20del%20Trabajo%20capacita%20a%20empresarios%20en%20la%20Regi%C3%B3n%20de%20Ays%C3%A9n' aria-hidden='false' data-av_icon='\ue8f3' data-av_iconfont='entypo-fontello' title='' data-avia-related-tooltip='Compartir en Facebook' rel=\"noopener\"><span class='avia_hidden_link_text'>Compartir en Facebook<\/span><\/a><\/li><li class='av-share-link av-social-link-twitter' ><a target=\"_blank\" aria-label=\"Compartir en Twitter\" href='https:\/\/twitter.com\/share?text=Unidad%20Mipyme%20de%20la%20Direcci%C3%B3n%20del%20Trabajo%20capacita%20a%20empresarios%20en%20la%20Regi%C3%B3n%20de%20Ays%C3%A9n&#038;url=https:\/\/radiorevelacionfm.cl\/?p=61699' aria-hidden='false' data-av_icon='\ue8f1' data-av_iconfont='entypo-fontello' title='' data-avia-related-tooltip='Compartir en Twitter' rel=\"noopener\"><span class='avia_hidden_link_text'>Compartir en Twitter<\/span><\/a><\/li><li class='av-share-link av-social-link-whatsapp' ><a target=\"_blank\" aria-label=\"Compartir en Whatsapp\" href='https:\/\/api.whatsapp.com\/send?text=https:\/\/radiorevelacionfm.cl\/?p=61699' aria-hidden='false' data-av_icon='\uf232' data-av_iconfont='entypo-fontello' title='' data-avia-related-tooltip='Compartir en Whatsapp' rel=\"noopener\"><span class='avia_hidden_link_text'>Compartir en Whatsapp<\/span><\/a><\/li><li class='av-share-link av-social-link-linkedin' ><a target=\"_blank\" aria-label=\"Compartir en LinkedIn\" href='https:\/\/linkedin.com\/shareArticle?mini=true&#038;title=Unidad%20Mipyme%20de%20la%20Direcci%C3%B3n%20del%20Trabajo%20capacita%20a%20empresarios%20en%20la%20Regi%C3%B3n%20de%20Ays%C3%A9n&#038;url=https:\/\/radiorevelacionfm.cl\/?p=61699' aria-hidden='false' data-av_icon='\ue8fc' data-av_iconfont='entypo-fontello' title='' data-avia-related-tooltip='Compartir en LinkedIn' rel=\"noopener\"><span class='avia_hidden_link_text'>Compartir en LinkedIn<\/span><\/a><\/li><li class='av-share-link av-social-link-mail' ><a  aria-label=\"Compartir por correo\" href='mailto:?subject=Unidad%20Mipyme%20de%20la%20Direcci%C3%B3n%20del%20Trabajo%20capacita%20a%20empresarios%20en%20la%20Regi%C3%B3n%20de%20Ays%C3%A9n&#038;body=https:\/\/radiorevelacionfm.cl\/?p=61699' aria-hidden='false' data-av_icon='\ue805' data-av_iconfont='entypo-fontello' title='' data-avia-related-tooltip='Compartir por correo'><span class='avia_hidden_link_text'>Compartir por correo<\/span><\/a><\/li><\/ul><\/div><\/div>\n<div  style='height:50px' class='hr hr-invisible   avia-builder-el-8  el_after_av_social_share  el_before_av_comments_list '><span class='hr-inner ' ><span class='hr-inner-style'><\/span><\/span><\/div>\n<div  class='av-buildercomment  av-blog-meta-html-info-disabled av-blog-meta-tag-disabled  '><\/div>\n","protected":false},"excerpt":{"rendered":"","protected":false},"author":1,"featured_media":61701,"comment_status":"closed","ping_status":"closed","sticky":false,"template":"","format":"standard","meta":{"footnotes":""},"categories":[56],"tags":[],"class_list":["post-61699","post","type-post","status-publish","format-standard","has-post-thumbnail","hentry","category-trabajo"],"jetpack_featured_media_url":"https:\/\/radiorevelacionfm.cl\/wp-content\/uploads\/2025\/11\/Capacitaciones_Mipyme-2-1-1.jpeg","_links":{"self":[{"href":"https:\/\/radiorevelacionfm.cl\/index.php?rest_route=\/wp\/v2\/posts\/61699","targetHints":{"allow":["GET"]}}],"collection":[{"href":"https:\/\/radiorevelacionfm.cl\/index.php?rest_route=\/wp\/v2\/posts"}],"about":[{"href":"https:\/\/radiorevelacionfm.cl\/index.php?rest_route=\/wp\/v2\/types\/post"}],"author":[{"embeddable":true,"href":"https:\/\/radiorevelacionfm.cl\/index.php?rest_route=\/wp\/v2\/users\/1"}],"replies":[{"embeddable":true,"href":"https:\/\/radiorevelacionfm.cl\/index.php?rest_route=%2Fwp%2Fv2%2Fcomments&post=61699"}],"version-history":[{"count":3,"href":"https:\/\/radiorevelacionfm.cl\/index.php?rest_route=\/wp\/v2\/posts\/61699\/revisions"}],"predecessor-version":[{"id":61704,"href":"https:\/\/radiorevelacionfm.cl\/index.php?rest_route=\/wp\/v2\/posts\/61699\/revisions\/61704"}],"wp:featuredmedia":[{"embeddable":true,"href":"https:\/\/radiorevelacionfm.cl\/index.php?rest_route=\/wp\/v2\/media\/61701"}],"wp:attachment":[{"href":"https:\/\/radiorevelacionfm.cl\/index.php?rest_route=%2Fwp%2Fv2%2Fmedia&parent=61699"}],"wp:term":[{"taxonomy":"category","embeddable":true,"href":"https:\/\/radiorevelacionfm.cl\/index.php?rest_route=%2Fwp%2Fv2%2Fcategories&post=61699"},{"taxonomy":"post_tag","embeddable":true,"href":"https:\/\/radiorevelacionfm.cl\/index.php?rest_route=%2Fwp%2Fv2%2Ftags&post=61699"}],"curies":[{"name":"wp","href":"https:\/\/api.w.org\/{rel}","templated":true}]}}