{"id":61695,"date":"2025-11-22T21:39:33","date_gmt":"2025-11-23T00:39:33","guid":{"rendered":"https:\/\/radiorevelacionfm.cl\/?p=61695"},"modified":"2025-11-22T21:39:33","modified_gmt":"2025-11-23T00:39:33","slug":"chile-chico-reune-a-mas-de-130-personas-en-feria-de-empleo-y-mineria-hayvacantes","status":"publish","type":"post","link":"https:\/\/radiorevelacionfm.cl\/?p=61695","title":{"rendered":"Chile Chico re\u00fane a m\u00e1s de 130 personas en Feria de Empleo y Miner\u00eda #HayVacantes"},"content":{"rendered":"<div class=\"flex_column av_one_full  flex_column_div av-zero-column-padding first  avia-builder-el-0  el_before_av_one_full  avia-builder-el-first  \" style='border-radius:0px; '><div  class='avia-image-container  av-styling-    avia-builder-el-1  avia-builder-el-no-sibling  avia-align-center '  itemprop=\"image\" itemscope=\"itemscope\" itemtype=\"https:\/\/schema.org\/ImageObject\"  ><div class='avia-image-container-inner'><div class='avia-image-overlay-wrap'><img decoding=\"async\" class='wp-image-61696 avia-img-lazy-loading-not-61696 avia_image' src=\"https:\/\/radiorevelacionfm.cl\/wp-content\/uploads\/2025\/11\/11-23-1-1.jpg\" alt='' title='11 (23) (1) (1)' height=\"600\" width=\"1067\"  itemprop=\"thumbnailUrl\" srcset=\"https:\/\/radiorevelacionfm.cl\/wp-content\/uploads\/2025\/11\/11-23-1-1.jpg 1067w, https:\/\/radiorevelacionfm.cl\/wp-content\/uploads\/2025\/11\/11-23-1-1-300x169.jpg 300w, https:\/\/radiorevelacionfm.cl\/wp-content\/uploads\/2025\/11\/11-23-1-1-1030x579.jpg 1030w, https:\/\/radiorevelacionfm.cl\/wp-content\/uploads\/2025\/11\/11-23-1-1-768x432.jpg 768w, https:\/\/radiorevelacionfm.cl\/wp-content\/uploads\/2025\/11\/11-23-1-1-705x396.jpg 705w, https:\/\/radiorevelacionfm.cl\/wp-content\/uploads\/2025\/11\/11-23-1-1-450x253.jpg 450w, https:\/\/radiorevelacionfm.cl\/wp-content\/uploads\/2025\/11\/11-23-1-1-600x337.jpg 600w\" sizes=\"(max-width: 1067px) 100vw, 1067px\" \/><\/div><\/div><\/div><\/div><div class=\"flex_column av_one_full  flex_column_div av-zero-column-padding first  avia-builder-el-2  el_after_av_one_full  el_before_av_one_full  column-top-margin\" style='border-radius:0px; '><section class=\"av_textblock_section \"  itemscope=\"itemscope\" itemtype=\"https:\/\/schema.org\/BlogPosting\" itemprop=\"blogPost\" ><div class='avia_textblock  '   itemprop=\"text\" ><p style=\"text-align: center;\"><strong><span style=\"font-size: 18pt;\">Chile Chico re\u00fane a m\u00e1s de 130 personas en Feria de Empleo y Miner\u00eda #HayVacantes<\/span><\/strong><\/p>\n<div id=\"gtx-trans\" style=\"position: absolute; left: -50px; top: 4.31534px;\">\n<div class=\"gtx-trans-icon\"><\/div>\n<\/div>\n<\/div><\/section><\/div><div class=\"flex_column av_one_full  flex_column_div av-zero-column-padding first  avia-builder-el-4  el_after_av_one_full  el_before_av_hr  column-top-margin\" style='border-radius:0px; '><section class=\"av_textblock_section \"  itemscope=\"itemscope\" itemtype=\"https:\/\/schema.org\/BlogPosting\" itemprop=\"blogPost\" ><div class='avia_textblock  '   itemprop=\"text\" ><p style=\"text-align: justify;\">En el Terminal de Buses de Chile Chico se realiz\u00f3 la Feria de Empleo, Emprendimiento y Miner\u00eda <strong>#HayVacantes<\/strong>, iniciativa liderada por el Servicio Nacional de Capacitaci\u00f3n y Empleo (SENCE), que convoc\u00f3 a <strong>25 empresas y organismos<\/strong>, tanto presenciales como en l\u00ednea. La actividad, iniciada a las 10:00 horas, reuni\u00f3 a <strong>130 personas<\/strong> en b\u00fasqueda de nuevas oportunidades laborales.<\/p>\n<p style=\"text-align: justify;\">El director regional de SENCE, Nelson Garrido Morales, destac\u00f3 la alta participaci\u00f3n registrada.<br \/>\n\u201cHemos tenido una excelente asistencia. Esperamos que estas personas pronto puedan acceder a un empleo o mejorar su condici\u00f3n laboral. En aproximadamente seis meses, cuando analicemos las cotizaciones, podremos conocer el impacto real de esta feria\u201d, se\u00f1al\u00f3.<br \/>\nAgreg\u00f3 que esta instancia se replica en distintas comunas y regiones, recordando que este a\u00f1o SENCE realiz\u00f3 m\u00e1s de 25 ferias de empleo a nivel nacional, incluyendo Puerto Ays\u00e9n y ahora Chile Chico.<\/p>\n<p style=\"text-align: justify;\">Por su parte, el seremi de Miner\u00eda, Sergio Becerra Rivera, relev\u00f3 el crecimiento de la actividad minera en la regi\u00f3n.<br \/>\n\u201cHoy se abren 140 plazas de trabajo y, en dos o tres a\u00f1os, la proyecci\u00f3n es de 1.200 a 1.500 empleos directos. Lo que necesitamos es formaci\u00f3n local en torno a la miner\u00eda\u201d, sostuvo.<br \/>\nLa autoridad enfatiz\u00f3 que SENCE actualmente dispone de cursos en l\u00ednea gratuitos y adelant\u00f3 que se trabaja con el CFT Estatal de Ays\u00e9n para desarrollar formaci\u00f3n t\u00e9cnica especializada con presencia en Chile Chico.<\/p>\n<p style=\"text-align: justify;\">Desde el sector privado, \u00c1lvaro Fuentes, gerente nacional de Minera Andes Silver, valor\u00f3 la oportunidad de articular empleos y fortalecer el tejido productivo.<br \/>\n\u201cM\u00e1s que una promesa, estamos trabajando para que esto sea una realidad. Aqu\u00ed no solo se muestra miner\u00eda met\u00e1lica, sino tambi\u00e9n la no met\u00e1lica, con artesanas de la Patagonia exponiendo productos locales. Esto permite generar asociaciones y nuevas oportunidades\u201d, afirm\u00f3.<\/p>\n<p style=\"text-align: justify;\">La Feria #HayVacantes cerr\u00f3 su jornada destacando la positiva respuesta de la comunidad y el compromiso p\u00fablico\u2013privado por impulsar m\u00e1s y mejores oportunidades laborales en la regi\u00f3n.<\/p>\n<\/div><\/section><\/div><div  style='height:50px' class='hr hr-invisible   avia-builder-el-6  el_after_av_one_full  el_before_av_social_share '><span class='hr-inner ' ><span class='hr-inner-style'><\/span><\/span><\/div><\/p>\n<div  class='av-social-sharing-box  avia-builder-el-7  el_after_av_hr  el_before_av_hr  '><div class='av-share-box'><h5 class='av-share-link-description av-no-toc '>Compartir esta noticia<\/h5><ul class='av-share-box-list noLightbox'><li class='av-share-link av-social-link-facebook' ><a target=\"_blank\" aria-label=\"Compartir en Facebook\" href='https:\/\/www.facebook.com\/sharer.php?u=https:\/\/radiorevelacionfm.cl\/?p=61695&#038;t=Chile%20Chico%20re%C3%BAne%20a%20m%C3%A1s%20de%20130%20personas%20en%20Feria%20de%20Empleo%20y%20Miner%C3%ADa%20%23HayVacantes' aria-hidden='false' data-av_icon='\ue8f3' data-av_iconfont='entypo-fontello' title='' data-avia-related-tooltip='Compartir en Facebook' rel=\"noopener\"><span class='avia_hidden_link_text'>Compartir en Facebook<\/span><\/a><\/li><li class='av-share-link av-social-link-twitter' ><a target=\"_blank\" aria-label=\"Compartir en Twitter\" href='https:\/\/twitter.com\/share?text=Chile%20Chico%20re%C3%BAne%20a%20m%C3%A1s%20de%20130%20personas%20en%20Feria%20de%20Empleo%20y%20Miner%C3%ADa%20%23HayVacantes&#038;url=https:\/\/radiorevelacionfm.cl\/?p=61695' aria-hidden='false' data-av_icon='\ue8f1' data-av_iconfont='entypo-fontello' title='' data-avia-related-tooltip='Compartir en Twitter' rel=\"noopener\"><span class='avia_hidden_link_text'>Compartir en Twitter<\/span><\/a><\/li><li class='av-share-link av-social-link-whatsapp' ><a target=\"_blank\" aria-label=\"Compartir en Whatsapp\" href='https:\/\/api.whatsapp.com\/send?text=https:\/\/radiorevelacionfm.cl\/?p=61695' aria-hidden='false' data-av_icon='\uf232' data-av_iconfont='entypo-fontello' title='' data-avia-related-tooltip='Compartir en Whatsapp' rel=\"noopener\"><span class='avia_hidden_link_text'>Compartir en Whatsapp<\/span><\/a><\/li><li class='av-share-link av-social-link-linkedin' ><a target=\"_blank\" aria-label=\"Compartir en LinkedIn\" href='https:\/\/linkedin.com\/shareArticle?mini=true&#038;title=Chile%20Chico%20re%C3%BAne%20a%20m%C3%A1s%20de%20130%20personas%20en%20Feria%20de%20Empleo%20y%20Miner%C3%ADa%20%23HayVacantes&#038;url=https:\/\/radiorevelacionfm.cl\/?p=61695' aria-hidden='false' data-av_icon='\ue8fc' data-av_iconfont='entypo-fontello' title='' data-avia-related-tooltip='Compartir en LinkedIn' rel=\"noopener\"><span class='avia_hidden_link_text'>Compartir en LinkedIn<\/span><\/a><\/li><li class='av-share-link av-social-link-mail' ><a  aria-label=\"Compartir por correo\" href='mailto:?subject=Chile%20Chico%20re%C3%BAne%20a%20m%C3%A1s%20de%20130%20personas%20en%20Feria%20de%20Empleo%20y%20Miner%C3%ADa%20%23HayVacantes&#038;body=https:\/\/radiorevelacionfm.cl\/?p=61695' aria-hidden='false' data-av_icon='\ue805' data-av_iconfont='entypo-fontello' title='' data-avia-related-tooltip='Compartir por correo'><span class='avia_hidden_link_text'>Compartir por correo<\/span><\/a><\/li><\/ul><\/div><\/div>\n<div  style='height:50px' class='hr hr-invisible   avia-builder-el-8  el_after_av_social_share  el_before_av_comments_list '><span class='hr-inner ' ><span class='hr-inner-style'><\/span><\/span><\/div>\n<div  class='av-buildercomment  av-blog-meta-html-info-disabled av-blog-meta-tag-disabled  '><\/div>\n","protected":false},"excerpt":{"rendered":"","protected":false},"author":1,"featured_media":61696,"comment_status":"closed","ping_status":"closed","sticky":false,"template":"","format":"standard","meta":{"footnotes":""},"categories":[56],"tags":[],"class_list":["post-61695","post","type-post","status-publish","format-standard","has-post-thumbnail","hentry","category-trabajo"],"jetpack_featured_media_url":"https:\/\/radiorevelacionfm.cl\/wp-content\/uploads\/2025\/11\/11-23-1-1.jpg","_links":{"self":[{"href":"https:\/\/radiorevelacionfm.cl\/index.php?rest_route=\/wp\/v2\/posts\/61695","targetHints":{"allow":["GET"]}}],"collection":[{"href":"https:\/\/radiorevelacionfm.cl\/index.php?rest_route=\/wp\/v2\/posts"}],"about":[{"href":"https:\/\/radiorevelacionfm.cl\/index.php?rest_route=\/wp\/v2\/types\/post"}],"author":[{"embeddable":true,"href":"https:\/\/radiorevelacionfm.cl\/index.php?rest_route=\/wp\/v2\/users\/1"}],"replies":[{"embeddable":true,"href":"https:\/\/radiorevelacionfm.cl\/index.php?rest_route=%2Fwp%2Fv2%2Fcomments&post=61695"}],"version-history":[{"count":2,"href":"https:\/\/radiorevelacionfm.cl\/index.php?rest_route=\/wp\/v2\/posts\/61695\/revisions"}],"predecessor-version":[{"id":61698,"href":"https:\/\/radiorevelacionfm.cl\/index.php?rest_route=\/wp\/v2\/posts\/61695\/revisions\/61698"}],"wp:featuredmedia":[{"embeddable":true,"href":"https:\/\/radiorevelacionfm.cl\/index.php?rest_route=\/wp\/v2\/media\/61696"}],"wp:attachment":[{"href":"https:\/\/radiorevelacionfm.cl\/index.php?rest_route=%2Fwp%2Fv2%2Fmedia&parent=61695"}],"wp:term":[{"taxonomy":"category","embeddable":true,"href":"https:\/\/radiorevelacionfm.cl\/index.php?rest_route=%2Fwp%2Fv2%2Fcategories&post=61695"},{"taxonomy":"post_tag","embeddable":true,"href":"https:\/\/radiorevelacionfm.cl\/index.php?rest_route=%2Fwp%2Fv2%2Ftags&post=61695"}],"curies":[{"name":"wp","href":"https:\/\/api.w.org\/{rel}","templated":true}]}}