{"id":61691,"date":"2025-11-21T20:18:26","date_gmt":"2025-11-21T23:18:26","guid":{"rendered":"https:\/\/radiorevelacionfm.cl\/?p=61691"},"modified":"2025-11-21T20:18:26","modified_gmt":"2025-11-21T23:18:26","slug":"corte-suprema-confirma-fallo-que-acogio-solicitud-de-desafuero-de-diputado-calisto","status":"publish","type":"post","link":"https:\/\/radiorevelacionfm.cl\/?p=61691","title":{"rendered":"Corte Suprema confirma fallo que acogi\u00f3 solicitud de desafuero de diputado Calisto"},"content":{"rendered":"<div class=\"flex_column av_one_full  flex_column_div av-zero-column-padding first  avia-builder-el-0  el_before_av_one_full  avia-builder-el-first  \" style='border-radius:0px; '><div  class='avia-image-container  av-styling-    avia-builder-el-1  avia-builder-el-no-sibling  avia-align-center '  itemprop=\"image\" itemscope=\"itemscope\" itemtype=\"https:\/\/schema.org\/ImageObject\"  ><div class='avia-image-container-inner'><div class='avia-image-overlay-wrap'><img decoding=\"async\" class='wp-image-61692 avia-img-lazy-loading-not-61692 avia_image' src=\"https:\/\/radiorevelacionfm.cl\/wp-content\/uploads\/2025\/11\/Diputado-Calisto1-1-1.jpg\" alt='' title='Diputado Calisto1 (1) (1)' height=\"600\" width=\"847\"  itemprop=\"thumbnailUrl\" srcset=\"https:\/\/radiorevelacionfm.cl\/wp-content\/uploads\/2025\/11\/Diputado-Calisto1-1-1.jpg 847w, https:\/\/radiorevelacionfm.cl\/wp-content\/uploads\/2025\/11\/Diputado-Calisto1-1-1-300x213.jpg 300w, https:\/\/radiorevelacionfm.cl\/wp-content\/uploads\/2025\/11\/Diputado-Calisto1-1-1-768x544.jpg 768w, https:\/\/radiorevelacionfm.cl\/wp-content\/uploads\/2025\/11\/Diputado-Calisto1-1-1-260x185.jpg 260w, https:\/\/radiorevelacionfm.cl\/wp-content\/uploads\/2025\/11\/Diputado-Calisto1-1-1-845x600.jpg 845w, https:\/\/radiorevelacionfm.cl\/wp-content\/uploads\/2025\/11\/Diputado-Calisto1-1-1-705x499.jpg 705w, https:\/\/radiorevelacionfm.cl\/wp-content\/uploads\/2025\/11\/Diputado-Calisto1-1-1-450x319.jpg 450w, https:\/\/radiorevelacionfm.cl\/wp-content\/uploads\/2025\/11\/Diputado-Calisto1-1-1-600x425.jpg 600w\" sizes=\"(max-width: 847px) 100vw, 847px\" \/><\/div><\/div><\/div><\/div><div class=\"flex_column av_one_full  flex_column_div av-zero-column-padding first  avia-builder-el-2  el_after_av_one_full  el_before_av_one_full  column-top-margin\" style='border-radius:0px; '><section class=\"av_textblock_section \"  itemscope=\"itemscope\" itemtype=\"https:\/\/schema.org\/BlogPosting\" itemprop=\"blogPost\" ><div class='avia_textblock  '   itemprop=\"text\" ><p style=\"text-align: center;\"><strong><span style=\"font-size: 18pt;\">Corte Suprema confirma fallo que acogi\u00f3 solicitud de desafuero de diputado Calisto<\/span><\/strong><\/p>\n<div id=\"gtx-trans\" style=\"position: absolute; left: -50px; top: 4.31534px;\">\n<div class=\"gtx-trans-icon\"><\/div>\n<\/div>\n<\/div><\/section><\/div><div class=\"flex_column av_one_full  flex_column_div av-zero-column-padding first  avia-builder-el-4  el_after_av_one_full  el_before_av_hr  column-top-margin\" style='border-radius:0px; '><section class=\"av_textblock_section \"  itemscope=\"itemscope\" itemtype=\"https:\/\/schema.org\/BlogPosting\" itemprop=\"blogPost\" ><div class='avia_textblock  '   itemprop=\"text\" ><div class=\"col-12\">\n<div class=\"row\">\n<div class=\"col-sm-12\" style=\"text-align: justify;\">\n<blockquote class=\"wp-block-quote\">\n<p>\u201c(\u2026) lo razonado lleva a concluir que la resoluci\u00f3n en alzada se ajusta a los par\u00e1metros de convencimiento preliminar requerido en esta fase previa de desafuero, estim\u00e1ndose que los antecedentes est\u00e1n revestidos de seriedad y plausibilidad para dar lugar a la formaci\u00f3n de causa respecto de la persona aforada, sin perjuicio de lo que se resuelva en el juicio penal\u201d.<\/p>\n<\/blockquote>\n<\/div>\n<\/div>\n<\/div>\n<div class=\"col-12 blog-content home-blog mb-4\">\n<p style=\"text-align: justify;\">La Corte Suprema dio a conocer la sentencia \u00edntegra en la que acogi\u00f3 la solicitud de desafuero del diputado Miguel \u00c1ngel Calisto \u00c1guila, investigado por el Ministerio P\u00fablico como autor del delito de fraude al fisco.<\/p>\n<p style=\"text-align: justify;\">En fallo de mayor\u00eda (causa rol 32.992-2025), el pleno de ministros del m\u00e1ximo tribunal confirm\u00f3 la sentencia impugnada, dictada por la Corte de Apelaciones de Coyhaique, que dio lugar a la formaci\u00f3n de causa en contra del parlamentario.<\/p>\n<p style=\"text-align: justify;\">\u201cQue en el caso que se revisa el ministerio p\u00fablico ha solicitado el desafuero por estimar necesario formalizar la investigaci\u00f3n e instar por medidas cautelares personales en contra del diputado Miguel \u00c1ngel Calisto \u00c1guila, atribuy\u00e9ndole participaci\u00f3n en los hechos como autor del delito consumado de fraude al fisco, contemplado en el art\u00edculo 239 inciso 3\u00b0 del C\u00f3digo Penal\u201d, plantea el fallo.<\/p>\n<p style=\"text-align: justify;\">La resoluci\u00f3n agrega: \u201cQue al examinar los antecedentes hasta aqu\u00ed recabados en la carpeta investigativa se aprecia que la imputaci\u00f3n formulada por el ministerio p\u00fablico tiene m\u00e9rito y es plausible. En efecto, el ente persecutor ha cuestionado la efectividad de la asesor\u00eda de la se\u00f1ora Carla Graf Toledo sobre la base de elementos que, al menos en esta etapa previa, se aprecian serios y veros\u00edmiles, como son la ausencia de informes o comunicaciones que den cuenta de las tareas parlamentarias realizadas, unido a la circunstancia que cinco asesores del diputado se\u00f1or Miguel \u00c1ngel Calisto \u00c1guila declararon no conocer a la se\u00f1ora Graf dentro del equipo parlamentario. Abona a lo anterior el hecho que paralelamente y durante el mismo periodo la se\u00f1ora Graf se desempe\u00f1aba como profesora en el Colegio Alianza Austral con una jornada de 40 horas y estuvo varios meses con licencia m\u00e9dica. Pero, adem\u00e1s, se han recabado informes policiales dando cuenta de diversas transferencias de dinero de la se\u00f1ora Graf a los se\u00f1ores Miguel \u00c1ngel Calisto, Roland C\u00e1rcamo y Felipe Klein que al menos en esta etapa preliminar parecen cuestionables, particularmente, un traspaso al diputado se\u00f1or Calisto que coincide en el monto y fecha de pago del honorario que percibi\u00f3 la se\u00f1ora Graf como asesora parlamentaria. En definitiva, estos antecedentes permiten superar el control de plausibilidad de la imputaci\u00f3n que el ministerio p\u00fablico formula en torno a la existencia de un il\u00edcito y participaci\u00f3n del diputado se\u00f1or Miguel \u00c1ngel Calisto \u00c1guila para la formaci\u00f3n de causa en su contra; sin perjuicio, ciertamente, de lo que se resuelva en el juicio penal\u201d.<\/p>\n<p style=\"text-align: justify;\">\u201cQue las alegaciones esgrimidas por la defensa exceden el control de plausibilidad que se exige en esta etapa de antejuicio, pues se orientan m\u00e1s bien a explicar el fondo de la cuesti\u00f3n debatida y justificar los hechos imputados\u201d, a\u00f1ade.<\/p>\n<p style=\"text-align: justify;\">\u201cCon tal prop\u00f3sito \u2013prosigue\u2013, el diputado se\u00f1or Miguel \u00c1ngel Calisto \u00c1guila ha defendido la efectiva prestaci\u00f3n de servicios de la se\u00f1ora Carla Graf Toledo sobre la base de un tipo de asesor\u00eda directa o de consejer\u00eda estrat\u00e9gica que justificar\u00eda la ausencia de informes escritos, y la flexibilidad de la jornada explicar\u00eda la compatibilidad con la jornada laboral como profesora e incluso con las licencias m\u00e9dicas. A\u00f1ade que ese formato de asesor\u00eda remota tambi\u00e9n explicar\u00eda por qu\u00e9 algunos asesores declararon no conocer a la se\u00f1ora Graf, en tanto que las transferencias de dinero se justificar\u00edan en pr\u00e9stamos o pagos de obras de construcci\u00f3n. Sin embargo, estas explicaciones no desvirt\u00faan la plausibilidad y seriedad de la imputaci\u00f3n formulada por el ministerio p\u00fablico, sino m\u00e1s bien apuntan a entregar una justificaci\u00f3n que contrarrestar\u00eda la configuraci\u00f3n del il\u00edcito, y lo cierto es que tales argumentaciones de fondo han de ser dilucidadas en la etapa procesal que corresponda, pues ahondar en ellas en esta fase previa importar\u00eda adelantar un juzgamiento que excede el prop\u00f3sito de este antejuicio de desafuero\u201d.<\/p>\n<p style=\"text-align: justify;\">Para la Corte Suprema: \u201c(\u2026) lo razonado lleva a concluir que la resoluci\u00f3n en alzada se ajusta a los par\u00e1metros de convencimiento preliminar requerido en esta fase previa de desafuero, estim\u00e1ndose que los antecedentes est\u00e1n revestidos de seriedad y plausibilidad para dar lugar a la formaci\u00f3n de causa respecto de la persona aforada, sin perjuicio de lo que se resuelva en el juicio penal\u201d.<\/p>\n<p style=\"text-align: justify;\">\u201cPor estas consideraciones y lo dispuesto en el art\u00edculo 61 de la Constituci\u00f3n Pol\u00edtica de la Rep\u00fablica y los art\u00edculos 416 y siguientes del C\u00f3digo Procesal Penal,\u00a0<strong>se confirma<\/strong>\u00a0la sentencia de cuatro de agosto de dos mil veinticinco, dictada por la Corte de Apelaciones de Coyhaique\u201d, concluye.<\/p>\n<p style=\"text-align: justify;\">Resoluci\u00f3n que fue notificada oficialmente a la C\u00e1mara de Diputadas y Diputados para los fines pertinentes.<\/p>\n<\/div>\n<\/div><\/section><\/div><div  style='height:50px' class='hr hr-invisible   avia-builder-el-6  el_after_av_one_full  el_before_av_social_share '><span class='hr-inner ' ><span class='hr-inner-style'><\/span><\/span><\/div><\/p>\n<div  class='av-social-sharing-box  avia-builder-el-7  el_after_av_hr  el_before_av_hr  '><div class='av-share-box'><h5 class='av-share-link-description av-no-toc '>Compartir esta noticia<\/h5><ul class='av-share-box-list noLightbox'><li class='av-share-link av-social-link-facebook' ><a target=\"_blank\" aria-label=\"Compartir en Facebook\" href='https:\/\/www.facebook.com\/sharer.php?u=https:\/\/radiorevelacionfm.cl\/?p=61691&#038;t=Corte%20Suprema%20confirma%20fallo%20que%20acogi%C3%B3%20solicitud%20de%20desafuero%20de%20diputado%20Calisto' aria-hidden='false' data-av_icon='\ue8f3' data-av_iconfont='entypo-fontello' title='' data-avia-related-tooltip='Compartir en Facebook' rel=\"noopener\"><span class='avia_hidden_link_text'>Compartir en Facebook<\/span><\/a><\/li><li class='av-share-link av-social-link-twitter' ><a target=\"_blank\" aria-label=\"Compartir en Twitter\" href='https:\/\/twitter.com\/share?text=Corte%20Suprema%20confirma%20fallo%20que%20acogi%C3%B3%20solicitud%20de%20desafuero%20de%20diputado%20Calisto&#038;url=https:\/\/radiorevelacionfm.cl\/?p=61691' aria-hidden='false' data-av_icon='\ue8f1' data-av_iconfont='entypo-fontello' title='' data-avia-related-tooltip='Compartir en Twitter' rel=\"noopener\"><span class='avia_hidden_link_text'>Compartir en Twitter<\/span><\/a><\/li><li class='av-share-link av-social-link-whatsapp' ><a target=\"_blank\" aria-label=\"Compartir en Whatsapp\" href='https:\/\/api.whatsapp.com\/send?text=https:\/\/radiorevelacionfm.cl\/?p=61691' aria-hidden='false' data-av_icon='\uf232' data-av_iconfont='entypo-fontello' title='' data-avia-related-tooltip='Compartir en Whatsapp' rel=\"noopener\"><span class='avia_hidden_link_text'>Compartir en Whatsapp<\/span><\/a><\/li><li class='av-share-link av-social-link-linkedin' ><a target=\"_blank\" aria-label=\"Compartir en LinkedIn\" href='https:\/\/linkedin.com\/shareArticle?mini=true&#038;title=Corte%20Suprema%20confirma%20fallo%20que%20acogi%C3%B3%20solicitud%20de%20desafuero%20de%20diputado%20Calisto&#038;url=https:\/\/radiorevelacionfm.cl\/?p=61691' aria-hidden='false' data-av_icon='\ue8fc' data-av_iconfont='entypo-fontello' title='' data-avia-related-tooltip='Compartir en LinkedIn' rel=\"noopener\"><span class='avia_hidden_link_text'>Compartir en LinkedIn<\/span><\/a><\/li><li class='av-share-link av-social-link-mail' ><a  aria-label=\"Compartir por correo\" href='mailto:?subject=Corte%20Suprema%20confirma%20fallo%20que%20acogi%C3%B3%20solicitud%20de%20desafuero%20de%20diputado%20Calisto&#038;body=https:\/\/radiorevelacionfm.cl\/?p=61691' aria-hidden='false' data-av_icon='\ue805' data-av_iconfont='entypo-fontello' title='' data-avia-related-tooltip='Compartir por correo'><span class='avia_hidden_link_text'>Compartir por correo<\/span><\/a><\/li><\/ul><\/div><\/div>\n<div  style='height:50px' class='hr hr-invisible   avia-builder-el-8  el_after_av_social_share  el_before_av_comments_list '><span class='hr-inner ' ><span class='hr-inner-style'><\/span><\/span><\/div>\n<div  class='av-buildercomment  av-blog-meta-html-info-disabled av-blog-meta-tag-disabled  '><\/div>\n","protected":false},"excerpt":{"rendered":"","protected":false},"author":1,"featured_media":61692,"comment_status":"closed","ping_status":"closed","sticky":false,"template":"","format":"standard","meta":{"footnotes":""},"categories":[55],"tags":[],"class_list":["post-61691","post","type-post","status-publish","format-standard","has-post-thumbnail","hentry","category-justicia"],"jetpack_featured_media_url":"https:\/\/radiorevelacionfm.cl\/wp-content\/uploads\/2025\/11\/Diputado-Calisto1-1-1.jpg","_links":{"self":[{"href":"https:\/\/radiorevelacionfm.cl\/index.php?rest_route=\/wp\/v2\/posts\/61691","targetHints":{"allow":["GET"]}}],"collection":[{"href":"https:\/\/radiorevelacionfm.cl\/index.php?rest_route=\/wp\/v2\/posts"}],"about":[{"href":"https:\/\/radiorevelacionfm.cl\/index.php?rest_route=\/wp\/v2\/types\/post"}],"author":[{"embeddable":true,"href":"https:\/\/radiorevelacionfm.cl\/index.php?rest_route=\/wp\/v2\/users\/1"}],"replies":[{"embeddable":true,"href":"https:\/\/radiorevelacionfm.cl\/index.php?rest_route=%2Fwp%2Fv2%2Fcomments&post=61691"}],"version-history":[{"count":2,"href":"https:\/\/radiorevelacionfm.cl\/index.php?rest_route=\/wp\/v2\/posts\/61691\/revisions"}],"predecessor-version":[{"id":61694,"href":"https:\/\/radiorevelacionfm.cl\/index.php?rest_route=\/wp\/v2\/posts\/61691\/revisions\/61694"}],"wp:featuredmedia":[{"embeddable":true,"href":"https:\/\/radiorevelacionfm.cl\/index.php?rest_route=\/wp\/v2\/media\/61692"}],"wp:attachment":[{"href":"https:\/\/radiorevelacionfm.cl\/index.php?rest_route=%2Fwp%2Fv2%2Fmedia&parent=61691"}],"wp:term":[{"taxonomy":"category","embeddable":true,"href":"https:\/\/radiorevelacionfm.cl\/index.php?rest_route=%2Fwp%2Fv2%2Fcategories&post=61691"},{"taxonomy":"post_tag","embeddable":true,"href":"https:\/\/radiorevelacionfm.cl\/index.php?rest_route=%2Fwp%2Fv2%2Ftags&post=61691"}],"curies":[{"name":"wp","href":"https:\/\/api.w.org\/{rel}","templated":true}]}}