{"id":61687,"date":"2025-11-21T19:20:26","date_gmt":"2025-11-21T22:20:26","guid":{"rendered":"https:\/\/radiorevelacionfm.cl\/?p=61687"},"modified":"2025-11-21T19:20:26","modified_gmt":"2025-11-21T22:20:26","slug":"comision-de-libertad-condicional-de-coyhaique-rechaza-solicitud-de-beneficio-a-mauricio-ortega-ruiz","status":"publish","type":"post","link":"https:\/\/radiorevelacionfm.cl\/?p=61687","title":{"rendered":"Comisi\u00f3n de Libertad Condicional de Coyhaique rechaza solicitud de beneficio a Mauricio Ortega Ruiz"},"content":{"rendered":"<div class=\"flex_column av_one_full  flex_column_div av-zero-column-padding first  avia-builder-el-0  el_before_av_one_full  avia-builder-el-first  \" style='border-radius:0px; '><div  class='avia-image-container  av-styling-    avia-builder-el-1  avia-builder-el-no-sibling  avia-align-center '  itemprop=\"image\" itemscope=\"itemscope\" itemtype=\"https:\/\/schema.org\/ImageObject\"  ><div class='avia-image-container-inner'><div class='avia-image-overlay-wrap'><img decoding=\"async\" class='wp-image-61688 avia-img-lazy-loading-not-61688 avia_image' src=\"https:\/\/radiorevelacionfm.cl\/wp-content\/uploads\/2025\/11\/foto-01-comision-1_optimized.jpeg\" alt='' title='foto-01-comision--(1)_optimized' height=\"600\" width=\"1107\"  itemprop=\"thumbnailUrl\" srcset=\"https:\/\/radiorevelacionfm.cl\/wp-content\/uploads\/2025\/11\/foto-01-comision-1_optimized.jpeg 1107w, https:\/\/radiorevelacionfm.cl\/wp-content\/uploads\/2025\/11\/foto-01-comision-1_optimized-300x163.jpeg 300w, https:\/\/radiorevelacionfm.cl\/wp-content\/uploads\/2025\/11\/foto-01-comision-1_optimized-1030x558.jpeg 1030w, https:\/\/radiorevelacionfm.cl\/wp-content\/uploads\/2025\/11\/foto-01-comision-1_optimized-768x416.jpeg 768w, https:\/\/radiorevelacionfm.cl\/wp-content\/uploads\/2025\/11\/foto-01-comision-1_optimized-705x382.jpeg 705w, https:\/\/radiorevelacionfm.cl\/wp-content\/uploads\/2025\/11\/foto-01-comision-1_optimized-450x244.jpeg 450w, https:\/\/radiorevelacionfm.cl\/wp-content\/uploads\/2025\/11\/foto-01-comision-1_optimized-600x325.jpeg 600w\" sizes=\"(max-width: 1107px) 100vw, 1107px\" \/><\/div><\/div><\/div><\/div><div class=\"flex_column av_one_full  flex_column_div av-zero-column-padding first  avia-builder-el-2  el_after_av_one_full  el_before_av_one_full  column-top-margin\" style='border-radius:0px; '><section class=\"av_textblock_section \"  itemscope=\"itemscope\" itemtype=\"https:\/\/schema.org\/BlogPosting\" itemprop=\"blogPost\" ><div class='avia_textblock  '   itemprop=\"text\" ><p style=\"text-align: center;\"><strong><span style=\"font-size: 18pt;\">Comisi\u00f3n de Libertad Condicional de Coyhaique rechaza solicitud de beneficio a Mauricio Ortega Ruiz<\/span><\/strong><\/p>\n<div id=\"gtx-trans\" style=\"position: absolute; left: -50px; top: 4.31534px;\">\n<div class=\"gtx-trans-icon\"><\/div>\n<\/div>\n<\/div><\/section><\/div><div class=\"flex_column av_one_full  flex_column_div av-zero-column-padding first  avia-builder-el-4  el_after_av_one_full  el_before_av_hr  column-top-margin\" style='border-radius:0px; '><section class=\"av_textblock_section \"  itemscope=\"itemscope\" itemtype=\"https:\/\/schema.org\/BlogPosting\" itemprop=\"blogPost\" ><div class='avia_textblock  '   itemprop=\"text\" ><p style=\"font-weight: 400; text-align: justify;\">La Comisi\u00f3n de Libertad Condicional de la jurisdicci\u00f3n Coyhaique sesion\u00f3 hoy -viernes 21 de noviembre- y rechaz\u00f3 la solicitud de la defensa de Mauricio Ortega Ruiz, condenado por el delito de lesiones graves grav\u00edsimas, lesiones graves y violaci\u00f3n de morada en contra de Nabila Rifo.<\/p>\n<p style=\"font-weight: 400; text-align: justify;\">La comisi\u00f3n fue encabezada por el presidente de la Corte de Apelaciones de Coyhaique, ministro Pedro Castro Espinoza, e integrada por los magistrados M\u00f3nica Coloma y Joelly Cares, del Tribunal de Juicio Oral en lo Penal; Fabiola Mu\u00f1oz y Rodrigo Grez, jueces de Garant\u00eda y Gast\u00f3n Hern\u00e1ndez, secretario de la comisi\u00f3n y ministro de fe.<\/p>\n<p style=\"font-weight: 400; text-align: justify;\">De igual manera, en la sesi\u00f3n hizo uso de la palabra el abogado del Servicio Nacional de la Mujer y la Equidad de G\u00e9nero, V\u00edctor Llanca, representante de la v\u00edctima\u00a0 Nabila Rifo.<\/p>\n<p style=\"font-weight: 400; text-align: justify;\">Tras sesionar, la comisi\u00f3n inform\u00f3 que: \u201c(\u2026) sometida a votaci\u00f3n la postulaci\u00f3n de Mauricio Orlando Ortega Ruiz, en base a los antecedentes examinados, en los que se escuch\u00f3 las alegaciones del representante de la v\u00edctima, registra el resultado contenido en el considerando primero, estableciendo que, de conformidad con lo dispuesto en los art\u00edculos 1, 2 N.\u00ba 3 y 5 del Decreto Ley N.\u00ba 321 del Ministerio de Justicia y Derechos Humanos, orienta a la unanimidad de los miembros de la Comisi\u00f3n a concluir que el postulante no ha demostrado haber tenido avances significativos en su proceso de reinserci\u00f3n social, que permitan inferir posibilidades de resocializaci\u00f3n adecuada en la sociedad, de tal manera de considerarlo como merecedor del beneficio de libertad condicional\u201d.<\/p>\n<p style=\"font-weight: 400; text-align: justify;\">En virtud de lo antes expuesto:<\/p>\n<p style=\"font-weight: 400; text-align: justify;\">\u201c(\u2026) se\u00a0<strong>RECHAZA<\/strong>, por UNANIMIDAD de votos, al no haberse demostrado que presente avances en su proceso de reinserci\u00f3n social, la propuesta del sentenciado, Mauricio Orlando Ortega Ruiz\u201d.<\/p>\n<p style=\"font-weight: 400; text-align: justify;\">Cabe recordar que los requisitos para acceder al cumplimiento de la pena en libertad condicional son: tiempo de pena cumplida (la mitad o dos tercios); haber observado conducta intachable en el establecimiento penal; y contar con un informe de postulaci\u00f3n psicosocial elaborado por un equipo profesional del \u00e1rea t\u00e9cnica de Gendarmer\u00eda, que permita orientar sobre los factores de riesgo de reincidencia del interno o interna.<\/p>\n<\/div><\/section><\/div><div  style='height:50px' class='hr hr-invisible   avia-builder-el-6  el_after_av_one_full  el_before_av_social_share '><span class='hr-inner ' ><span class='hr-inner-style'><\/span><\/span><\/div><\/p>\n<div  class='av-social-sharing-box  avia-builder-el-7  el_after_av_hr  el_before_av_hr  '><div class='av-share-box'><h5 class='av-share-link-description av-no-toc '>Compartir esta noticia<\/h5><ul class='av-share-box-list noLightbox'><li class='av-share-link av-social-link-facebook' ><a target=\"_blank\" aria-label=\"Compartir en Facebook\" href='https:\/\/www.facebook.com\/sharer.php?u=https:\/\/radiorevelacionfm.cl\/?p=61687&#038;t=Comisi%C3%B3n%20de%20Libertad%20Condicional%20de%20Coyhaique%20rechaza%20solicitud%20de%20beneficio%20a%20Mauricio%20Ortega%20Ruiz' aria-hidden='false' data-av_icon='\ue8f3' data-av_iconfont='entypo-fontello' title='' data-avia-related-tooltip='Compartir en Facebook' rel=\"noopener\"><span class='avia_hidden_link_text'>Compartir en Facebook<\/span><\/a><\/li><li class='av-share-link av-social-link-twitter' ><a target=\"_blank\" aria-label=\"Compartir en Twitter\" href='https:\/\/twitter.com\/share?text=Comisi%C3%B3n%20de%20Libertad%20Condicional%20de%20Coyhaique%20rechaza%20solicitud%20de%20beneficio%20a%20Mauricio%20Ortega%20Ruiz&#038;url=https:\/\/radiorevelacionfm.cl\/?p=61687' aria-hidden='false' data-av_icon='\ue8f1' data-av_iconfont='entypo-fontello' title='' data-avia-related-tooltip='Compartir en Twitter' rel=\"noopener\"><span class='avia_hidden_link_text'>Compartir en Twitter<\/span><\/a><\/li><li class='av-share-link av-social-link-whatsapp' ><a target=\"_blank\" aria-label=\"Compartir en Whatsapp\" href='https:\/\/api.whatsapp.com\/send?text=https:\/\/radiorevelacionfm.cl\/?p=61687' aria-hidden='false' data-av_icon='\uf232' data-av_iconfont='entypo-fontello' title='' data-avia-related-tooltip='Compartir en Whatsapp' rel=\"noopener\"><span class='avia_hidden_link_text'>Compartir en Whatsapp<\/span><\/a><\/li><li class='av-share-link av-social-link-linkedin' ><a target=\"_blank\" aria-label=\"Compartir en LinkedIn\" href='https:\/\/linkedin.com\/shareArticle?mini=true&#038;title=Comisi%C3%B3n%20de%20Libertad%20Condicional%20de%20Coyhaique%20rechaza%20solicitud%20de%20beneficio%20a%20Mauricio%20Ortega%20Ruiz&#038;url=https:\/\/radiorevelacionfm.cl\/?p=61687' aria-hidden='false' data-av_icon='\ue8fc' data-av_iconfont='entypo-fontello' title='' data-avia-related-tooltip='Compartir en LinkedIn' rel=\"noopener\"><span class='avia_hidden_link_text'>Compartir en LinkedIn<\/span><\/a><\/li><li class='av-share-link av-social-link-mail' ><a  aria-label=\"Compartir por correo\" href='mailto:?subject=Comisi%C3%B3n%20de%20Libertad%20Condicional%20de%20Coyhaique%20rechaza%20solicitud%20de%20beneficio%20a%20Mauricio%20Ortega%20Ruiz&#038;body=https:\/\/radiorevelacionfm.cl\/?p=61687' aria-hidden='false' data-av_icon='\ue805' data-av_iconfont='entypo-fontello' title='' data-avia-related-tooltip='Compartir por correo'><span class='avia_hidden_link_text'>Compartir por correo<\/span><\/a><\/li><\/ul><\/div><\/div>\n<div  style='height:50px' class='hr hr-invisible   avia-builder-el-8  el_after_av_social_share  el_before_av_comments_list '><span class='hr-inner ' ><span class='hr-inner-style'><\/span><\/span><\/div>\n<div  class='av-buildercomment  av-blog-meta-html-info-disabled av-blog-meta-tag-disabled  '><\/div>\n","protected":false},"excerpt":{"rendered":"","protected":false},"author":1,"featured_media":61688,"comment_status":"closed","ping_status":"closed","sticky":false,"template":"","format":"standard","meta":{"footnotes":""},"categories":[55],"tags":[],"class_list":["post-61687","post","type-post","status-publish","format-standard","has-post-thumbnail","hentry","category-justicia"],"jetpack_featured_media_url":"https:\/\/radiorevelacionfm.cl\/wp-content\/uploads\/2025\/11\/foto-01-comision-1_optimized.jpeg","_links":{"self":[{"href":"https:\/\/radiorevelacionfm.cl\/index.php?rest_route=\/wp\/v2\/posts\/61687","targetHints":{"allow":["GET"]}}],"collection":[{"href":"https:\/\/radiorevelacionfm.cl\/index.php?rest_route=\/wp\/v2\/posts"}],"about":[{"href":"https:\/\/radiorevelacionfm.cl\/index.php?rest_route=\/wp\/v2\/types\/post"}],"author":[{"embeddable":true,"href":"https:\/\/radiorevelacionfm.cl\/index.php?rest_route=\/wp\/v2\/users\/1"}],"replies":[{"embeddable":true,"href":"https:\/\/radiorevelacionfm.cl\/index.php?rest_route=%2Fwp%2Fv2%2Fcomments&post=61687"}],"version-history":[{"count":2,"href":"https:\/\/radiorevelacionfm.cl\/index.php?rest_route=\/wp\/v2\/posts\/61687\/revisions"}],"predecessor-version":[{"id":61690,"href":"https:\/\/radiorevelacionfm.cl\/index.php?rest_route=\/wp\/v2\/posts\/61687\/revisions\/61690"}],"wp:featuredmedia":[{"embeddable":true,"href":"https:\/\/radiorevelacionfm.cl\/index.php?rest_route=\/wp\/v2\/media\/61688"}],"wp:attachment":[{"href":"https:\/\/radiorevelacionfm.cl\/index.php?rest_route=%2Fwp%2Fv2%2Fmedia&parent=61687"}],"wp:term":[{"taxonomy":"category","embeddable":true,"href":"https:\/\/radiorevelacionfm.cl\/index.php?rest_route=%2Fwp%2Fv2%2Fcategories&post=61687"},{"taxonomy":"post_tag","embeddable":true,"href":"https:\/\/radiorevelacionfm.cl\/index.php?rest_route=%2Fwp%2Fv2%2Ftags&post=61687"}],"curies":[{"name":"wp","href":"https:\/\/api.w.org\/{rel}","templated":true}]}}