{"id":61681,"date":"2025-11-21T19:01:22","date_gmt":"2025-11-21T22:01:22","guid":{"rendered":"https:\/\/radiorevelacionfm.cl\/?p=61681"},"modified":"2025-11-21T19:01:22","modified_gmt":"2025-11-21T22:01:22","slug":"la-dos-inicia-gira-territorial-en-aysen-por-el-dia-de-la-no-violencia-contra-las-mujeres","status":"publish","type":"post","link":"https:\/\/radiorevelacionfm.cl\/?p=61681","title":{"rendered":"La DOS inicia Gira Territorial en Ays\u00e9n por el D\u00eda de la No Violencia contra las Mujeres"},"content":{"rendered":"<div class=\"flex_column av_one_full  flex_column_div av-zero-column-padding first  avia-builder-el-0  el_before_av_one_full  avia-builder-el-first  \" style='border-radius:0px; '><div  class='avia-image-container  av-styling-    avia-builder-el-1  avia-builder-el-no-sibling  avia-align-center '  itemprop=\"image\" itemscope=\"itemscope\" itemtype=\"https:\/\/schema.org\/ImageObject\"  ><div class='avia-image-container-inner'><div class='avia-image-overlay-wrap'><img decoding=\"async\" class='wp-image-61682 avia-img-lazy-loading-not-61682 avia_image' src=\"https:\/\/radiorevelacionfm.cl\/wp-content\/uploads\/2025\/11\/Escuela-Formacion-Social_Cochranearchivo-1-1.jpg\" alt='' title='Escuela Formaci\u00f3n Social_Cochrane(archivo) (1) (1)' height=\"600\" width=\"1004\"  itemprop=\"thumbnailUrl\" srcset=\"https:\/\/radiorevelacionfm.cl\/wp-content\/uploads\/2025\/11\/Escuela-Formacion-Social_Cochranearchivo-1-1.jpg 1004w, https:\/\/radiorevelacionfm.cl\/wp-content\/uploads\/2025\/11\/Escuela-Formacion-Social_Cochranearchivo-1-1-300x179.jpg 300w, https:\/\/radiorevelacionfm.cl\/wp-content\/uploads\/2025\/11\/Escuela-Formacion-Social_Cochranearchivo-1-1-768x459.jpg 768w, https:\/\/radiorevelacionfm.cl\/wp-content\/uploads\/2025\/11\/Escuela-Formacion-Social_Cochranearchivo-1-1-705x421.jpg 705w, https:\/\/radiorevelacionfm.cl\/wp-content\/uploads\/2025\/11\/Escuela-Formacion-Social_Cochranearchivo-1-1-450x269.jpg 450w, https:\/\/radiorevelacionfm.cl\/wp-content\/uploads\/2025\/11\/Escuela-Formacion-Social_Cochranearchivo-1-1-600x359.jpg 600w\" sizes=\"(max-width: 1004px) 100vw, 1004px\" \/><\/div><\/div><\/div><\/div><div class=\"flex_column av_one_full  flex_column_div av-zero-column-padding first  avia-builder-el-2  el_after_av_one_full  el_before_av_one_full  column-top-margin\" style='border-radius:0px; '><section class=\"av_textblock_section \"  itemscope=\"itemscope\" itemtype=\"https:\/\/schema.org\/BlogPosting\" itemprop=\"blogPost\" ><div class='avia_textblock  '   itemprop=\"text\" ><p style=\"text-align: center;\"><strong><span style=\"font-size: 18pt;\">La DOS inicia Gira Territorial en Ays\u00e9n por el D\u00eda de la No Violencia contra las Mujeres<\/span><\/strong><\/p>\n<div id=\"gtx-trans\" style=\"position: absolute; left: -50px; top: 4.31534px;\">\n<div class=\"gtx-trans-icon\"><\/div>\n<\/div>\n<\/div><\/section><\/div><div class=\"flex_column av_one_full  flex_column_div av-zero-column-padding first  avia-builder-el-4  el_after_av_one_full  el_before_av_hr  column-top-margin\" style='border-radius:0px; '><section class=\"av_textblock_section \"  itemscope=\"itemscope\" itemtype=\"https:\/\/schema.org\/BlogPosting\" itemprop=\"blogPost\" ><div class='avia_textblock  '   itemprop=\"text\" ><p style=\"text-align: justify;\">En el marco de la conmemoraci\u00f3n del 25 de noviembre, D\u00eda Internacional de la Eliminaci\u00f3n de la Violencia contra las Mujeres, la Divisi\u00f3n de Organizaciones Sociales (DOS) dependiente de la Subsecretar\u00eda General de Gobierno (Segegob), ha anunciado el inicio de una gira territorial que abarcar\u00e1 las comunas de Ays\u00e9n, Coyhaique y Cochrane.<\/p>\n<p style=\"text-align: justify;\">El objetivo principal de esta iniciativa es acercar a la comunidad informaci\u00f3n crucial sobre la Ley Integral Contra la Violencia hacia las Mujeres, el marco jur\u00eddico nacional e internacional que la sustenta, y los servicios de apoyo disponibles para v\u00edctimas y testigos.<\/p>\n<p style=\"text-align: justify;\">\u00darsula Mix, Seremi de Gobierno, destac\u00f3 la importancia de este despliegue: \u00abEl objetivo principal de esta gira es dar a conocer y explicar a la comunidad en qu\u00e9 consiste la Ley Integral Contra la Violencia Hacia las Mujeres, \u00a0analizando el amplio y arduo recorrido que se ha hecho en materia de protecci\u00f3n de derechos de las mujeres, la constante lucha por no perder estos derechos y por la erradicaci\u00f3n de todo tipo de violencia. Es muy importante estar informados, por eso invitamos a todas y todos a participar en las distintas actividades que vamos a desarrollar tanto en Coyhaique, Puerto Ays\u00e9n, como en Cochrane\u00bb.<\/p>\n<p style=\"text-align: justify;\">La gira contempla la realizaci\u00f3n de diversas actividades, que incluyen:<\/p>\n<p style=\"text-align: justify;\">&#8211; Tres Di\u00e1logos Ciudadano \u00abPor el derecho a una vida libre de violencia\u00bb, el lunes 24 de noviembre, a las 11:30 horas, en el Liceo Josefina Aguirre de Coyhaique y a las 18:00 horas, en la Delegaci\u00f3n de Puerto Ays\u00e9n y el mi\u00e9rcoles 26 de noviembre a las 8:00 horas en el Liceo Austral Lord Cochrane, de la comuna de Cochrane. Estos encuentros buscan explicar detalladamente la Ley integral contra la violencia hacia las mujeres, revisando la definici\u00f3n de violencia de g\u00e9nero y los distintos tipos de violencia existentes.<\/p>\n<p style=\"text-align: justify;\">-Dos Ferias de Servicios, la primera Feria Movilizados con Enfoque de G\u00e9nero, se realizar\u00e1 el lunes 24, a las 15:00 horas en la Plaza de Armas de Puerto Ays\u00e9n y el mi\u00e9rcoles 26 a las 10:00 horas, en la Plaza de Armas de Cochrane, ambas instancia van a convocar a servicios p\u00fablicos y oficinas municipales relacionados con la tem\u00e1tica de la mujer, fortaleciendo y facilitando el acercamiento de la comunidad a la oferta program\u00e1tica existente.<\/p>\n<p style=\"text-align: justify;\">-Dos Escuela de Formaci\u00f3n Social sobre \u201cViolencia de G\u00e9nero desde un enfoque Comunitario\u201d, que se realizaran el martes 25 a las 18:30, en la Sede del Adulto Mayor, R\u00edo Colonia S\/N, Cochrane y en Coyhaique el pr\u00f3ximo jueves 27 a las 18:30 horas, en la Mutual de Seguridad ubicada en calle Eusebio Lillo #20, en Coyhaique.<\/p>\n<p style=\"text-align: justify;\">Nicol\u00e1s Hurtado, Director Nacional de la Divisi\u00f3n de Organizaciones Sociales (DOS), se\u00f1al\u00f3: \u201c\u00bbLa Divisi\u00f3n de Organizaciones Sociales del gobierno del Presidente Gabriel Boric ha tenido un trabajo en todo el pa\u00eds, abordando materias de alto inter\u00e9s para la ciudadan\u00eda. En esta ocasi\u00f3n, llegamos a la Regi\u00f3n de Ays\u00e9n con capacitaciones y di\u00e1logos sobre esta importante pol\u00edtica p\u00fablica, esto bajo nuestro compromiso con la erradicaci\u00f3n de toda forma de violencia de g\u00e9nero y la promoci\u00f3n de espacios seguros e informados para todas las mujeres del pa\u00eds. As\u00ed tambi\u00e9n, con la entrega de herramientas \u00fatiles para las dirigencias y sus organizaciones que les permita derivar y actuar ante este tipo de situaciones de violencia en sus comunidades.\u00bb<\/p>\n<p style=\"text-align: justify;\">La DOS, dependiente de la Secretar\u00eda General de Gobierno (Segegob), reitera su compromiso con la erradicaci\u00f3n de la violencia de g\u00e9nero y la promoci\u00f3n de espacios seguros e informados para todas las mujeres del pa\u00eds. La instituci\u00f3n hace un llamado a la comunidad a sumarse a estas iniciativas y a denunciar cualquier acto de violencia, reafirmando que la lucha contra esta problem\u00e1tica es una tarea que requiere la colaboraci\u00f3n de toda la sociedad.<\/p>\n<\/div><\/section><\/div><div  style='height:50px' class='hr hr-invisible   avia-builder-el-6  el_after_av_one_full  el_before_av_social_share '><span class='hr-inner ' ><span class='hr-inner-style'><\/span><\/span><\/div><\/p>\n<div  class='av-social-sharing-box  avia-builder-el-7  el_after_av_hr  el_before_av_hr  '><div class='av-share-box'><h5 class='av-share-link-description av-no-toc '>Compartir esta noticia<\/h5><ul class='av-share-box-list noLightbox'><li class='av-share-link av-social-link-facebook' ><a target=\"_blank\" aria-label=\"Compartir en Facebook\" href='https:\/\/www.facebook.com\/sharer.php?u=https:\/\/radiorevelacionfm.cl\/?p=61681&#038;t=La%20DOS%20inicia%20Gira%20Territorial%20en%20Ays%C3%A9n%20por%20el%20D%C3%ADa%20de%20la%20No%20Violencia%20contra%20las%20Mujeres' aria-hidden='false' data-av_icon='\ue8f3' data-av_iconfont='entypo-fontello' title='' data-avia-related-tooltip='Compartir en Facebook' rel=\"noopener\"><span class='avia_hidden_link_text'>Compartir en Facebook<\/span><\/a><\/li><li class='av-share-link av-social-link-twitter' ><a target=\"_blank\" aria-label=\"Compartir en Twitter\" href='https:\/\/twitter.com\/share?text=La%20DOS%20inicia%20Gira%20Territorial%20en%20Ays%C3%A9n%20por%20el%20D%C3%ADa%20de%20la%20No%20Violencia%20contra%20las%20Mujeres&#038;url=https:\/\/radiorevelacionfm.cl\/?p=61681' aria-hidden='false' data-av_icon='\ue8f1' data-av_iconfont='entypo-fontello' title='' data-avia-related-tooltip='Compartir en Twitter' rel=\"noopener\"><span class='avia_hidden_link_text'>Compartir en Twitter<\/span><\/a><\/li><li class='av-share-link av-social-link-whatsapp' ><a target=\"_blank\" aria-label=\"Compartir en Whatsapp\" href='https:\/\/api.whatsapp.com\/send?text=https:\/\/radiorevelacionfm.cl\/?p=61681' aria-hidden='false' data-av_icon='\uf232' data-av_iconfont='entypo-fontello' title='' data-avia-related-tooltip='Compartir en Whatsapp' rel=\"noopener\"><span class='avia_hidden_link_text'>Compartir en Whatsapp<\/span><\/a><\/li><li class='av-share-link av-social-link-linkedin' ><a target=\"_blank\" aria-label=\"Compartir en LinkedIn\" href='https:\/\/linkedin.com\/shareArticle?mini=true&#038;title=La%20DOS%20inicia%20Gira%20Territorial%20en%20Ays%C3%A9n%20por%20el%20D%C3%ADa%20de%20la%20No%20Violencia%20contra%20las%20Mujeres&#038;url=https:\/\/radiorevelacionfm.cl\/?p=61681' aria-hidden='false' data-av_icon='\ue8fc' data-av_iconfont='entypo-fontello' title='' data-avia-related-tooltip='Compartir en LinkedIn' rel=\"noopener\"><span class='avia_hidden_link_text'>Compartir en LinkedIn<\/span><\/a><\/li><li class='av-share-link av-social-link-mail' ><a  aria-label=\"Compartir por correo\" href='mailto:?subject=La%20DOS%20inicia%20Gira%20Territorial%20en%20Ays%C3%A9n%20por%20el%20D%C3%ADa%20de%20la%20No%20Violencia%20contra%20las%20Mujeres&#038;body=https:\/\/radiorevelacionfm.cl\/?p=61681' aria-hidden='false' data-av_icon='\ue805' data-av_iconfont='entypo-fontello' title='' data-avia-related-tooltip='Compartir por correo'><span class='avia_hidden_link_text'>Compartir por correo<\/span><\/a><\/li><\/ul><\/div><\/div>\n<div  style='height:50px' class='hr hr-invisible   avia-builder-el-8  el_after_av_social_share  el_before_av_comments_list '><span class='hr-inner ' ><span class='hr-inner-style'><\/span><\/span><\/div>\n<div  class='av-buildercomment  av-blog-meta-html-info-disabled av-blog-meta-tag-disabled  '><\/div>\n","protected":false},"excerpt":{"rendered":"","protected":false},"author":1,"featured_media":61682,"comment_status":"closed","ping_status":"closed","sticky":false,"template":"","format":"standard","meta":{"footnotes":""},"categories":[38],"tags":[],"class_list":["post-61681","post","type-post","status-publish","format-standard","has-post-thumbnail","hentry","category-regional"],"jetpack_featured_media_url":"https:\/\/radiorevelacionfm.cl\/wp-content\/uploads\/2025\/11\/Escuela-Formacion-Social_Cochranearchivo-1-1.jpg","_links":{"self":[{"href":"https:\/\/radiorevelacionfm.cl\/index.php?rest_route=\/wp\/v2\/posts\/61681","targetHints":{"allow":["GET"]}}],"collection":[{"href":"https:\/\/radiorevelacionfm.cl\/index.php?rest_route=\/wp\/v2\/posts"}],"about":[{"href":"https:\/\/radiorevelacionfm.cl\/index.php?rest_route=\/wp\/v2\/types\/post"}],"author":[{"embeddable":true,"href":"https:\/\/radiorevelacionfm.cl\/index.php?rest_route=\/wp\/v2\/users\/1"}],"replies":[{"embeddable":true,"href":"https:\/\/radiorevelacionfm.cl\/index.php?rest_route=%2Fwp%2Fv2%2Fcomments&post=61681"}],"version-history":[{"count":2,"href":"https:\/\/radiorevelacionfm.cl\/index.php?rest_route=\/wp\/v2\/posts\/61681\/revisions"}],"predecessor-version":[{"id":61686,"href":"https:\/\/radiorevelacionfm.cl\/index.php?rest_route=\/wp\/v2\/posts\/61681\/revisions\/61686"}],"wp:featuredmedia":[{"embeddable":true,"href":"https:\/\/radiorevelacionfm.cl\/index.php?rest_route=\/wp\/v2\/media\/61682"}],"wp:attachment":[{"href":"https:\/\/radiorevelacionfm.cl\/index.php?rest_route=%2Fwp%2Fv2%2Fmedia&parent=61681"}],"wp:term":[{"taxonomy":"category","embeddable":true,"href":"https:\/\/radiorevelacionfm.cl\/index.php?rest_route=%2Fwp%2Fv2%2Fcategories&post=61681"},{"taxonomy":"post_tag","embeddable":true,"href":"https:\/\/radiorevelacionfm.cl\/index.php?rest_route=%2Fwp%2Fv2%2Ftags&post=61681"}],"curies":[{"name":"wp","href":"https:\/\/api.w.org\/{rel}","templated":true}]}}