{"id":6168,"date":"2021-07-11T22:13:25","date_gmt":"2021-07-12T01:13:25","guid":{"rendered":"https:\/\/radiorevelacionfm.cl\/?p=6168"},"modified":"2021-07-11T22:27:46","modified_gmt":"2021-07-12T01:27:46","slug":"carabinero-del-o-s-7-junto-a-civiles-rescatan-a-adulto-mayor-desde-inmueble-en-llamas-en-coyhaique","status":"publish","type":"post","link":"https:\/\/radiorevelacionfm.cl\/?p=6168","title":{"rendered":"Carabinero del O.S.7 junto a civiles rescatan a adulto mayor desde inmueble en llamas en Coyhaique"},"content":{"rendered":"<div class=\"flex_column av_one_full  flex_column_div av-zero-column-padding first  avia-builder-el-0  el_before_av_one_full  avia-builder-el-first  \" style='border-radius:0px; '><div  class='avia-image-container  av-styling-    avia-builder-el-1  avia-builder-el-no-sibling  avia-align-center '  itemprop=\"image\" itemscope=\"itemscope\" itemtype=\"https:\/\/schema.org\/ImageObject\"  ><div class='avia-image-container-inner'><div class='avia-image-overlay-wrap'><img decoding=\"async\" class='wp-image-6169 avia-img-lazy-loading-not-6169 avia_image' src=\"https:\/\/radiorevelacionfm.cl\/wp-content\/uploads\/2021\/07\/Incendio-1.jpg\" alt='' title='Incendio (1)' height=\"600\" width=\"964\"  itemprop=\"thumbnailUrl\" srcset=\"https:\/\/radiorevelacionfm.cl\/wp-content\/uploads\/2021\/07\/Incendio-1.jpg 964w, https:\/\/radiorevelacionfm.cl\/wp-content\/uploads\/2021\/07\/Incendio-1-300x187.jpg 300w, https:\/\/radiorevelacionfm.cl\/wp-content\/uploads\/2021\/07\/Incendio-1-768x478.jpg 768w, https:\/\/radiorevelacionfm.cl\/wp-content\/uploads\/2021\/07\/Incendio-1-705x439.jpg 705w, https:\/\/radiorevelacionfm.cl\/wp-content\/uploads\/2021\/07\/Incendio-1-600x373.jpg 600w\" sizes=\"(max-width: 964px) 100vw, 964px\" \/><\/div><\/div><\/div><\/div><div class=\"flex_column av_one_full  flex_column_div av-zero-column-padding first  avia-builder-el-2  el_after_av_one_full  el_before_av_one_full  column-top-margin\" style='border-radius:0px; '><section class=\"av_textblock_section \"  itemscope=\"itemscope\" itemtype=\"https:\/\/schema.org\/BlogPosting\" itemprop=\"blogPost\" ><div class='avia_textblock  '   itemprop=\"text\" ><p style=\"text-align: center;\"><strong><span style=\"font-size: 18pt;\">Carabinero del O.S.7 junto a civiles rescatan a adulto mayor desde inmueble en llamas en Coyhaique<\/span><\/strong><\/p>\n<div id=\"gtx-trans\" style=\"position: absolute; left: -50px; top: 4.31534px;\">\n<div class=\"gtx-trans-icon\"><\/div>\n<\/div>\n<\/div><\/section><\/div><div class=\"flex_column av_one_full  flex_column_div av-zero-column-padding first  avia-builder-el-4  el_after_av_one_full  el_before_av_hr  column-top-margin\" style='border-radius:0px; '><section class=\"av_textblock_section \"  itemscope=\"itemscope\" itemtype=\"https:\/\/schema.org\/BlogPosting\" itemprop=\"blogPost\" ><div class='avia_textblock  '   itemprop=\"text\" ><div>\n<p class=\"v1MsoNormal\" style=\"text-align: justify;\">El dispositivo se encontraba en las inmediaciones, acudiendo en forma inmediata al lugar, logrando ingresar junto a un vecino a la vivienda envuelta en llamas, valeroso acto que permiti\u00f3 salvar con vida al residente.<\/p>\n<p class=\"v1MsoNormal\" style=\"text-align: justify;\">Un heroico y oportuno actuar por parte de Carabineros de la Secci\u00f3n O.S.7 junto a personal del plan cuadrante de seguridad preventiva de dotaci\u00f3n de la Primera Comisar\u00eda de Coyhaique y civiles, permiti\u00f3 rescatar con vida de entre las llamas a un solitario adulto mayor de 71 a\u00f1os de edad, tras un incendio desatado en su domicilio particular.<\/p>\n<p class=\"v1MsoNormal\" style=\"text-align: justify;\">Siendo aproximadamente las 16.45 horas del s\u00e1bado un llamado a la Central de Comunicaciones (Cenco) alert\u00f3 a los equipos de emergencia sobre la ocurrencia de un incendio estructural que afectaba a un inmueble de material ligero ubicado en Av. Almirante Simpson N\u00b0 2047 de esta ciudad.<\/p>\n<p class=\"v1MsoNormal\" style=\"text-align: justify;\">Personal de la Secci\u00f3n O.S.7 de Carabineros Ays\u00e9n que se encontraba a unos 250 metros de la emergencia, se traslad\u00f3 en forma inmediata al lugar.<\/p>\n<p class=\"v1MsoNormal\" style=\"text-align: justify;\">Luego de consultar a viva voz si hab\u00eda o no personas al interior, vecinos confirmaron la presencia de un adulto mayor, ante lo cual al personal no trepid\u00f3 en romper los vidrios utilizando elementos que hab\u00eda en el lugar, para acto seguido en compa\u00f1\u00eda de un civil, ingresar al inmueble envuelto en llamas, logrando encontrar al adulto mayor, siendo rescatado con vida y sacado al exterior en forma inmediata y entregado al Samu que en ese instante arribaba al lugar.<\/p>\n<p class=\"v1MsoNormal\" style=\"text-align: justify;\">El adulto mayor result\u00f3 con lesiones de gravedad producto del fuego y humo, siendo atendido y estabilizado por personal param\u00e9dico y trasladado de urgencia hasta el hospital regional.<\/p>\n<p class=\"v1MsoNormal\" style=\"text-align: justify;\">Hasta el lugar acudi\u00f3 la 1ra., 3ra y 4ta. Compa\u00f1\u00eda de Bomberos, quienes lograron confinar el fuego, evitando su propagaci\u00f3n a inmuebles colindantes, resultando la vivienda con da\u00f1os de consideraci\u00f3n.<\/p>\n<p class=\"v1MsoNormal\" style=\"text-align: justify;\">Los antecedentes del procedimiento fueron remitidos a la Fiscal\u00eda siendo dispuesta la concurrencia de peritos del laboratorio de Criminal\u00edstica de Carabineros (Labocar) con la finalidad de realizar la fijaci\u00f3n del sitio del suceso, levantar muestras de material carbonizado conductores el\u00e9ctricos para ser sometida a an\u00e1lisis qu\u00edmico de laboratorio, con la finalidad de establecer la causa y origen de la emergencia.<\/p>\n<\/div>\n<div style=\"text-align: justify;\"><\/div>\n<\/div><\/section><\/div><div  style='height:50px' class='hr hr-invisible   avia-builder-el-6  el_after_av_one_full  el_before_av_social_share '><span class='hr-inner ' ><span class='hr-inner-style'><\/span><\/span><\/div><\/p>\n<div  class='av-social-sharing-box  avia-builder-el-7  el_after_av_hr  el_before_av_hr  '><div class='av-share-box'><h5 class='av-share-link-description av-no-toc '>Compartir esta noticia<\/h5><ul class='av-share-box-list noLightbox'><li class='av-share-link av-social-link-facebook' ><a target=\"_blank\" aria-label=\"Compartir en Facebook\" href='https:\/\/www.facebook.com\/sharer.php?u=https:\/\/radiorevelacionfm.cl\/?p=6168&#038;t=Carabinero%20del%20O.S.7%20junto%20a%20civiles%20rescatan%20a%20adulto%20mayor%20desde%20inmueble%20en%20llamas%20en%20Coyhaique' aria-hidden='false' data-av_icon='\ue8f3' data-av_iconfont='entypo-fontello' title='' data-avia-related-tooltip='Compartir en Facebook' rel=\"noopener\"><span class='avia_hidden_link_text'>Compartir en Facebook<\/span><\/a><\/li><li class='av-share-link av-social-link-twitter' ><a target=\"_blank\" aria-label=\"Compartir en Twitter\" href='https:\/\/twitter.com\/share?text=Carabinero%20del%20O.S.7%20junto%20a%20civiles%20rescatan%20a%20adulto%20mayor%20desde%20inmueble%20en%20llamas%20en%20Coyhaique&#038;url=https:\/\/radiorevelacionfm.cl\/?p=6168' aria-hidden='false' data-av_icon='\ue8f1' data-av_iconfont='entypo-fontello' title='' data-avia-related-tooltip='Compartir en Twitter' rel=\"noopener\"><span class='avia_hidden_link_text'>Compartir en Twitter<\/span><\/a><\/li><li class='av-share-link av-social-link-whatsapp' ><a target=\"_blank\" aria-label=\"Compartir en Whatsapp\" href='https:\/\/api.whatsapp.com\/send?text=https:\/\/radiorevelacionfm.cl\/?p=6168' aria-hidden='false' data-av_icon='\uf232' data-av_iconfont='entypo-fontello' title='' data-avia-related-tooltip='Compartir en Whatsapp' rel=\"noopener\"><span class='avia_hidden_link_text'>Compartir en Whatsapp<\/span><\/a><\/li><li class='av-share-link av-social-link-linkedin' ><a target=\"_blank\" aria-label=\"Compartir en LinkedIn\" href='https:\/\/linkedin.com\/shareArticle?mini=true&#038;title=Carabinero%20del%20O.S.7%20junto%20a%20civiles%20rescatan%20a%20adulto%20mayor%20desde%20inmueble%20en%20llamas%20en%20Coyhaique&#038;url=https:\/\/radiorevelacionfm.cl\/?p=6168' aria-hidden='false' data-av_icon='\ue8fc' data-av_iconfont='entypo-fontello' title='' data-avia-related-tooltip='Compartir en LinkedIn' rel=\"noopener\"><span class='avia_hidden_link_text'>Compartir en LinkedIn<\/span><\/a><\/li><li class='av-share-link av-social-link-mail' ><a  aria-label=\"Compartir por correo\" href='mailto:?subject=Carabinero%20del%20O.S.7%20junto%20a%20civiles%20rescatan%20a%20adulto%20mayor%20desde%20inmueble%20en%20llamas%20en%20Coyhaique&#038;body=https:\/\/radiorevelacionfm.cl\/?p=6168' aria-hidden='false' data-av_icon='\ue805' data-av_iconfont='entypo-fontello' title='' data-avia-related-tooltip='Compartir por correo'><span class='avia_hidden_link_text'>Compartir por correo<\/span><\/a><\/li><\/ul><\/div><\/div>\n<div  style='height:50px' class='hr hr-invisible   avia-builder-el-8  el_after_av_social_share  el_before_av_comments_list '><span class='hr-inner ' ><span class='hr-inner-style'><\/span><\/span><\/div>\n<div  class='av-buildercomment  av-blog-meta-html-info-disabled av-blog-meta-tag-disabled  '><\/div>\n","protected":false},"excerpt":{"rendered":"","protected":false},"author":1,"featured_media":0,"comment_status":"open","ping_status":"open","sticky":false,"template":"","format":"standard","meta":{"footnotes":""},"categories":[36],"tags":[],"class_list":["post-6168","post","type-post","status-publish","format-standard","hentry","category-policial"],"jetpack_featured_media_url":"","_links":{"self":[{"href":"https:\/\/radiorevelacionfm.cl\/index.php?rest_route=\/wp\/v2\/posts\/6168","targetHints":{"allow":["GET"]}}],"collection":[{"href":"https:\/\/radiorevelacionfm.cl\/index.php?rest_route=\/wp\/v2\/posts"}],"about":[{"href":"https:\/\/radiorevelacionfm.cl\/index.php?rest_route=\/wp\/v2\/types\/post"}],"author":[{"embeddable":true,"href":"https:\/\/radiorevelacionfm.cl\/index.php?rest_route=\/wp\/v2\/users\/1"}],"replies":[{"embeddable":true,"href":"https:\/\/radiorevelacionfm.cl\/index.php?rest_route=%2Fwp%2Fv2%2Fcomments&post=6168"}],"version-history":[{"count":1,"href":"https:\/\/radiorevelacionfm.cl\/index.php?rest_route=\/wp\/v2\/posts\/6168\/revisions"}],"predecessor-version":[{"id":6170,"href":"https:\/\/radiorevelacionfm.cl\/index.php?rest_route=\/wp\/v2\/posts\/6168\/revisions\/6170"}],"wp:attachment":[{"href":"https:\/\/radiorevelacionfm.cl\/index.php?rest_route=%2Fwp%2Fv2%2Fmedia&parent=6168"}],"wp:term":[{"taxonomy":"category","embeddable":true,"href":"https:\/\/radiorevelacionfm.cl\/index.php?rest_route=%2Fwp%2Fv2%2Fcategories&post=6168"},{"taxonomy":"post_tag","embeddable":true,"href":"https:\/\/radiorevelacionfm.cl\/index.php?rest_route=%2Fwp%2Fv2%2Ftags&post=6168"}],"curies":[{"name":"wp","href":"https:\/\/api.w.org\/{rel}","templated":true}]}}