{"id":61678,"date":"2025-11-22T21:58:30","date_gmt":"2025-11-23T00:58:30","guid":{"rendered":"https:\/\/radiorevelacionfm.cl\/?p=61678"},"modified":"2025-11-22T21:58:30","modified_gmt":"2025-11-23T00:58:30","slug":"chile-sustentable-expone-en-la-cop30-de-brasil-las-deudas-de-la-transicion-justa-en-chile","status":"publish","type":"post","link":"https:\/\/radiorevelacionfm.cl\/?p=61678","title":{"rendered":"Chile Sustentable expone en la COP30 de Brasil las deudas de la \u201ctransici\u00f3n justa\u201d en Chile"},"content":{"rendered":"<div class=\"flex_column av_one_full  flex_column_div av-zero-column-padding first  avia-builder-el-0  el_before_av_one_full  avia-builder-el-first  \" style='border-radius:0px; '><div  class='avia-image-container  av-styling-    avia-builder-el-1  avia-builder-el-no-sibling  avia-align-center '  itemprop=\"image\" itemscope=\"itemscope\" itemtype=\"https:\/\/schema.org\/ImageObject\"  ><div class='avia-image-container-inner'><div class='avia-image-overlay-wrap'><img decoding=\"async\" class='wp-image-61679 avia-img-lazy-loading-not-61679 avia_image' src=\"https:\/\/radiorevelacionfm.cl\/wp-content\/uploads\/2025\/11\/Chile-Sustentable-en-COP30-1-1.jpg\" alt='' title='Chile Sustentable en COP30 (1) (1)' height=\"642\" width=\"801\"  itemprop=\"thumbnailUrl\" srcset=\"https:\/\/radiorevelacionfm.cl\/wp-content\/uploads\/2025\/11\/Chile-Sustentable-en-COP30-1-1.jpg 801w, https:\/\/radiorevelacionfm.cl\/wp-content\/uploads\/2025\/11\/Chile-Sustentable-en-COP30-1-1-300x240.jpg 300w, https:\/\/radiorevelacionfm.cl\/wp-content\/uploads\/2025\/11\/Chile-Sustentable-en-COP30-1-1-768x616.jpg 768w, https:\/\/radiorevelacionfm.cl\/wp-content\/uploads\/2025\/11\/Chile-Sustentable-en-COP30-1-1-705x565.jpg 705w, https:\/\/radiorevelacionfm.cl\/wp-content\/uploads\/2025\/11\/Chile-Sustentable-en-COP30-1-1-450x361.jpg 450w, https:\/\/radiorevelacionfm.cl\/wp-content\/uploads\/2025\/11\/Chile-Sustentable-en-COP30-1-1-600x481.jpg 600w\" sizes=\"(max-width: 801px) 100vw, 801px\" \/><\/div><\/div><\/div><\/div><div class=\"flex_column av_one_full  flex_column_div av-zero-column-padding first  avia-builder-el-2  el_after_av_one_full  el_before_av_one_full  column-top-margin\" style='border-radius:0px; '><section class=\"av_textblock_section \"  itemscope=\"itemscope\" itemtype=\"https:\/\/schema.org\/BlogPosting\" itemprop=\"blogPost\" ><div class='avia_textblock  '   itemprop=\"text\" ><p style=\"text-align: center;\"><span style=\"font-size: 18pt;\"><b><span lang=\"ES-TRAD\">Chile Sustentable expone en la COP30 de Brasil las deudas de la \u201ctransici\u00f3n justa\u201d en Chile<\/span><\/b><\/span><\/p>\n<div id=\"gtx-trans\" style=\"position: absolute; left: -50px; top: 4.31534px;\">\n<div class=\"gtx-trans-icon\"><\/div>\n<\/div>\n<\/div><\/section><\/div><div class=\"flex_column av_one_full  flex_column_div av-zero-column-padding first  avia-builder-el-4  el_after_av_one_full  el_before_av_hr  column-top-margin\" style='border-radius:0px; '><section class=\"av_textblock_section \"  itemscope=\"itemscope\" itemtype=\"https:\/\/schema.org\/BlogPosting\" itemprop=\"blogPost\" ><div class='avia_textblock  '   itemprop=\"text\" ><ul>\n<li style=\"font-weight: 400; text-align: justify;\"><em>El encargado del Programa de Transici\u00f3n Energ\u00e9tica Justa y Descarbonizaci\u00f3n de la organizaci\u00f3n, Gonzalo Melej, apunt\u00f3 a la falta de remediaci\u00f3n ambiental y\u00a0social, problemas de gobernanza y ausencia de planificaci\u00f3n territorial.<\/em><\/li>\n<li style=\"font-weight: 400; text-align: justify;\"><em>En paralelo, destac\u00f3 el respaldo de Chile a la Declaraci\u00f3n sobre la Integridad de la Informaci\u00f3n sobre Cambio Clim\u00e1tico, firmada hace pocos d\u00edas en la Cumbre Clim\u00e1tica.<\/em><\/li>\n<\/ul>\n<p style=\"font-weight: 400; text-align: justify;\">Una deuda de la transici\u00f3n justa: la remediaci\u00f3n social y ambiental.<\/p>\n<p style=\"font-weight: 400; text-align: justify;\">Tal fue la conclusi\u00f3n que el\u00a0<strong>coordinador del Programa de Transici\u00f3n Energ\u00e9tica Justa y Descarbonizaci\u00f3n de Chile Sustentable, Gonzalo Melej,<\/strong> aport\u00f3 este martes en el pabell\u00f3n de Colombia de la COP30, que se desarrolla en Bel\u00e9m do Par\u00e1, Brasil. El profesional particip\u00f3 como panelista del conversatorio \u201c<strong>De los compromisos a la acci\u00f3n: monitoreando la transici\u00f3n justa y la salida justa de los combustibles f\u00f3siles en Am\u00e9rica Latina<\/strong>\u201d, al que convocara Transforma de Colombia, el centro IDEA y Chile Sustentable.<\/p>\n<p style=\"font-weight: 400; text-align: justify;\">En su exposici\u00f3n, Melej explic\u00f3 que en Chile \u201c<em>la transici\u00f3n est\u00e1 sucediendo con un ingreso acelerado de renovables, lo que ha habilitado el cierre de once termoel\u00e9ctricas a carb\u00f3n, sin embargo se visualiza falta de remediaci\u00f3n ambiental y social, deficientes mecanismos de gobernanza y ausencia de planificaci\u00f3n territorial<\/em>\u201d. Esto conlleva que \u201c<em>la transici\u00f3n no se est\u00e1 haciendo cargo de los impactos hist\u00f3ricos que dej\u00f3 la industria f\u00f3sil, reproduciendo desigualdades estructurales<\/em>\u201d.<\/p>\n<p style=\"font-weight: 400; text-align: justify;\">Participaron tambi\u00e9n en el panel\u00a0<strong>Caio Vieira<\/strong>,\u00a0<strong>especialista en Pol\u00edticas Clim\u00e1ticas del Instituto Talanoa de Brasil,<\/strong>\u00a0y\u00a0<strong>Giovanni Pab\u00f3n, director de Energ\u00eda de Transforma de Colombia<\/strong>.\u00a0\u00a0Moder\u00f3\u00a0<strong>Diana Barba, coordinadora t\u00e9cnica del \u00e1rea de Diplomacia Energ\u00e9tica de Transforma<\/strong>.<\/p>\n<p style=\"font-weight: 400; text-align: justify;\">Durante la jornada se lanz\u00f3 la herramienta \u201c<a href=\"https:\/\/asivalaenergia.transforma.global\/acerca-de-nosotros\/\" data-saferedirecturl=\"https:\/\/www.google.com\/url?q=https:\/\/asivalaenergia.transforma.global\/acerca-de-nosotros\/&amp;source=gmail&amp;ust=1763835147654000&amp;usg=AOvVaw2gLhDQZ9dk36pInzQDi67r\">As\u00ed va la energ\u00eda en Am\u00e9rica Latina<\/a>\u201d, una plataforma orientada a monitorear el avance de la transici\u00f3n energ\u00e9tica en la regi\u00f3n, alineada con las metas globales del Acuerdo de Par\u00eds (GST). \u00c9sta proporciona datos actualizados sobre energ\u00edas renovables, eficiencia energ\u00e9tica y subsidios a combustibles f\u00f3siles, entre otros, permitiendo medir el progreso hacia objetivos como triplicar las renovables y duplicar la eficiencia energ\u00e9tica para el 2030.<\/p>\n<p style=\"font-weight: 400; text-align: justify;\">Un aspecto clave del conversatorio fue la necesidad de monitorear las transiciones energ\u00e9ticas justas al interior de los pa\u00edses y a nivel global, donde el rol de la informaci\u00f3n es fundamental.<\/p>\n<p style=\"font-weight: 400; text-align: justify;\">\u201c<em>Es en este contexto que es positivo el respaldo de Chile a la Declaraci\u00f3n sobre la Integridad de la Informaci\u00f3n sobre Cambio Clim\u00e1tico, recientemente firmada. Es un paso relevante en un contexto en que aumenta la desinformaci\u00f3n y se intensifican las presiones por retroceder en la regulaci\u00f3n ambiental<\/em>\u201d puntualiz\u00f3 Melej.<\/p>\n<p style=\"font-weight: 400; text-align: justify;\">Chile Sustentable ha desarrollado una serie de estudios relacionados con la transici\u00f3n energ\u00e9tica en Chile, publicados en los documentos \u201c<a href=\"https:\/\/chilesustentable.net\/publicacion\/resumen-informe-final-sobre-danos-en-salud-asociados-a-la-exposicion-a-centrales-termoelectricas-a-carbon-en-la-zona-norte-de-chile-2006-2023\/\" data-saferedirecturl=\"https:\/\/www.google.com\/url?q=https:\/\/chilesustentable.net\/publicacion\/resumen-informe-final-sobre-danos-en-salud-asociados-a-la-exposicion-a-centrales-termoelectricas-a-carbon-en-la-zona-norte-de-chile-2006-2023\/&amp;source=gmail&amp;ust=1763835147655000&amp;usg=AOvVaw2kk0zEasFf_Ly_3Cmqe66d\"><strong>Da\u00f1os en Salud Asociados a la Exposici\u00f3n a Centrales Termoel\u00e9ctricas a Carb\u00f3n en la Zona Norte de Chile (2006-2023)<\/strong><\/a>\u201d; \u201c<strong>Transici\u00f3n Energ\u00e9tica Injusta en Tocopilla: Desaf\u00edos para Implementar una Transici\u00f3n Socioecol\u00f3gica Justa<\/strong>\u201d; y \u201c<a href=\"https:\/\/chilesustentable.net\/publicacion\/descarbonizacion-en-chile-como-vamos-informe-sobre-las-empresas-y-termoelectricas-que-ya-cerraron-las-que-presentaron-compromisos-y-las-rezagadas\/\" data-saferedirecturl=\"https:\/\/www.google.com\/url?q=https:\/\/chilesustentable.net\/publicacion\/descarbonizacion-en-chile-como-vamos-informe-sobre-las-empresas-y-termoelectricas-que-ya-cerraron-las-que-presentaron-compromisos-y-las-rezagadas\/&amp;source=gmail&amp;ust=1763835147655000&amp;usg=AOvVaw1SxsJNI5gVhvFvX4oTy1ER\"><strong>Retiro del carb\u00f3n al 2030. Avances y tareas pendientes en el cronograma de descarbonizaci\u00f3n en Chile<\/strong><\/a>\u201d.<\/p>\n<\/div><\/section><\/div><div  style='height:50px' class='hr hr-invisible   avia-builder-el-6  el_after_av_one_full  el_before_av_social_share '><span class='hr-inner ' ><span class='hr-inner-style'><\/span><\/span><\/div><\/p>\n<div  class='av-social-sharing-box  avia-builder-el-7  el_after_av_hr  el_before_av_hr  '><div class='av-share-box'><h5 class='av-share-link-description av-no-toc '>Compartir esta noticia<\/h5><ul class='av-share-box-list noLightbox'><li class='av-share-link av-social-link-facebook' ><a target=\"_blank\" aria-label=\"Compartir en Facebook\" href='https:\/\/www.facebook.com\/sharer.php?u=https:\/\/radiorevelacionfm.cl\/?p=61678&#038;t=Chile%20Sustentable%20expone%20en%20la%20COP30%20de%20Brasil%20las%20deudas%20de%20la%20%E2%80%9Ctransici%C3%B3n%20justa%E2%80%9D%20en%20Chile' aria-hidden='false' data-av_icon='\ue8f3' data-av_iconfont='entypo-fontello' title='' data-avia-related-tooltip='Compartir en Facebook' rel=\"noopener\"><span class='avia_hidden_link_text'>Compartir en Facebook<\/span><\/a><\/li><li class='av-share-link av-social-link-twitter' ><a target=\"_blank\" aria-label=\"Compartir en Twitter\" href='https:\/\/twitter.com\/share?text=Chile%20Sustentable%20expone%20en%20la%20COP30%20de%20Brasil%20las%20deudas%20de%20la%20%E2%80%9Ctransici%C3%B3n%20justa%E2%80%9D%20en%20Chile&#038;url=https:\/\/radiorevelacionfm.cl\/?p=61678' aria-hidden='false' data-av_icon='\ue8f1' data-av_iconfont='entypo-fontello' title='' data-avia-related-tooltip='Compartir en Twitter' rel=\"noopener\"><span class='avia_hidden_link_text'>Compartir en Twitter<\/span><\/a><\/li><li class='av-share-link av-social-link-whatsapp' ><a target=\"_blank\" aria-label=\"Compartir en Whatsapp\" href='https:\/\/api.whatsapp.com\/send?text=https:\/\/radiorevelacionfm.cl\/?p=61678' aria-hidden='false' data-av_icon='\uf232' data-av_iconfont='entypo-fontello' title='' data-avia-related-tooltip='Compartir en Whatsapp' rel=\"noopener\"><span class='avia_hidden_link_text'>Compartir en Whatsapp<\/span><\/a><\/li><li class='av-share-link av-social-link-linkedin' ><a target=\"_blank\" aria-label=\"Compartir en LinkedIn\" href='https:\/\/linkedin.com\/shareArticle?mini=true&#038;title=Chile%20Sustentable%20expone%20en%20la%20COP30%20de%20Brasil%20las%20deudas%20de%20la%20%E2%80%9Ctransici%C3%B3n%20justa%E2%80%9D%20en%20Chile&#038;url=https:\/\/radiorevelacionfm.cl\/?p=61678' aria-hidden='false' data-av_icon='\ue8fc' data-av_iconfont='entypo-fontello' title='' data-avia-related-tooltip='Compartir en LinkedIn' rel=\"noopener\"><span class='avia_hidden_link_text'>Compartir en LinkedIn<\/span><\/a><\/li><li class='av-share-link av-social-link-mail' ><a  aria-label=\"Compartir por correo\" href='mailto:?subject=Chile%20Sustentable%20expone%20en%20la%20COP30%20de%20Brasil%20las%20deudas%20de%20la%20%E2%80%9Ctransici%C3%B3n%20justa%E2%80%9D%20en%20Chile&#038;body=https:\/\/radiorevelacionfm.cl\/?p=61678' aria-hidden='false' data-av_icon='\ue805' data-av_iconfont='entypo-fontello' title='' data-avia-related-tooltip='Compartir por correo'><span class='avia_hidden_link_text'>Compartir por correo<\/span><\/a><\/li><\/ul><\/div><\/div>\n<div  style='height:50px' class='hr hr-invisible   avia-builder-el-8  el_after_av_social_share  el_before_av_comments_list '><span class='hr-inner ' ><span class='hr-inner-style'><\/span><\/span><\/div>\n<div  class='av-buildercomment  av-blog-meta-html-info-disabled av-blog-meta-tag-disabled  '><\/div>\n","protected":false},"excerpt":{"rendered":"","protected":false},"author":1,"featured_media":61679,"comment_status":"closed","ping_status":"closed","sticky":false,"template":"","format":"standard","meta":{"footnotes":""},"categories":[39],"tags":[],"class_list":["post-61678","post","type-post","status-publish","format-standard","has-post-thumbnail","hentry","category-medio-ambiente"],"jetpack_featured_media_url":"https:\/\/radiorevelacionfm.cl\/wp-content\/uploads\/2025\/11\/Chile-Sustentable-en-COP30-1-1.jpg","_links":{"self":[{"href":"https:\/\/radiorevelacionfm.cl\/index.php?rest_route=\/wp\/v2\/posts\/61678","targetHints":{"allow":["GET"]}}],"collection":[{"href":"https:\/\/radiorevelacionfm.cl\/index.php?rest_route=\/wp\/v2\/posts"}],"about":[{"href":"https:\/\/radiorevelacionfm.cl\/index.php?rest_route=\/wp\/v2\/types\/post"}],"author":[{"embeddable":true,"href":"https:\/\/radiorevelacionfm.cl\/index.php?rest_route=\/wp\/v2\/users\/1"}],"replies":[{"embeddable":true,"href":"https:\/\/radiorevelacionfm.cl\/index.php?rest_route=%2Fwp%2Fv2%2Fcomments&post=61678"}],"version-history":[{"count":2,"href":"https:\/\/radiorevelacionfm.cl\/index.php?rest_route=\/wp\/v2\/posts\/61678\/revisions"}],"predecessor-version":[{"id":61705,"href":"https:\/\/radiorevelacionfm.cl\/index.php?rest_route=\/wp\/v2\/posts\/61678\/revisions\/61705"}],"wp:featuredmedia":[{"embeddable":true,"href":"https:\/\/radiorevelacionfm.cl\/index.php?rest_route=\/wp\/v2\/media\/61679"}],"wp:attachment":[{"href":"https:\/\/radiorevelacionfm.cl\/index.php?rest_route=%2Fwp%2Fv2%2Fmedia&parent=61678"}],"wp:term":[{"taxonomy":"category","embeddable":true,"href":"https:\/\/radiorevelacionfm.cl\/index.php?rest_route=%2Fwp%2Fv2%2Fcategories&post=61678"},{"taxonomy":"post_tag","embeddable":true,"href":"https:\/\/radiorevelacionfm.cl\/index.php?rest_route=%2Fwp%2Fv2%2Ftags&post=61678"}],"curies":[{"name":"wp","href":"https:\/\/api.w.org\/{rel}","templated":true}]}}