{"id":61670,"date":"2025-11-21T15:36:10","date_gmt":"2025-11-21T18:36:10","guid":{"rendered":"https:\/\/radiorevelacionfm.cl\/?p=61670"},"modified":"2025-11-21T15:36:10","modified_gmt":"2025-11-21T18:36:10","slug":"diputada-raphael-emplazo-al-gobierno-a-revertir-recortes-que-afectan-a-aysen-en-presupuesto-2026","status":"publish","type":"post","link":"https:\/\/radiorevelacionfm.cl\/?p=61670","title":{"rendered":"Diputada Raphael emplaz\u00f3 al gobierno a revertir recortes que afectan a Ays\u00e9n en Presupuesto 2026"},"content":{"rendered":"<div class=\"flex_column av_one_full  flex_column_div av-zero-column-padding first  avia-builder-el-0  el_before_av_one_full  avia-builder-el-first  \" style='border-radius:0px; '><div  class='avia-image-container  av-styling-    avia-builder-el-1  avia-builder-el-no-sibling  avia-align-center '  itemprop=\"image\" itemscope=\"itemscope\" itemtype=\"https:\/\/schema.org\/ImageObject\"  ><div class='avia-image-container-inner'><div class='avia-image-overlay-wrap'><img decoding=\"async\" class='wp-image-53386 avia-img-lazy-loading-not-53386 avia_image' src=\"https:\/\/radiorevelacionfm.cl\/wp-content\/uploads\/2025\/04\/diputada-m-raphael-1_optimized.jpeg\" alt='' title='diputada-m-raphael-(1)_optimized' height=\"600\" width=\"901\"  itemprop=\"thumbnailUrl\" srcset=\"https:\/\/radiorevelacionfm.cl\/wp-content\/uploads\/2025\/04\/diputada-m-raphael-1_optimized.jpeg 901w, https:\/\/radiorevelacionfm.cl\/wp-content\/uploads\/2025\/04\/diputada-m-raphael-1_optimized-300x200.jpeg 300w, https:\/\/radiorevelacionfm.cl\/wp-content\/uploads\/2025\/04\/diputada-m-raphael-1_optimized-768x511.jpeg 768w, https:\/\/radiorevelacionfm.cl\/wp-content\/uploads\/2025\/04\/diputada-m-raphael-1_optimized-705x469.jpeg 705w, https:\/\/radiorevelacionfm.cl\/wp-content\/uploads\/2025\/04\/diputada-m-raphael-1_optimized-450x300.jpeg 450w, https:\/\/radiorevelacionfm.cl\/wp-content\/uploads\/2025\/04\/diputada-m-raphael-1_optimized-600x400.jpeg 600w\" sizes=\"(max-width: 901px) 100vw, 901px\" \/><\/div><\/div><\/div><\/div><div class=\"flex_column av_one_full  flex_column_div av-zero-column-padding first  avia-builder-el-2  el_after_av_one_full  el_before_av_one_full  column-top-margin\" style='border-radius:0px; '><section class=\"av_textblock_section \"  itemscope=\"itemscope\" itemtype=\"https:\/\/schema.org\/BlogPosting\" itemprop=\"blogPost\" ><div class='avia_textblock  '   itemprop=\"text\" ><p style=\"text-align: center;\"><strong><span style=\"font-size: 18pt;\">Diputada Raphael emplaz\u00f3 al gobierno a revertir recortes que afectan a Ays\u00e9n en Presupuesto 2026<\/span><\/strong><\/p>\n<div id=\"gtx-trans\" style=\"position: absolute; left: -50px; top: 4.31534px;\">\n<div class=\"gtx-trans-icon\"><\/div>\n<\/div>\n<\/div><\/section><\/div><div class=\"flex_column av_one_full  flex_column_div av-zero-column-padding first  avia-builder-el-4  el_after_av_one_full  el_before_av_hr  column-top-margin\" style='border-radius:0px; '><section class=\"av_textblock_section \"  itemscope=\"itemscope\" itemtype=\"https:\/\/schema.org\/BlogPosting\" itemprop=\"blogPost\" ><div class='avia_textblock  '   itemprop=\"text\" ><p style=\"text-align: justify;\" align=\"justify\"><i>Con un total de 14 partidas rechazadas, entre las que se cuentan Educaci\u00f3n, Salud, Seguridad P\u00fablica, Energ\u00eda y Medio Ambiente, el proyecto pasa ahora a la revisi\u00f3n del Senado.<\/i><i><\/i><\/p>\n<p style=\"text-align: justify;\" align=\"justify\">Esta semana la C\u00e1mara de Diputados discuti\u00f3 la propuesta de presupuesto 2026 del gobierno del presidente Boric. Tras concluir dicha instancia que continuar\u00e1 en la c\u00e1mara alta, la diputada\u00a0por Ays\u00e9n,\u00a0Marcia Raphael Mora (RN)\u00a0rechaz\u00f3 varias de las partidas por no tener reflejados compromisos con la regi\u00f3n en materia de educaci\u00f3n, salud y vivienda.<\/p>\n<p style=\"text-align: justify;\" align=\"justify\">Tras la jornada, la diputada, Marcia\u00a0Raphael\u00a0detall\u00f3 que \u201cen la partida de educaci\u00f3n no se est\u00e1n garantizando los recursos para asegurar las\u00a0becas Patagonia y Ays\u00e9n,\u00a0que se hab\u00edan comprometido a integrar a fin de no volver a tener el problema que actualmente incluso a afectado a 188 estudiantes que a fin de a\u00f1o no la han recibido. Adem\u00e1s, hay una\u00a0disminuci\u00f3n de fondos para\u00a0Liceos Bicentenarios\u00a0que al contrario deben fortalecerse m\u00e1s en un escenario en que la regi\u00f3n tendr\u00e1 nuevos establecimientos bicentenario,\u00a0y\u00a0tambi\u00e9n no est\u00e1n los\u00a0aumentos para el programa de\u00a0Tutoras. Otro aspecto que anteriormente advertimos son los recortes que afectar\u00e1n al Servicio Local de Educaci\u00f3n (SLEP)\u201d.<\/p>\n<p style=\"text-align: justify;\" align=\"justify\">En\u00a0tanto, tambi\u00e9n la representante de Ays\u00e9n, rechazo partidas del sector\u00a0salud, infraestructura\u00a0y vivienda\u00a0agregando que \u201chemos revisado recortes considerables en estas \u00e1reas, y por ende, tambi\u00e9n la afectaci\u00f3n a pol\u00edticas destinadas en nuestra regi\u00f3n como los subsidios en materia de vivienda, compromisos en materia de especialidades de salud e infraestructura que no se pueden postergar y estos recursos son importantes, sobre todo para que el pr\u00f3ximo gobierno pueda concretar estos y los compromisos propios que asumir\u00e1n\u201d.<\/p>\n<p style=\"text-align: justify;\" align=\"justify\">Con el presupuesto ahora en\u00a0el Senado,\u00a0Marcia\u00a0Raphael,\u00a0emplaz\u00f3 al Ejecutivo a\u00a0<span style=\"font-family: Verdana;\">\u201c<\/span>corregir el rumbo y escuchar a las regiones extremas<span style=\"font-family: Verdana;\">\u201d<\/span>, adelantando que insistir\u00e1 en reponer los recursos que considera esenciales para Ays\u00e9n.<\/p>\n<\/div><\/section><\/div><div  style='height:50px' class='hr hr-invisible   avia-builder-el-6  el_after_av_one_full  el_before_av_social_share '><span class='hr-inner ' ><span class='hr-inner-style'><\/span><\/span><\/div><\/p>\n<div  class='av-social-sharing-box  avia-builder-el-7  el_after_av_hr  el_before_av_hr  '><div class='av-share-box'><h5 class='av-share-link-description av-no-toc '>Compartir esta noticia<\/h5><ul class='av-share-box-list noLightbox'><li class='av-share-link av-social-link-facebook' ><a target=\"_blank\" aria-label=\"Compartir en Facebook\" href='https:\/\/www.facebook.com\/sharer.php?u=https:\/\/radiorevelacionfm.cl\/?p=61670&#038;t=Diputada%20Raphael%20emplaz%C3%B3%20al%20gobierno%20a%20revertir%20recortes%20que%20afectan%20a%20Ays%C3%A9n%20en%20Presupuesto%202026' aria-hidden='false' data-av_icon='\ue8f3' data-av_iconfont='entypo-fontello' title='' data-avia-related-tooltip='Compartir en Facebook' rel=\"noopener\"><span class='avia_hidden_link_text'>Compartir en Facebook<\/span><\/a><\/li><li class='av-share-link av-social-link-twitter' ><a target=\"_blank\" aria-label=\"Compartir en Twitter\" href='https:\/\/twitter.com\/share?text=Diputada%20Raphael%20emplaz%C3%B3%20al%20gobierno%20a%20revertir%20recortes%20que%20afectan%20a%20Ays%C3%A9n%20en%20Presupuesto%202026&#038;url=https:\/\/radiorevelacionfm.cl\/?p=61670' aria-hidden='false' data-av_icon='\ue8f1' data-av_iconfont='entypo-fontello' title='' data-avia-related-tooltip='Compartir en Twitter' rel=\"noopener\"><span class='avia_hidden_link_text'>Compartir en Twitter<\/span><\/a><\/li><li class='av-share-link av-social-link-whatsapp' ><a target=\"_blank\" aria-label=\"Compartir en Whatsapp\" href='https:\/\/api.whatsapp.com\/send?text=https:\/\/radiorevelacionfm.cl\/?p=61670' aria-hidden='false' data-av_icon='\uf232' data-av_iconfont='entypo-fontello' title='' data-avia-related-tooltip='Compartir en Whatsapp' rel=\"noopener\"><span class='avia_hidden_link_text'>Compartir en Whatsapp<\/span><\/a><\/li><li class='av-share-link av-social-link-linkedin' ><a target=\"_blank\" aria-label=\"Compartir en LinkedIn\" href='https:\/\/linkedin.com\/shareArticle?mini=true&#038;title=Diputada%20Raphael%20emplaz%C3%B3%20al%20gobierno%20a%20revertir%20recortes%20que%20afectan%20a%20Ays%C3%A9n%20en%20Presupuesto%202026&#038;url=https:\/\/radiorevelacionfm.cl\/?p=61670' aria-hidden='false' data-av_icon='\ue8fc' data-av_iconfont='entypo-fontello' title='' data-avia-related-tooltip='Compartir en LinkedIn' rel=\"noopener\"><span class='avia_hidden_link_text'>Compartir en LinkedIn<\/span><\/a><\/li><li class='av-share-link av-social-link-mail' ><a  aria-label=\"Compartir por correo\" href='mailto:?subject=Diputada%20Raphael%20emplaz%C3%B3%20al%20gobierno%20a%20revertir%20recortes%20que%20afectan%20a%20Ays%C3%A9n%20en%20Presupuesto%202026&#038;body=https:\/\/radiorevelacionfm.cl\/?p=61670' aria-hidden='false' data-av_icon='\ue805' data-av_iconfont='entypo-fontello' title='' data-avia-related-tooltip='Compartir por correo'><span class='avia_hidden_link_text'>Compartir por correo<\/span><\/a><\/li><\/ul><\/div><\/div>\n<div  style='height:50px' class='hr hr-invisible   avia-builder-el-8  el_after_av_social_share  el_before_av_comments_list '><span class='hr-inner ' ><span class='hr-inner-style'><\/span><\/span><\/div>\n<div  class='av-buildercomment  av-blog-meta-html-info-disabled av-blog-meta-tag-disabled  '><\/div>\n","protected":false},"excerpt":{"rendered":"","protected":false},"author":1,"featured_media":53386,"comment_status":"closed","ping_status":"closed","sticky":false,"template":"","format":"standard","meta":{"footnotes":""},"categories":[35],"tags":[],"class_list":["post-61670","post","type-post","status-publish","format-standard","has-post-thumbnail","hentry","category-politica"],"jetpack_featured_media_url":"https:\/\/radiorevelacionfm.cl\/wp-content\/uploads\/2025\/04\/diputada-m-raphael-1_optimized.jpeg","_links":{"self":[{"href":"https:\/\/radiorevelacionfm.cl\/index.php?rest_route=\/wp\/v2\/posts\/61670","targetHints":{"allow":["GET"]}}],"collection":[{"href":"https:\/\/radiorevelacionfm.cl\/index.php?rest_route=\/wp\/v2\/posts"}],"about":[{"href":"https:\/\/radiorevelacionfm.cl\/index.php?rest_route=\/wp\/v2\/types\/post"}],"author":[{"embeddable":true,"href":"https:\/\/radiorevelacionfm.cl\/index.php?rest_route=\/wp\/v2\/users\/1"}],"replies":[{"embeddable":true,"href":"https:\/\/radiorevelacionfm.cl\/index.php?rest_route=%2Fwp%2Fv2%2Fcomments&post=61670"}],"version-history":[{"count":2,"href":"https:\/\/radiorevelacionfm.cl\/index.php?rest_route=\/wp\/v2\/posts\/61670\/revisions"}],"predecessor-version":[{"id":61672,"href":"https:\/\/radiorevelacionfm.cl\/index.php?rest_route=\/wp\/v2\/posts\/61670\/revisions\/61672"}],"wp:featuredmedia":[{"embeddable":true,"href":"https:\/\/radiorevelacionfm.cl\/index.php?rest_route=\/wp\/v2\/media\/53386"}],"wp:attachment":[{"href":"https:\/\/radiorevelacionfm.cl\/index.php?rest_route=%2Fwp%2Fv2%2Fmedia&parent=61670"}],"wp:term":[{"taxonomy":"category","embeddable":true,"href":"https:\/\/radiorevelacionfm.cl\/index.php?rest_route=%2Fwp%2Fv2%2Fcategories&post=61670"},{"taxonomy":"post_tag","embeddable":true,"href":"https:\/\/radiorevelacionfm.cl\/index.php?rest_route=%2Fwp%2Fv2%2Ftags&post=61670"}],"curies":[{"name":"wp","href":"https:\/\/api.w.org\/{rel}","templated":true}]}}