{"id":61663,"date":"2025-11-21T15:08:13","date_gmt":"2025-11-21T18:08:13","guid":{"rendered":"https:\/\/radiorevelacionfm.cl\/?p=61663"},"modified":"2025-11-21T15:08:13","modified_gmt":"2025-11-21T18:08:13","slug":"implementan-totem-de-recarga-gratuita-para-celulares-en-villa-amengual","status":"publish","type":"post","link":"https:\/\/radiorevelacionfm.cl\/?p=61663","title":{"rendered":"Implementan t\u00f3tem de recarga gratuita para celulares en Villa Amengual"},"content":{"rendered":"<div class=\"flex_column av_one_full  flex_column_div av-zero-column-padding first  avia-builder-el-0  el_before_av_one_full  avia-builder-el-first  \" style='border-radius:0px; '><div  class='avia-image-container  av-styling-    avia-builder-el-1  avia-builder-el-no-sibling  avia-align-center '  itemprop=\"image\" itemscope=\"itemscope\" itemtype=\"https:\/\/schema.org\/ImageObject\"  ><div class='avia-image-container-inner'><div class='avia-image-overlay-wrap'><img decoding=\"async\" class='wp-image-61667 avia-img-lazy-loading-not-61667 avia_image' src=\"https:\/\/radiorevelacionfm.cl\/wp-content\/uploads\/2025\/11\/totem-villa-amengual-1-1_optimized-1.jpeg\" alt='' title='totem-villa-amengual-(1)-(1)_optimized (1)' height=\"600\" width=\"800\"  itemprop=\"thumbnailUrl\" srcset=\"https:\/\/radiorevelacionfm.cl\/wp-content\/uploads\/2025\/11\/totem-villa-amengual-1-1_optimized-1.jpeg 800w, https:\/\/radiorevelacionfm.cl\/wp-content\/uploads\/2025\/11\/totem-villa-amengual-1-1_optimized-1-300x225.jpeg 300w, https:\/\/radiorevelacionfm.cl\/wp-content\/uploads\/2025\/11\/totem-villa-amengual-1-1_optimized-1-768x576.jpeg 768w, https:\/\/radiorevelacionfm.cl\/wp-content\/uploads\/2025\/11\/totem-villa-amengual-1-1_optimized-1-705x529.jpeg 705w, https:\/\/radiorevelacionfm.cl\/wp-content\/uploads\/2025\/11\/totem-villa-amengual-1-1_optimized-1-450x338.jpeg 450w, https:\/\/radiorevelacionfm.cl\/wp-content\/uploads\/2025\/11\/totem-villa-amengual-1-1_optimized-1-600x450.jpeg 600w\" sizes=\"(max-width: 800px) 100vw, 800px\" \/><\/div><\/div><\/div><\/div><div class=\"flex_column av_one_full  flex_column_div av-zero-column-padding first  avia-builder-el-2  el_after_av_one_full  el_before_av_one_full  column-top-margin\" style='border-radius:0px; '><section class=\"av_textblock_section \"  itemscope=\"itemscope\" itemtype=\"https:\/\/schema.org\/BlogPosting\" itemprop=\"blogPost\" ><div class='avia_textblock  '   itemprop=\"text\" ><p style=\"text-align: center;\"><strong><span style=\"font-size: 18pt;\">Implementan t\u00f3tem de recarga gratuita para celulares en Villa Amengual<\/span><\/strong><\/p>\n<div id=\"gtx-trans\" style=\"position: absolute; left: -50px; top: 4.31534px;\">\n<div class=\"gtx-trans-icon\"><\/div>\n<\/div>\n<\/div><\/section><\/div><\/p>\n<div class=\"flex_column av_one_full  flex_column_div av-zero-column-padding first  avia-builder-el-4  el_after_av_one_full  el_before_av_hr  column-top-margin\" style='border-radius:0px; '><section class=\"av_textblock_section \"  itemscope=\"itemscope\" itemtype=\"https:\/\/schema.org\/BlogPosting\" itemprop=\"blogPost\" ><div class='avia_textblock  '   itemprop=\"text\" ><p style=\"text-align: justify;\">La iniciativa busca fortalecer los servicios disponibles para vecinos y visitantes en uno de los puntos de mayor tr\u00e1nsito tur\u00edstico de la Carretera Austral, aportando a la infraestructura comunitaria y al desarrollo local.<\/p>\n<p style=\"text-align: justify;\">La el\u00e9ctrica instal\u00f3 un nuevo t\u00f3tem de recarga gratuita para tel\u00e9fonos m\u00f3viles en Villa Amengual, localidad ubicada en plena Carretera Austral y que durante la temporada estival recibe una alta afluencia de turistas. Este t\u00f3tem que cuenta con cajas de seguridad tipo locker se encuentra actualmente operativo en la Delegaci\u00f3n Municipal de Lago Verde y, en una segunda etapa, ser\u00e1 trasladado al Centro de Informaci\u00f3n Tur\u00edstica para facilitar su acceso a quienes recorren la zona.<\/p>\n<p style=\"text-align: justify;\">La iniciativa responde al compromiso de la empresa por aportar a la calidad de vida de las comunidades y fortalecer servicios que contribuyan al desarrollo de zonas que cumplen un rol estrat\u00e9gico dentro de las rutas tur\u00edsticas de la regi\u00f3n.<\/p>\n<p style=\"text-align: justify;\">En ese sentido, Yasna Vera, ejecutiva de relacionamiento de Edelaysen, destac\u00f3 la relevancia de este tipo de acciones. \u201cEn Edelaysen estamos constantemente buscando proyectos que generen un beneficio concreto para las personas. Este t\u00f3tem de carga contribuye a la experiencia de quienes viven y visitan la hermosa localidad de Villa Amengual, apoyando adem\u00e1s la actividad tur\u00edstica que tanto realce tiene en temporada estival\u201d, se\u00f1al\u00f3.<\/p>\n<p style=\"text-align: justify;\">Desde la Asociaci\u00f3n de Turismo de la localidad, Mauricio Guiza valor\u00f3 la colaboraci\u00f3n p\u00fablico-privada agregando qu\u00e9: \u201cEstamos muy contentos como organizaci\u00f3n de haber hecho esta alianza con Edelaysen. Sabemos que el t\u00f3tem de carga es un aporte importante para la localidad, los turistas que nos visitan y los vecinos, ya que contribuye al desarrollo tur\u00edstico. Somos un pueblo de paso que avanza cada vez m\u00e1s en post del turismo. Sabemos que el turismo es una de las econom\u00edas que puede levantar a la localidad, entonces cualquier aporte como este, suma al desarrollo de Villa Amengual\u201d, indic\u00f3.<\/p>\n<p style=\"text-align: justify;\">La instalaci\u00f3n del t\u00f3tem forma parte de las acciones de Edelaysen orientadas a fortalecer equipamiento comunitario y promover entornos m\u00e1s seguros, conectados y acogedores para residentes y visitantes en la Regi\u00f3n de Ays\u00e9n.<\/p>\n<\/div><\/section><\/div>\n<div  style='height:50px' class='hr hr-invisible   avia-builder-el-6  el_after_av_one_full  el_before_av_social_share '><span class='hr-inner ' ><span class='hr-inner-style'><\/span><\/span><\/div>\n<div  class='av-social-sharing-box  avia-builder-el-7  el_after_av_hr  el_before_av_hr  '><div class='av-share-box'><h5 class='av-share-link-description av-no-toc '>Compartir esta noticia<\/h5><ul class='av-share-box-list noLightbox'><li class='av-share-link av-social-link-facebook' ><a target=\"_blank\" aria-label=\"Compartir en Facebook\" href='https:\/\/www.facebook.com\/sharer.php?u=https:\/\/radiorevelacionfm.cl\/?p=61663&#038;t=Implementan%20t%C3%B3tem%20de%20recarga%20gratuita%20para%20celulares%20en%20Villa%20Amengual' aria-hidden='false' data-av_icon='\ue8f3' data-av_iconfont='entypo-fontello' title='' data-avia-related-tooltip='Compartir en Facebook' rel=\"noopener\"><span class='avia_hidden_link_text'>Compartir en Facebook<\/span><\/a><\/li><li class='av-share-link av-social-link-twitter' ><a target=\"_blank\" aria-label=\"Compartir en Twitter\" href='https:\/\/twitter.com\/share?text=Implementan%20t%C3%B3tem%20de%20recarga%20gratuita%20para%20celulares%20en%20Villa%20Amengual&#038;url=https:\/\/radiorevelacionfm.cl\/?p=61663' aria-hidden='false' data-av_icon='\ue8f1' data-av_iconfont='entypo-fontello' title='' data-avia-related-tooltip='Compartir en Twitter' rel=\"noopener\"><span class='avia_hidden_link_text'>Compartir en Twitter<\/span><\/a><\/li><li class='av-share-link av-social-link-whatsapp' ><a target=\"_blank\" aria-label=\"Compartir en Whatsapp\" href='https:\/\/api.whatsapp.com\/send?text=https:\/\/radiorevelacionfm.cl\/?p=61663' aria-hidden='false' data-av_icon='\uf232' data-av_iconfont='entypo-fontello' title='' data-avia-related-tooltip='Compartir en Whatsapp' rel=\"noopener\"><span class='avia_hidden_link_text'>Compartir en Whatsapp<\/span><\/a><\/li><li class='av-share-link av-social-link-linkedin' ><a target=\"_blank\" aria-label=\"Compartir en LinkedIn\" href='https:\/\/linkedin.com\/shareArticle?mini=true&#038;title=Implementan%20t%C3%B3tem%20de%20recarga%20gratuita%20para%20celulares%20en%20Villa%20Amengual&#038;url=https:\/\/radiorevelacionfm.cl\/?p=61663' aria-hidden='false' data-av_icon='\ue8fc' data-av_iconfont='entypo-fontello' title='' data-avia-related-tooltip='Compartir en LinkedIn' rel=\"noopener\"><span class='avia_hidden_link_text'>Compartir en LinkedIn<\/span><\/a><\/li><li class='av-share-link av-social-link-mail' ><a  aria-label=\"Compartir por correo\" href='mailto:?subject=Implementan%20t%C3%B3tem%20de%20recarga%20gratuita%20para%20celulares%20en%20Villa%20Amengual&#038;body=https:\/\/radiorevelacionfm.cl\/?p=61663' aria-hidden='false' data-av_icon='\ue805' data-av_iconfont='entypo-fontello' title='' data-avia-related-tooltip='Compartir por correo'><span class='avia_hidden_link_text'>Compartir por correo<\/span><\/a><\/li><\/ul><\/div><\/div>\n<div  style='height:50px' class='hr hr-invisible   avia-builder-el-8  el_after_av_social_share  el_before_av_comments_list '><span class='hr-inner ' ><span class='hr-inner-style'><\/span><\/span><\/div>\n<div  class='av-buildercomment  av-blog-meta-html-info-disabled av-blog-meta-tag-disabled  '><\/div>\n","protected":false},"excerpt":{"rendered":"","protected":false},"author":1,"featured_media":61667,"comment_status":"closed","ping_status":"closed","sticky":false,"template":"","format":"standard","meta":{"footnotes":""},"categories":[38],"tags":[],"class_list":["post-61663","post","type-post","status-publish","format-standard","has-post-thumbnail","hentry","category-regional"],"jetpack_featured_media_url":"https:\/\/radiorevelacionfm.cl\/wp-content\/uploads\/2025\/11\/totem-villa-amengual-1-1_optimized-1.jpeg","_links":{"self":[{"href":"https:\/\/radiorevelacionfm.cl\/index.php?rest_route=\/wp\/v2\/posts\/61663","targetHints":{"allow":["GET"]}}],"collection":[{"href":"https:\/\/radiorevelacionfm.cl\/index.php?rest_route=\/wp\/v2\/posts"}],"about":[{"href":"https:\/\/radiorevelacionfm.cl\/index.php?rest_route=\/wp\/v2\/types\/post"}],"author":[{"embeddable":true,"href":"https:\/\/radiorevelacionfm.cl\/index.php?rest_route=\/wp\/v2\/users\/1"}],"replies":[{"embeddable":true,"href":"https:\/\/radiorevelacionfm.cl\/index.php?rest_route=%2Fwp%2Fv2%2Fcomments&post=61663"}],"version-history":[{"count":3,"href":"https:\/\/radiorevelacionfm.cl\/index.php?rest_route=\/wp\/v2\/posts\/61663\/revisions"}],"predecessor-version":[{"id":61669,"href":"https:\/\/radiorevelacionfm.cl\/index.php?rest_route=\/wp\/v2\/posts\/61663\/revisions\/61669"}],"wp:featuredmedia":[{"embeddable":true,"href":"https:\/\/radiorevelacionfm.cl\/index.php?rest_route=\/wp\/v2\/media\/61667"}],"wp:attachment":[{"href":"https:\/\/radiorevelacionfm.cl\/index.php?rest_route=%2Fwp%2Fv2%2Fmedia&parent=61663"}],"wp:term":[{"taxonomy":"category","embeddable":true,"href":"https:\/\/radiorevelacionfm.cl\/index.php?rest_route=%2Fwp%2Fv2%2Fcategories&post=61663"},{"taxonomy":"post_tag","embeddable":true,"href":"https:\/\/radiorevelacionfm.cl\/index.php?rest_route=%2Fwp%2Fv2%2Ftags&post=61663"}],"curies":[{"name":"wp","href":"https:\/\/api.w.org\/{rel}","templated":true}]}}