{"id":61657,"date":"2025-11-21T14:48:45","date_gmt":"2025-11-21T17:48:45","guid":{"rendered":"https:\/\/radiorevelacionfm.cl\/?p=61657"},"modified":"2025-11-21T14:55:02","modified_gmt":"2025-11-21T17:55:02","slug":"estudiantes-de-coyhaique-participaron-en-primer-torneo-de-debates-de-la-region-de-aysen","status":"publish","type":"post","link":"https:\/\/radiorevelacionfm.cl\/?p=61657","title":{"rendered":"Estudiantes de Coyhaique participaron en primer Torneo de Debates de la Regi\u00f3n de Ays\u00e9n"},"content":{"rendered":"<div class=\"flex_column av_one_full  flex_column_div av-zero-column-padding first  avia-builder-el-0  el_before_av_one_full  avia-builder-el-first  \" style='border-radius:0px; '><div  class='avia-image-container  av-styling-    avia-builder-el-1  avia-builder-el-no-sibling  avia-align-center '  itemprop=\"image\" itemscope=\"itemscope\" itemtype=\"https:\/\/schema.org\/ImageObject\"  ><div class='avia-image-container-inner'><div class='avia-image-overlay-wrap'><img decoding=\"async\" class='wp-image-61661 avia-img-lazy-loading-not-61661 avia_image' src=\"https:\/\/radiorevelacionfm.cl\/wp-content\/uploads\/2025\/11\/debate3-1-1-1.jpeg\" alt='' title='debate3 (1) (1) (1)' height=\"600\" width=\"839\"  itemprop=\"thumbnailUrl\" srcset=\"https:\/\/radiorevelacionfm.cl\/wp-content\/uploads\/2025\/11\/debate3-1-1-1.jpeg 839w, https:\/\/radiorevelacionfm.cl\/wp-content\/uploads\/2025\/11\/debate3-1-1-1-300x215.jpeg 300w, https:\/\/radiorevelacionfm.cl\/wp-content\/uploads\/2025\/11\/debate3-1-1-1-768x549.jpeg 768w, https:\/\/radiorevelacionfm.cl\/wp-content\/uploads\/2025\/11\/debate3-1-1-1-260x185.jpeg 260w, https:\/\/radiorevelacionfm.cl\/wp-content\/uploads\/2025\/11\/debate3-1-1-1-705x504.jpeg 705w, https:\/\/radiorevelacionfm.cl\/wp-content\/uploads\/2025\/11\/debate3-1-1-1-450x322.jpeg 450w, https:\/\/radiorevelacionfm.cl\/wp-content\/uploads\/2025\/11\/debate3-1-1-1-600x429.jpeg 600w\" sizes=\"(max-width: 839px) 100vw, 839px\" \/><\/div><\/div><\/div><\/div><div class=\"flex_column av_one_full  flex_column_div av-zero-column-padding first  avia-builder-el-2  el_after_av_one_full  el_before_av_one_full  column-top-margin\" style='border-radius:0px; '><section class=\"av_textblock_section \"  itemscope=\"itemscope\" itemtype=\"https:\/\/schema.org\/BlogPosting\" itemprop=\"blogPost\" ><div class='avia_textblock  '   itemprop=\"text\" ><p style=\"text-align: center;\"><strong><span style=\"font-size: 18pt;\">Estudiantes de Coyhaique participaron en primer Torneo de Debates de la Regi\u00f3n de Ays\u00e9n<\/span><\/strong><\/p>\n<div id=\"gtx-trans\" style=\"position: absolute; left: -50px; top: 4.31534px;\">\n<div class=\"gtx-trans-icon\"><\/div>\n<\/div>\n<\/div><\/section><\/div><\/p>\n<div class=\"flex_column av_one_full  flex_column_div av-zero-column-padding first  avia-builder-el-4  el_after_av_one_full  el_before_av_hr  column-top-margin\" style='border-radius:0px; '><section class=\"av_textblock_section \"  itemscope=\"itemscope\" itemtype=\"https:\/\/schema.org\/BlogPosting\" itemprop=\"blogPost\" ><div class='avia_textblock  '   itemprop=\"text\" ><p style=\"text-align: justify;\"><em>Cuatro establecimientos educacionales de Coyhaique participaron en la primera versi\u00f3n del torneo organizado por la Sociedad de Debates de la Patagonia, apoyados por la Universidad Austral de Chile.<\/em><\/p>\n<p style=\"text-align: justify;\">El equipo de estudiantes del Liceo San Felipe Benicio se coron\u00f3 campe\u00f3n de la primera versi\u00f3n del Torneo de Debates de la Patagonia organizado por la sociedad del mismo nombre, apoyada por el Programa PACE de la Universidad Austral de Chile y el PAR Explora Ays\u00e9n.<\/p>\n<p style=\"text-align: justify;\">El segundo lugar fue para el equipo del Liceo Josefina Aguirre Montenegro, el tercero para el Colegio Patagonia y el cuarto para el Liceo Bicentenario Altos del Mackay.<\/p>\n<p style=\"text-align: justify;\">La coordinadora del componente PEM del Programa PACE de la UACh, Johanna Mart\u00ednez, indic\u00f3 que la Universidad Austral de Chile siempre est\u00e1 disponible para apoyar este tipo de iniciativas que permitan el desarrollo integral de los y las estudiantes: \u201cEstamos sumamente contentos y contentas, como equipos PACE y Explora, de haber sido parte de esta instancia que surge de los propios establecimientos. Nosotros siempre vamos a estar disponibles para colaborar en este tipo de iniciativas, que de manera pr\u00e1ctica, contribuyan al desarrollo de las habilidades del siglo XXI\u201d.<\/p>\n<p style=\"text-align: justify;\">Asimismo, agreg\u00f3 que: \u201cDentro de nuestro rol social como universidad, valoramos participar en este tipo de instancias, ya que la vinculaci\u00f3n temprana con estudiantes de educaci\u00f3n b\u00e1sica y media, ampl\u00eda las expectativas de los j\u00f3venes para que tengan una proyecci\u00f3n posterior a su egreso de la educaci\u00f3n secundaria. Es parte del deber ser de una instituci\u00f3n de educaci\u00f3n superior, estar en forma activa presente en este tipo de actividades\u201d.<\/p>\n<p style=\"text-align: justify;\">Para el director del Liceo Josefina Aguirre Montenegro, Claudio Morales, la organizaci\u00f3n y desarrollo del torneo representa un \u00e9xito y a la vez un desaf\u00edo para sumar nuevos participantes en la segunda versi\u00f3n del torneo: \u201cha sido una experiencia para nosotros como liceo, muy valorable, son parte de las competencias que nosotros tenemos que desarrollar en nuestros estudiantes, en el plan de desarrollo de la lectura, la escritura y la comunicaci\u00f3n oral. Estamos muy contentos de haber sido parte de este proceso de inicio de la Sociedad de Debates de la Patagonia, que se forma con cuatro establecimientos educacionales, pero esperamos que en la medida que nos vayamos dando a conocer, se puedan ir interesando m\u00e1s establecimientos educativos, no s\u00f3lo de la comuna de Coyhaique, sino tambi\u00e9n de toda la \u00a0regi\u00f3n, es un proyecto ambicioso en el cual la Universidad Austral nos ha acompa\u00f1ado como un tremendo y potente aval\u201d.<\/p>\n<p style=\"text-align: justify;\"><strong>Objetivo del torneo<\/strong><\/p>\n<p style=\"text-align: justify;\">El torneo tiene como objetivo favorecer en los y las estudiantes, el desarrollo del pensamiento cr\u00edtico, la capacidad de argumentaci\u00f3n l\u00f3gica y la escucha activa, as\u00ed como las habilidades de expresi\u00f3n oral y persuasiva, organizaci\u00f3n de ideas, investigaci\u00f3n, seguridad en s\u00ed mismo, respuestas r\u00e1pidas y coherentes y trabajo en equipo. Junto con ello, se\u00a0 busca que cada participante aprenda a analizar y refutar argumentos contrarios, a identificar falacias y defender una postura con solidez respetando opiniones diferentes.<\/p>\n<p style=\"text-align: justify;\">El torneo se desarroll\u00f3 durante tres jornadas en las que se debati\u00f3 acerca de temas val\u00f3ricos, inclusi\u00f3n, educaci\u00f3n, protecci\u00f3n del medio ambiente y desarrollo.<\/p>\n<p style=\"text-align: justify;\">Los integrantes de la Sociedad de Debates de la Patagonia se\u00f1alaron que se espera que el pr\u00f3ximo a\u00f1o, nuevos establecimientos educacionales se interesen en formar parte de esta iniciativa y as\u00ed promover que estudiantes de niveles inferiores a tercero medio, participen en este tipo de torneos.<\/p>\n<\/div><\/section><\/div>\n<div  style='height:50px' class='hr hr-invisible   avia-builder-el-6  el_after_av_one_full  el_before_av_social_share '><span class='hr-inner ' ><span class='hr-inner-style'><\/span><\/span><\/div>\n<div  class='av-social-sharing-box  avia-builder-el-7  el_after_av_hr  el_before_av_hr  '><div class='av-share-box'><h5 class='av-share-link-description av-no-toc '>Compartir esta noticia<\/h5><ul class='av-share-box-list noLightbox'><li class='av-share-link av-social-link-facebook' ><a target=\"_blank\" aria-label=\"Compartir en Facebook\" href='https:\/\/www.facebook.com\/sharer.php?u=https:\/\/radiorevelacionfm.cl\/?p=61657&#038;t=Estudiantes%20de%20Coyhaique%20participaron%20en%20primer%20Torneo%20de%20Debates%20de%20la%20Regi%C3%B3n%20de%20Ays%C3%A9n' aria-hidden='false' data-av_icon='\ue8f3' data-av_iconfont='entypo-fontello' title='' data-avia-related-tooltip='Compartir en Facebook' rel=\"noopener\"><span class='avia_hidden_link_text'>Compartir en Facebook<\/span><\/a><\/li><li class='av-share-link av-social-link-twitter' ><a target=\"_blank\" aria-label=\"Compartir en Twitter\" href='https:\/\/twitter.com\/share?text=Estudiantes%20de%20Coyhaique%20participaron%20en%20primer%20Torneo%20de%20Debates%20de%20la%20Regi%C3%B3n%20de%20Ays%C3%A9n&#038;url=https:\/\/radiorevelacionfm.cl\/?p=61657' aria-hidden='false' data-av_icon='\ue8f1' data-av_iconfont='entypo-fontello' title='' data-avia-related-tooltip='Compartir en Twitter' rel=\"noopener\"><span class='avia_hidden_link_text'>Compartir en Twitter<\/span><\/a><\/li><li class='av-share-link av-social-link-whatsapp' ><a target=\"_blank\" aria-label=\"Compartir en Whatsapp\" href='https:\/\/api.whatsapp.com\/send?text=https:\/\/radiorevelacionfm.cl\/?p=61657' aria-hidden='false' data-av_icon='\uf232' data-av_iconfont='entypo-fontello' title='' data-avia-related-tooltip='Compartir en Whatsapp' rel=\"noopener\"><span class='avia_hidden_link_text'>Compartir en Whatsapp<\/span><\/a><\/li><li class='av-share-link av-social-link-linkedin' ><a target=\"_blank\" aria-label=\"Compartir en LinkedIn\" href='https:\/\/linkedin.com\/shareArticle?mini=true&#038;title=Estudiantes%20de%20Coyhaique%20participaron%20en%20primer%20Torneo%20de%20Debates%20de%20la%20Regi%C3%B3n%20de%20Ays%C3%A9n&#038;url=https:\/\/radiorevelacionfm.cl\/?p=61657' aria-hidden='false' data-av_icon='\ue8fc' data-av_iconfont='entypo-fontello' title='' data-avia-related-tooltip='Compartir en LinkedIn' rel=\"noopener\"><span class='avia_hidden_link_text'>Compartir en LinkedIn<\/span><\/a><\/li><li class='av-share-link av-social-link-mail' ><a  aria-label=\"Compartir por correo\" href='mailto:?subject=Estudiantes%20de%20Coyhaique%20participaron%20en%20primer%20Torneo%20de%20Debates%20de%20la%20Regi%C3%B3n%20de%20Ays%C3%A9n&#038;body=https:\/\/radiorevelacionfm.cl\/?p=61657' aria-hidden='false' data-av_icon='\ue805' data-av_iconfont='entypo-fontello' title='' data-avia-related-tooltip='Compartir por correo'><span class='avia_hidden_link_text'>Compartir por correo<\/span><\/a><\/li><\/ul><\/div><\/div>\n<div  style='height:50px' class='hr hr-invisible   avia-builder-el-8  el_after_av_social_share  el_before_av_comments_list '><span class='hr-inner ' ><span class='hr-inner-style'><\/span><\/span><\/div>\n<div  class='av-buildercomment  av-blog-meta-html-info-disabled av-blog-meta-tag-disabled  '><\/div>\n","protected":false},"excerpt":{"rendered":"","protected":false},"author":1,"featured_media":61661,"comment_status":"closed","ping_status":"closed","sticky":false,"template":"","format":"standard","meta":{"footnotes":""},"categories":[49],"tags":[],"class_list":["post-61657","post","type-post","status-publish","format-standard","has-post-thumbnail","hentry","category-educacion"],"jetpack_featured_media_url":"https:\/\/radiorevelacionfm.cl\/wp-content\/uploads\/2025\/11\/debate3-1-1-1.jpeg","_links":{"self":[{"href":"https:\/\/radiorevelacionfm.cl\/index.php?rest_route=\/wp\/v2\/posts\/61657","targetHints":{"allow":["GET"]}}],"collection":[{"href":"https:\/\/radiorevelacionfm.cl\/index.php?rest_route=\/wp\/v2\/posts"}],"about":[{"href":"https:\/\/radiorevelacionfm.cl\/index.php?rest_route=\/wp\/v2\/types\/post"}],"author":[{"embeddable":true,"href":"https:\/\/radiorevelacionfm.cl\/index.php?rest_route=\/wp\/v2\/users\/1"}],"replies":[{"embeddable":true,"href":"https:\/\/radiorevelacionfm.cl\/index.php?rest_route=%2Fwp%2Fv2%2Fcomments&post=61657"}],"version-history":[{"count":3,"href":"https:\/\/radiorevelacionfm.cl\/index.php?rest_route=\/wp\/v2\/posts\/61657\/revisions"}],"predecessor-version":[{"id":61660,"href":"https:\/\/radiorevelacionfm.cl\/index.php?rest_route=\/wp\/v2\/posts\/61657\/revisions\/61660"}],"wp:featuredmedia":[{"embeddable":true,"href":"https:\/\/radiorevelacionfm.cl\/index.php?rest_route=\/wp\/v2\/media\/61661"}],"wp:attachment":[{"href":"https:\/\/radiorevelacionfm.cl\/index.php?rest_route=%2Fwp%2Fv2%2Fmedia&parent=61657"}],"wp:term":[{"taxonomy":"category","embeddable":true,"href":"https:\/\/radiorevelacionfm.cl\/index.php?rest_route=%2Fwp%2Fv2%2Fcategories&post=61657"},{"taxonomy":"post_tag","embeddable":true,"href":"https:\/\/radiorevelacionfm.cl\/index.php?rest_route=%2Fwp%2Fv2%2Ftags&post=61657"}],"curies":[{"name":"wp","href":"https:\/\/api.w.org\/{rel}","templated":true}]}}