{"id":61653,"date":"2025-11-21T11:55:33","date_gmt":"2025-11-21T14:55:33","guid":{"rendered":"https:\/\/radiorevelacionfm.cl\/?p=61653"},"modified":"2025-11-21T11:55:33","modified_gmt":"2025-11-21T14:55:33","slug":"encuesta-trato-usuario-hospital-regional-coyhaique-se-ubica-entre-los-20-mejores-del-pais","status":"publish","type":"post","link":"https:\/\/radiorevelacionfm.cl\/?p=61653","title":{"rendered":"Encuesta trato usuario: Hospital Regional Coyhaique se ubica entre los 20 mejores del pa\u00eds"},"content":{"rendered":"<div class=\"flex_column av_one_full  flex_column_div av-zero-column-padding first  avia-builder-el-0  el_before_av_one_full  avia-builder-el-first  \" style='border-radius:0px; '><div  class='avia-image-container  av-styling-    avia-builder-el-1  avia-builder-el-no-sibling  avia-align-center '  itemprop=\"image\" itemscope=\"itemscope\" itemtype=\"https:\/\/schema.org\/ImageObject\"  ><div class='avia-image-container-inner'><div class='avia-image-overlay-wrap'><img decoding=\"async\" class='wp-image-61654 avia-img-lazy-loading-not-61654 avia_image' src=\"https:\/\/radiorevelacionfm.cl\/wp-content\/uploads\/2025\/11\/trato-usuario-2025-6-1_optimized-1.jpg\" alt='' title='trato-usuario-2025-(6)-(1)_optimized (1)' height=\"600\" width=\"971\"  itemprop=\"thumbnailUrl\" srcset=\"https:\/\/radiorevelacionfm.cl\/wp-content\/uploads\/2025\/11\/trato-usuario-2025-6-1_optimized-1.jpg 971w, https:\/\/radiorevelacionfm.cl\/wp-content\/uploads\/2025\/11\/trato-usuario-2025-6-1_optimized-1-300x185.jpg 300w, https:\/\/radiorevelacionfm.cl\/wp-content\/uploads\/2025\/11\/trato-usuario-2025-6-1_optimized-1-768x475.jpg 768w, https:\/\/radiorevelacionfm.cl\/wp-content\/uploads\/2025\/11\/trato-usuario-2025-6-1_optimized-1-705x436.jpg 705w, https:\/\/radiorevelacionfm.cl\/wp-content\/uploads\/2025\/11\/trato-usuario-2025-6-1_optimized-1-450x278.jpg 450w, https:\/\/radiorevelacionfm.cl\/wp-content\/uploads\/2025\/11\/trato-usuario-2025-6-1_optimized-1-600x371.jpg 600w\" sizes=\"(max-width: 971px) 100vw, 971px\" \/><\/div><\/div><\/div><\/div><div class=\"flex_column av_one_full  flex_column_div av-zero-column-padding first  avia-builder-el-2  el_after_av_one_full  el_before_av_one_full  column-top-margin\" style='border-radius:0px; '><section class=\"av_textblock_section \"  itemscope=\"itemscope\" itemtype=\"https:\/\/schema.org\/BlogPosting\" itemprop=\"blogPost\" ><div class='avia_textblock  '   itemprop=\"text\" ><p style=\"text-align: center;\"><strong><span style=\"font-size: 18pt;\">Encuesta trato usuario: Hospital Regional Coyhaique se ubica entre los 20 mejores del pa\u00eds<\/span><\/strong><\/p>\n<div id=\"gtx-trans\" style=\"position: absolute; left: -50px; top: 4.31534px;\">\n<div class=\"gtx-trans-icon\"><\/div>\n<\/div>\n<\/div><\/section><\/div><div class=\"flex_column av_one_full  flex_column_div av-zero-column-padding first  avia-builder-el-4  el_after_av_one_full  el_before_av_hr  column-top-margin\" style='border-radius:0px; '><section class=\"av_textblock_section \"  itemscope=\"itemscope\" itemtype=\"https:\/\/schema.org\/BlogPosting\" itemprop=\"blogPost\" ><div class='avia_textblock  '   itemprop=\"text\" ><p style=\"text-align: justify;\"><em>Tras haber ocupado el \u00faltimo lugar de la encuesta en 2024, dejando al \u00fanico hospital de alta complejidad de Ays\u00e9n en el lugar N\u00b065, este a\u00f1o logr\u00f3 situarse en el puesto N\u00b016.<\/em><\/p>\n<p style=\"text-align: justify;\">Con una calificaci\u00f3n de 6,8 -en una escala de 1 a 7-, el Hospital Regional Coyhaique se posicion\u00f3 en el puesto N\u00b016 de la Encuesta Trato Usuario, medici\u00f3n que eval\u00faa a todos los centros asistenciales del sistema p\u00fablico de salud a nivel nacional, revirtiendo las cifras negativas del a\u00f1o anterior, donde el HRC se ubic\u00f3 en el \u00faltimo lugar de los 65 establecimientos de alta complejidad del pa\u00eds, con nota 6,1.<\/p>\n<p style=\"text-align: justify;\">\u201cFelicitaciones a los equipos, sin duda hemos avanzado del puesto 65\u00b0 al 16\u00b0 en este ranking nacional, lo que nos deja satisfechos, contentos y con la esperanza de lograr mejores opciones para el pr\u00f3ximo a\u00f1o. Estamos comprometidos con nuestra comunidad, trabajando por todos y todas las personas que viven en la regi\u00f3n\u201d, expres\u00f3 la directora (s) del Hospital Regional Coyhaique, Victoria Pinto Henr\u00edquez.<\/p>\n<p style=\"text-align: justify;\">La directora (s) del HRC, quien lleg\u00f3 a la regi\u00f3n en junio de 2025 para asumir la subrogancia del \u00fanico hospital de alta complejidad de la regi\u00f3n de Ays\u00e9n, destac\u00f3 que estos avances denotan el compromiso de los m\u00e1s de 1.400 trabajadores y trabajadoras que componen la instituci\u00f3n, quienes tras la autocr\u00edtica en torno a los resultados obtenidos el a\u00f1o anterior, han asumido nuevos desaf\u00edos, intentando corregir los errores en torno a la satisfacci\u00f3n usuaria y recuperando la cercan\u00eda con la comunidad.<\/p>\n<p style=\"text-align: justify;\">\u201cEn estos casi seis meses que llevo subrogando la direcci\u00f3n del Hospital Regional, he visto el compromiso, vocaci\u00f3n y dedicaci\u00f3n de cada uno de los equipos, funcionarias y funcionarios que componen este hospital. Me siento muy orgullosa trabajar ac\u00e1, agradecida de poder estar en la regi\u00f3n, con la convicci\u00f3n permanente y certera que el a\u00f1o 2026 ser\u00e1 de muchos logros y \u00e9xitos no solamente para nuestro hospital, sino para toda la comunidad que aqu\u00ed se atiende\u201d, precis\u00f3 Victoria Pinto Henr\u00edquez.<\/p>\n<p style=\"text-align: justify;\"><strong>GREMIOS<\/strong><\/p>\n<p style=\"text-align: justify;\">En tanto, esta noticia tambi\u00e9n cal\u00f3 hondo en los tres gremios de salud que tienen presencia en el Hospital Regional Coyhaique, Fenpruss, Fenats y Fentess, quienes extendieron sus felicitaciones a todo el personal que se desempe\u00f1a en el recinto, destacando que el haber pasado del Tramo 3 en 2024 al Tramo 1 es un logro que debe mantenerse y proyectarse en el tiempo, teniendo como hoja de ruta la mejora constante en los procesos de atenci\u00f3n a las y los usuarios.<\/p>\n<p style=\"text-align: justify;\">\u201cSabemos que el camino no ha sido f\u00e1cil, tenemos una gran carga asistencial, con muchas brechas en recurso humano e infraestructura, pero hemos demostrado que podemos ser cercanos, entregar una atenci\u00f3n de calidad y humanizada a nuestros pacientes. Agradecemos a la comunidad, porque ellos son los que nos evaluaron\u201d se\u00f1al\u00f3 Minerva Rivera, presidenta de la Federaci\u00f3n Asociaciones de Funcionarios T\u00e9cnicos de los Servicios de Salud, Fentess Ays\u00e9n.<\/p>\n<p style=\"text-align: justify;\">En ese sentido, la dirigenta agreg\u00f3 que \u201ccomo Fentess nos comprometemos a seguir apoyando el fortalecimiento de los equipos, promocionando el autocuidado a trav\u00e9s de conversatorios, capacitaciones y cuidando la salud mental de nuestros funcionarios y funcionarias, para que puedan seguir entregando una atenci\u00f3n de calidad y segura a nuestra regi\u00f3n\u201d.<\/p>\n<p style=\"text-align: justify;\">Por su parte, Ana\u00ed Freire, presidenta de la Confederaci\u00f3n de Profesionales de los Servicios de Salud, Fenpruss Ays\u00e9n, destac\u00f3 el trabajo de los equipos del HRC para subsanar los resultados del a\u00f1o anterior.<\/p>\n<p style=\"text-align: justify;\">\u201cNos sentimos orgullosos de representar a los trabajadores y trabajadoras de este hospital, y el reconocimiento de nuestra ciudadan\u00eda no solamente de Coyhaique, ya que como Hospital Regional abarcamos a toda la red de salud de Ays\u00e9n. Es muy gratificante, estamos felices, y la idea es mantener este nivel\u201d, sostuvo la presidenta de Fenpruss Ays\u00e9n.<\/p>\n<p style=\"text-align: justify;\">Finalmente, desde la Federaci\u00f3n de Trabajadores de la Salud, Fenats, se\u00f1alaron que el haber obtenido el \u00faltimo lugar a nivel pa\u00eds en 2024 fue un \u201cgolpe duro\u201d para todas y todos los funcionarios de la instituci\u00f3n, lo que sin duda repercuti\u00f3 en la imagen de la ciudadan\u00eda ante el servicio que entrega el principal centro hospitalario regional, por lo que estar en el lugar 16\u00b0 es un logro que permitir\u00e1 que la comunidad vuelva a confiar en el HRC.<\/p>\n<p style=\"text-align: justify;\">\u201cRecibimos esta notificaci\u00f3n con mucha alegr\u00eda, ya que el a\u00f1o pasado estuvimos en Tramo 3, y sentimos que la regi\u00f3n hab\u00eda recibido un golpe muy fuerte, ya que este es el \u00fanico hospital de alta complejidad, y atendemos a toda la comunidad\u201d, indic\u00f3 Jessica Trivi\u00f1o, presidenta de Fenats Base Hospital Regional Coyhaique.<\/p>\n<\/div><\/section><\/div><div  style='height:50px' class='hr hr-invisible   avia-builder-el-6  el_after_av_one_full  el_before_av_social_share '><span class='hr-inner ' ><span class='hr-inner-style'><\/span><\/span><\/div><\/p>\n<div  class='av-social-sharing-box  avia-builder-el-7  el_after_av_hr  el_before_av_hr  '><div class='av-share-box'><h5 class='av-share-link-description av-no-toc '>Compartir esta noticia<\/h5><ul class='av-share-box-list noLightbox'><li class='av-share-link av-social-link-facebook' ><a target=\"_blank\" aria-label=\"Compartir en Facebook\" href='https:\/\/www.facebook.com\/sharer.php?u=https:\/\/radiorevelacionfm.cl\/?p=61653&#038;t=Encuesta%20trato%20usuario%3A%20Hospital%20Regional%20Coyhaique%20se%20ubica%20entre%20los%2020%20mejores%20del%20pa%C3%ADs' aria-hidden='false' data-av_icon='\ue8f3' data-av_iconfont='entypo-fontello' title='' data-avia-related-tooltip='Compartir en Facebook' rel=\"noopener\"><span class='avia_hidden_link_text'>Compartir en Facebook<\/span><\/a><\/li><li class='av-share-link av-social-link-twitter' ><a target=\"_blank\" aria-label=\"Compartir en Twitter\" href='https:\/\/twitter.com\/share?text=Encuesta%20trato%20usuario%3A%20Hospital%20Regional%20Coyhaique%20se%20ubica%20entre%20los%2020%20mejores%20del%20pa%C3%ADs&#038;url=https:\/\/radiorevelacionfm.cl\/?p=61653' aria-hidden='false' data-av_icon='\ue8f1' data-av_iconfont='entypo-fontello' title='' data-avia-related-tooltip='Compartir en Twitter' rel=\"noopener\"><span class='avia_hidden_link_text'>Compartir en Twitter<\/span><\/a><\/li><li class='av-share-link av-social-link-whatsapp' ><a target=\"_blank\" aria-label=\"Compartir en Whatsapp\" href='https:\/\/api.whatsapp.com\/send?text=https:\/\/radiorevelacionfm.cl\/?p=61653' aria-hidden='false' data-av_icon='\uf232' data-av_iconfont='entypo-fontello' title='' data-avia-related-tooltip='Compartir en Whatsapp' rel=\"noopener\"><span class='avia_hidden_link_text'>Compartir en Whatsapp<\/span><\/a><\/li><li class='av-share-link av-social-link-linkedin' ><a target=\"_blank\" aria-label=\"Compartir en LinkedIn\" href='https:\/\/linkedin.com\/shareArticle?mini=true&#038;title=Encuesta%20trato%20usuario%3A%20Hospital%20Regional%20Coyhaique%20se%20ubica%20entre%20los%2020%20mejores%20del%20pa%C3%ADs&#038;url=https:\/\/radiorevelacionfm.cl\/?p=61653' aria-hidden='false' data-av_icon='\ue8fc' data-av_iconfont='entypo-fontello' title='' data-avia-related-tooltip='Compartir en LinkedIn' rel=\"noopener\"><span class='avia_hidden_link_text'>Compartir en LinkedIn<\/span><\/a><\/li><li class='av-share-link av-social-link-mail' ><a  aria-label=\"Compartir por correo\" href='mailto:?subject=Encuesta%20trato%20usuario%3A%20Hospital%20Regional%20Coyhaique%20se%20ubica%20entre%20los%2020%20mejores%20del%20pa%C3%ADs&#038;body=https:\/\/radiorevelacionfm.cl\/?p=61653' aria-hidden='false' data-av_icon='\ue805' data-av_iconfont='entypo-fontello' title='' data-avia-related-tooltip='Compartir por correo'><span class='avia_hidden_link_text'>Compartir por correo<\/span><\/a><\/li><\/ul><\/div><\/div>\n<div  style='height:50px' class='hr hr-invisible   avia-builder-el-8  el_after_av_social_share  el_before_av_comments_list '><span class='hr-inner ' ><span class='hr-inner-style'><\/span><\/span><\/div>\n<div  class='av-buildercomment  av-blog-meta-html-info-disabled av-blog-meta-tag-disabled  '><\/div>\n","protected":false},"excerpt":{"rendered":"","protected":false},"author":1,"featured_media":61654,"comment_status":"closed","ping_status":"closed","sticky":false,"template":"","format":"standard","meta":{"footnotes":""},"categories":[46],"tags":[],"class_list":["post-61653","post","type-post","status-publish","format-standard","has-post-thumbnail","hentry","category-salud"],"jetpack_featured_media_url":"https:\/\/radiorevelacionfm.cl\/wp-content\/uploads\/2025\/11\/trato-usuario-2025-6-1_optimized-1.jpg","_links":{"self":[{"href":"https:\/\/radiorevelacionfm.cl\/index.php?rest_route=\/wp\/v2\/posts\/61653","targetHints":{"allow":["GET"]}}],"collection":[{"href":"https:\/\/radiorevelacionfm.cl\/index.php?rest_route=\/wp\/v2\/posts"}],"about":[{"href":"https:\/\/radiorevelacionfm.cl\/index.php?rest_route=\/wp\/v2\/types\/post"}],"author":[{"embeddable":true,"href":"https:\/\/radiorevelacionfm.cl\/index.php?rest_route=\/wp\/v2\/users\/1"}],"replies":[{"embeddable":true,"href":"https:\/\/radiorevelacionfm.cl\/index.php?rest_route=%2Fwp%2Fv2%2Fcomments&post=61653"}],"version-history":[{"count":2,"href":"https:\/\/radiorevelacionfm.cl\/index.php?rest_route=\/wp\/v2\/posts\/61653\/revisions"}],"predecessor-version":[{"id":61656,"href":"https:\/\/radiorevelacionfm.cl\/index.php?rest_route=\/wp\/v2\/posts\/61653\/revisions\/61656"}],"wp:featuredmedia":[{"embeddable":true,"href":"https:\/\/radiorevelacionfm.cl\/index.php?rest_route=\/wp\/v2\/media\/61654"}],"wp:attachment":[{"href":"https:\/\/radiorevelacionfm.cl\/index.php?rest_route=%2Fwp%2Fv2%2Fmedia&parent=61653"}],"wp:term":[{"taxonomy":"category","embeddable":true,"href":"https:\/\/radiorevelacionfm.cl\/index.php?rest_route=%2Fwp%2Fv2%2Fcategories&post=61653"},{"taxonomy":"post_tag","embeddable":true,"href":"https:\/\/radiorevelacionfm.cl\/index.php?rest_route=%2Fwp%2Fv2%2Ftags&post=61653"}],"curies":[{"name":"wp","href":"https:\/\/api.w.org\/{rel}","templated":true}]}}