{"id":61650,"date":"2025-11-21T16:32:28","date_gmt":"2025-11-21T19:32:28","guid":{"rendered":"https:\/\/radiorevelacionfm.cl\/?p=61650"},"modified":"2025-11-21T16:32:28","modified_gmt":"2025-11-21T19:32:28","slug":"avanza-la-certificacion-ambiental-2025-mas-comunidades-educativas-se-suman-al-compromiso-por-la-sustentabilidad","status":"publish","type":"post","link":"https:\/\/radiorevelacionfm.cl\/?p=61650","title":{"rendered":"Avanza la Certificaci\u00f3n Ambiental 2025: m\u00e1s comunidades educativas se suman al compromiso por la sustentabilidad"},"content":{"rendered":"<div class=\"flex_column av_one_full  flex_column_div av-zero-column-padding first  avia-builder-el-0  el_before_av_one_full  avia-builder-el-first  \" style='border-radius:0px; '><div  class='avia-image-container  av-styling-    avia-builder-el-1  avia-builder-el-no-sibling  avia-align-center '  itemprop=\"image\" itemscope=\"itemscope\" itemtype=\"https:\/\/schema.org\/ImageObject\"  ><div class='avia-image-container-inner'><div class='avia-image-overlay-wrap'><img decoding=\"async\" class='wp-image-61651 avia-img-lazy-loading-not-61651 avia_image' src=\"https:\/\/radiorevelacionfm.cl\/wp-content\/uploads\/2025\/11\/sncae-1_optimized-1.jpg\" alt='' title='sncae-(1)_optimized (1)' height=\"600\" width=\"1033\"  itemprop=\"thumbnailUrl\" srcset=\"https:\/\/radiorevelacionfm.cl\/wp-content\/uploads\/2025\/11\/sncae-1_optimized-1.jpg 1033w, https:\/\/radiorevelacionfm.cl\/wp-content\/uploads\/2025\/11\/sncae-1_optimized-1-300x174.jpg 300w, https:\/\/radiorevelacionfm.cl\/wp-content\/uploads\/2025\/11\/sncae-1_optimized-1-1030x598.jpg 1030w, https:\/\/radiorevelacionfm.cl\/wp-content\/uploads\/2025\/11\/sncae-1_optimized-1-768x446.jpg 768w, https:\/\/radiorevelacionfm.cl\/wp-content\/uploads\/2025\/11\/sncae-1_optimized-1-705x409.jpg 705w, https:\/\/radiorevelacionfm.cl\/wp-content\/uploads\/2025\/11\/sncae-1_optimized-1-450x261.jpg 450w, https:\/\/radiorevelacionfm.cl\/wp-content\/uploads\/2025\/11\/sncae-1_optimized-1-600x348.jpg 600w\" sizes=\"(max-width: 1033px) 100vw, 1033px\" \/><\/div><\/div><\/div><\/div><div class=\"flex_column av_one_full  flex_column_div av-zero-column-padding first  avia-builder-el-2  el_after_av_one_full  el_before_av_one_full  column-top-margin\" style='border-radius:0px; '><section class=\"av_textblock_section \"  itemscope=\"itemscope\" itemtype=\"https:\/\/schema.org\/BlogPosting\" itemprop=\"blogPost\" ><div class='avia_textblock  '   itemprop=\"text\" ><p style=\"text-align: center;\"><strong><span style=\"font-size: 18pt;\">Avanza la Certificaci\u00f3n Ambiental 2025: m\u00e1s comunidades educativas se suman al compromiso por la sustentabilidad<\/span><\/strong><\/p>\n<div id=\"gtx-trans\" style=\"position: absolute; left: -50px; top: 4.31534px;\">\n<div class=\"gtx-trans-icon\"><\/div>\n<\/div>\n<\/div><\/section><\/div><div class=\"flex_column av_one_full  flex_column_div av-zero-column-padding first  avia-builder-el-4  el_after_av_one_full  el_before_av_hr  column-top-margin\" style='border-radius:0px; '><section class=\"av_textblock_section \"  itemscope=\"itemscope\" itemtype=\"https:\/\/schema.org\/BlogPosting\" itemprop=\"blogPost\" ><div class='avia_textblock  '   itemprop=\"text\" ><p style=\"text-align: justify;\">El Sistema Nacional de Certificaci\u00f3n Ambiental de Establecimientos Educacionales (SNCAE) cerr\u00f3 su proceso 2025 con un nuevo hito para la educaci\u00f3n ambiental en la Regi\u00f3n de Ays\u00e9n. Este sistema voluntario \u2014implementado en jardines infantiles, escuelas y liceos\u2014 busca fortalecer la cultura ambiental desde la comunidad educativa, integrando la sostenibilidad en la gesti\u00f3n institucional, el curr\u00edculo y el v\u00ednculo con el territorio.<\/p>\n<p style=\"text-align: justify;\">\u201cValoramos y agradecemos el compromiso de las comunidades educativas y nos pone muy contentos la cantidad de establecimientos que lograron su certificaci\u00f3n, queremos destacar adem\u00e1s que casi el 60% del total de establecimientos de la regi\u00f3n tiene alg\u00fan grado de certificaci\u00f3n ambiental, lo que nos llena de orgullo porque la educaci\u00f3n est\u00e1 diciendo que el camino es cuidar y accionar por el medio ambiente\u201d, relev\u00f3 el Seremi del Medio Ambiente, Yoal D\u00edaz.<\/p>\n<p style=\"text-align: justify;\">Durante el a\u00f1o 2025, 42 establecimientos postularon al proceso de certificaci\u00f3n tanto para revalidar o ingresar al sistema. De ellos, 40 aprobaron su autodiagn\u00f3stico, y 35 completaron la Etapa 3, correspondiente a la entrega del Informe de Revalidaci\u00f3n o Expediente de Certificaci\u00f3n. Tras la evaluaci\u00f3n del Comit\u00e9 Regional, 32 establecimientos revalidaron su nivel y 3 certificaron por primera vez, incorpor\u00e1ndose a la red regional del SNCAE.<\/p>\n<p style=\"text-align: justify;\">El proceso 2025 tambi\u00e9n destaca por la participaci\u00f3n de establecimientos rurales, muchos de ellos con trayectorias consolidadas en educaci\u00f3n ambiental. La certificaci\u00f3n \u2014en cualquiera de sus niveles\u2014 no es un premio, sino un camino formativo que instala capacidades impulsa cambios culturales y genera comunidades educativas m\u00e1s conscientes de su entorno.<\/p>\n<p style=\"text-align: justify;\">De los establecimientos que participaron del proceso, la escuela Valle de la Luna de \u00d1irehuao, alcanz\u00f3 el nivel de excelencia, el profesor encargado del comit\u00e9 ambiental de la Escuela, y tambi\u00e9n\u00a0 del proceso de Certificaci\u00f3n SNCAE, Pablo Venegas, declar\u00f3 que \u00a0\u201cComo establecimiento nos sentimos muy contentos y satisfechos por todo el trabajo que realizamos como comunidad escolar, participamos todos, los estudiantes, docentes, el centro de padres, y as\u00ed tambi\u00e9n otras organizaciones como juntas de vecinos, jard\u00edn sobre ruedas, posta de salud rural, Conaf y recicla Ays\u00e9n, entro otros\u201d, detallando que para conseguir la certificaci\u00f3n \u00a0enfocaron su gesti\u00f3n en actividades de cuidado y concienciaci\u00f3n medioambiental: como reforestaci\u00f3n con especies nativas, campa\u00f1as de cuidado de recursos energ\u00e9ticos, manejo de residuos reciclables y actividades de difusi\u00f3n ambiental\u00a0 \u201cEsperamos no dormirnos en los laureles con este logro, sino que continuar con el trabajo de difusi\u00f3n y promoci\u00f3n del cuidado medioambiental, extender nuestras redes colaborativas y reforzar el sello ambiental conseguido\u201d, agreg\u00f3.<\/p>\n<p style=\"text-align: justify;\">Estos resultados reflejan el trabajo permanente de comunidades educativas que integran pr\u00e1cticas como gesti\u00f3n de residuos, uso eficiente del agua y la energ\u00eda, protecci\u00f3n de la biodiversidad y aprendizajes contextualizados al territorio. El acompa\u00f1amiento t\u00e9cnico de la Seremi del Medio Ambiente y el trabajo del Comit\u00e9 Regional \u2014integrado por JUNJI, Integra, CIEP, SLEP, PAR Explora, CONAF y la Seremi de Educaci\u00f3n\u2014 permiten articular un proceso s\u00f3lido, participativo y coherente con los desaf\u00edos socioambientales de Ays\u00e9n.<\/p>\n<p style=\"text-align: justify;\">La diversidad del territorio de Ays\u00e9n hace que cada establecimiento recorra este camino desde su propia identidad: algunos fortalecen la participaci\u00f3n comunitaria, otros integran contenidos ambientales al curr\u00edculo o desarrollan proyectos con organizaciones locales. En todos los casos, el SNCAE act\u00faa como un marco que ordena, orienta y da proyecci\u00f3n.<\/p>\n<p style=\"text-align: justify;\">La Seremi del Medio Ambiente hace un llamado a que m\u00e1s establecimientos educativos de la regi\u00f3n se sumen a este sistema voluntario, que permite fortalecer capacidades, promover la corresponsabilidad ambiental y avanzar hacia comunidades educativas comprometidas con el futuro de sus territorios, \u201cel SNCAE est\u00e1 abierto a todos los niveles educativos y es una herramienta concreta para impulsar cambios reales desde la escuela hacia la comunidad, porque la educaci\u00f3n ambiental no se ense\u00f1a: se vive\u201d, concluy\u00f3 Yoal D\u00edaz.<\/p>\n<\/div><\/section><\/div><div  style='height:50px' class='hr hr-invisible   avia-builder-el-6  el_after_av_one_full  el_before_av_social_share '><span class='hr-inner ' ><span class='hr-inner-style'><\/span><\/span><\/div><\/p>\n<div  class='av-social-sharing-box  avia-builder-el-7  el_after_av_hr  el_before_av_hr  '><div class='av-share-box'><h5 class='av-share-link-description av-no-toc '>Compartir esta noticia<\/h5><ul class='av-share-box-list noLightbox'><li class='av-share-link av-social-link-facebook' ><a target=\"_blank\" aria-label=\"Compartir en Facebook\" href='https:\/\/www.facebook.com\/sharer.php?u=https:\/\/radiorevelacionfm.cl\/?p=61650&#038;t=Avanza%20la%20Certificaci%C3%B3n%20Ambiental%202025%3A%20m%C3%A1s%20comunidades%20educativas%20se%20suman%20al%20compromiso%20por%20la%20sustentabilidad' aria-hidden='false' data-av_icon='\ue8f3' data-av_iconfont='entypo-fontello' title='' data-avia-related-tooltip='Compartir en Facebook' rel=\"noopener\"><span class='avia_hidden_link_text'>Compartir en Facebook<\/span><\/a><\/li><li class='av-share-link av-social-link-twitter' ><a target=\"_blank\" aria-label=\"Compartir en Twitter\" href='https:\/\/twitter.com\/share?text=Avanza%20la%20Certificaci%C3%B3n%20Ambiental%202025%3A%20m%C3%A1s%20comunidades%20educativas%20se%20suman%20al%20compromiso%20por%20la%20sustentabilidad&#038;url=https:\/\/radiorevelacionfm.cl\/?p=61650' aria-hidden='false' data-av_icon='\ue8f1' data-av_iconfont='entypo-fontello' title='' data-avia-related-tooltip='Compartir en Twitter' rel=\"noopener\"><span class='avia_hidden_link_text'>Compartir en Twitter<\/span><\/a><\/li><li class='av-share-link av-social-link-whatsapp' ><a target=\"_blank\" aria-label=\"Compartir en Whatsapp\" href='https:\/\/api.whatsapp.com\/send?text=https:\/\/radiorevelacionfm.cl\/?p=61650' aria-hidden='false' data-av_icon='\uf232' data-av_iconfont='entypo-fontello' title='' data-avia-related-tooltip='Compartir en Whatsapp' rel=\"noopener\"><span class='avia_hidden_link_text'>Compartir en Whatsapp<\/span><\/a><\/li><li class='av-share-link av-social-link-linkedin' ><a target=\"_blank\" aria-label=\"Compartir en LinkedIn\" href='https:\/\/linkedin.com\/shareArticle?mini=true&#038;title=Avanza%20la%20Certificaci%C3%B3n%20Ambiental%202025%3A%20m%C3%A1s%20comunidades%20educativas%20se%20suman%20al%20compromiso%20por%20la%20sustentabilidad&#038;url=https:\/\/radiorevelacionfm.cl\/?p=61650' aria-hidden='false' data-av_icon='\ue8fc' data-av_iconfont='entypo-fontello' title='' data-avia-related-tooltip='Compartir en LinkedIn' rel=\"noopener\"><span class='avia_hidden_link_text'>Compartir en LinkedIn<\/span><\/a><\/li><li class='av-share-link av-social-link-mail' ><a  aria-label=\"Compartir por correo\" href='mailto:?subject=Avanza%20la%20Certificaci%C3%B3n%20Ambiental%202025%3A%20m%C3%A1s%20comunidades%20educativas%20se%20suman%20al%20compromiso%20por%20la%20sustentabilidad&#038;body=https:\/\/radiorevelacionfm.cl\/?p=61650' aria-hidden='false' data-av_icon='\ue805' data-av_iconfont='entypo-fontello' title='' data-avia-related-tooltip='Compartir por correo'><span class='avia_hidden_link_text'>Compartir por correo<\/span><\/a><\/li><\/ul><\/div><\/div>\n<div  style='height:50px' class='hr hr-invisible   avia-builder-el-8  el_after_av_social_share  el_before_av_comments_list '><span class='hr-inner ' ><span class='hr-inner-style'><\/span><\/span><\/div>\n<div  class='av-buildercomment  av-blog-meta-html-info-disabled av-blog-meta-tag-disabled  '><\/div>\n","protected":false},"excerpt":{"rendered":"","protected":false},"author":1,"featured_media":61651,"comment_status":"closed","ping_status":"closed","sticky":false,"template":"","format":"standard","meta":{"footnotes":""},"categories":[39],"tags":[],"class_list":["post-61650","post","type-post","status-publish","format-standard","has-post-thumbnail","hentry","category-medio-ambiente"],"jetpack_featured_media_url":"https:\/\/radiorevelacionfm.cl\/wp-content\/uploads\/2025\/11\/sncae-1_optimized-1.jpg","_links":{"self":[{"href":"https:\/\/radiorevelacionfm.cl\/index.php?rest_route=\/wp\/v2\/posts\/61650","targetHints":{"allow":["GET"]}}],"collection":[{"href":"https:\/\/radiorevelacionfm.cl\/index.php?rest_route=\/wp\/v2\/posts"}],"about":[{"href":"https:\/\/radiorevelacionfm.cl\/index.php?rest_route=\/wp\/v2\/types\/post"}],"author":[{"embeddable":true,"href":"https:\/\/radiorevelacionfm.cl\/index.php?rest_route=\/wp\/v2\/users\/1"}],"replies":[{"embeddable":true,"href":"https:\/\/radiorevelacionfm.cl\/index.php?rest_route=%2Fwp%2Fv2%2Fcomments&post=61650"}],"version-history":[{"count":2,"href":"https:\/\/radiorevelacionfm.cl\/index.php?rest_route=\/wp\/v2\/posts\/61650\/revisions"}],"predecessor-version":[{"id":61684,"href":"https:\/\/radiorevelacionfm.cl\/index.php?rest_route=\/wp\/v2\/posts\/61650\/revisions\/61684"}],"wp:featuredmedia":[{"embeddable":true,"href":"https:\/\/radiorevelacionfm.cl\/index.php?rest_route=\/wp\/v2\/media\/61651"}],"wp:attachment":[{"href":"https:\/\/radiorevelacionfm.cl\/index.php?rest_route=%2Fwp%2Fv2%2Fmedia&parent=61650"}],"wp:term":[{"taxonomy":"category","embeddable":true,"href":"https:\/\/radiorevelacionfm.cl\/index.php?rest_route=%2Fwp%2Fv2%2Fcategories&post=61650"},{"taxonomy":"post_tag","embeddable":true,"href":"https:\/\/radiorevelacionfm.cl\/index.php?rest_route=%2Fwp%2Fv2%2Ftags&post=61650"}],"curies":[{"name":"wp","href":"https:\/\/api.w.org\/{rel}","templated":true}]}}