{"id":6165,"date":"2021-07-11T19:45:24","date_gmt":"2021-07-11T22:45:24","guid":{"rendered":"https:\/\/radiorevelacionfm.cl\/?p=6165"},"modified":"2021-07-11T19:45:24","modified_gmt":"2021-07-11T22:45:24","slug":"concejala-villarroel-presento-ante-el-concejo-inconvenientes-en-pavimentacion-de-calle-armando-hernandez-en-aysen","status":"publish","type":"post","link":"https:\/\/radiorevelacionfm.cl\/?p=6165","title":{"rendered":"Concejala Villarroel present\u00f3 ante el Concejo inconvenientes en pavimentaci\u00f3n de calle Armando Hern\u00e1ndez en Ays\u00e9n"},"content":{"rendered":"<div class=\"flex_column av_one_full  flex_column_div av-zero-column-padding first  avia-builder-el-0  el_before_av_one_full  avia-builder-el-first  \" style='border-radius:0px; '><div  class='avia-image-container  av-styling-    avia-builder-el-1  avia-builder-el-no-sibling  avia-align-center '  itemprop=\"image\" itemscope=\"itemscope\" itemtype=\"https:\/\/schema.org\/ImageObject\"  ><div class='avia-image-container-inner'><div class='avia-image-overlay-wrap'><img decoding=\"async\" class='wp-image-6166 avia-img-lazy-loading-not-6166 avia_image' src=\"https:\/\/radiorevelacionfm.cl\/wp-content\/uploads\/2021\/07\/acceso-a-los-condores-1_optimized.jpg\" alt='' title='acceso-a-los-condores-(1)_optimized' height=\"600\" width=\"800\"  itemprop=\"thumbnailUrl\" srcset=\"https:\/\/radiorevelacionfm.cl\/wp-content\/uploads\/2021\/07\/acceso-a-los-condores-1_optimized.jpg 800w, https:\/\/radiorevelacionfm.cl\/wp-content\/uploads\/2021\/07\/acceso-a-los-condores-1_optimized-300x225.jpg 300w, https:\/\/radiorevelacionfm.cl\/wp-content\/uploads\/2021\/07\/acceso-a-los-condores-1_optimized-768x576.jpg 768w, https:\/\/radiorevelacionfm.cl\/wp-content\/uploads\/2021\/07\/acceso-a-los-condores-1_optimized-705x529.jpg 705w, https:\/\/radiorevelacionfm.cl\/wp-content\/uploads\/2021\/07\/acceso-a-los-condores-1_optimized-600x450.jpg 600w\" sizes=\"(max-width: 800px) 100vw, 800px\" \/><\/div><\/div><\/div><\/div><div class=\"flex_column av_one_full  flex_column_div av-zero-column-padding first  avia-builder-el-2  el_after_av_one_full  el_before_av_one_full  column-top-margin\" style='border-radius:0px; '><section class=\"av_textblock_section \"  itemscope=\"itemscope\" itemtype=\"https:\/\/schema.org\/BlogPosting\" itemprop=\"blogPost\" ><div class='avia_textblock  '   itemprop=\"text\" ><p style=\"text-align: center;\"><strong><span style=\"font-size: 18pt;\">Concejala Villarroel present\u00f3 ante el Concejo inconvenientes en pavimentaci\u00f3n de calle Armando Hern\u00e1ndez en Ays\u00e9n<\/span><\/strong><\/p>\n<div id=\"gtx-trans\" style=\"position: absolute; left: -50px; top: 4.31534px;\">\n<div class=\"gtx-trans-icon\"><\/div>\n<\/div>\n<\/div><\/section><\/div><div class=\"flex_column av_one_full  flex_column_div av-zero-column-padding first  avia-builder-el-4  el_after_av_one_full  el_before_av_hr  column-top-margin\" style='border-radius:0px; '><section class=\"av_textblock_section \"  itemscope=\"itemscope\" itemtype=\"https:\/\/schema.org\/BlogPosting\" itemprop=\"blogPost\" ><div class='avia_textblock  '   itemprop=\"text\" ><p style=\"text-align: justify;\">La Concejala de la comuna de Ays\u00e9n, Tatiana Villarroel, en la \u00faltima sesi\u00f3n del Concejo Municipal present\u00f3 la inquietud de muchos vecinos de calle Armando Hern\u00e1ndez, en el sector Ribera Sur, ya que esta arteria fue pavimentada casi en su totalidad, faltando algunos tramos, mejorar las \u00e1reas intervenidas y dar respuesta a poblaciones como Los C\u00f3ndores, que llevan m\u00e1s de 20 a\u00f1os esperando la pavimentaci\u00f3n de su acceso que en estas obras estaba comprometido.<\/p>\n<p style=\"text-align: justify;\">Algo que fue parte de la informaci\u00f3n entregada a la Concejala por parte del presidente de la junta de vecinos Litoral Austral, Carlos D\u00edaz. Tal como lo mencion\u00f3 Villarroel.<\/p>\n<p style=\"text-align: justify;\">\u201cHice saber la inquietud por parte de vecinos del sector de Ribera Sur, donde nosotros tuvimos conversaciones con el presidente de la junta de vecinos Litoral Austral, Carlos D\u00edaz, sobre la preocupaci\u00f3n por los trabajos de calle Armando Hern\u00e1ndez. Estos trabajos comenzaron en el mes de enero con una firma de convenio entre el Municipio y el Serviu, donde por lo que nos mencionaba el presidente debieron haber finalizado a fines de marzo, principios de abril, pero estamos en julio y aun no concluyen. Adem\u00e1s, hace como un mes que no se ve nadie trabajando\u201d.<\/p>\n<p style=\"text-align: justify;\">La Concejala Tatiana Villarroel, agreg\u00f3 que, exist\u00eda un compromiso de mejorar el acceso a Villa Los C\u00f3ndores, algo que no se ha concretado hasta este momento.<\/p>\n<p style=\"text-align: justify;\">\u201cEl dirigente tambi\u00e9n nos hac\u00eda menci\u00f3n de un compromiso\u00a0 que en ese momento fue de palabra, \u00e9l no lo ten\u00eda muy claro si hab\u00eda quedado escrito o no, pero un compromiso que hab\u00eda por parte de la administraci\u00f3n anterior, de hacerse cargo de la pavimentaci\u00f3n de la calle Bomberos Sanders (acceso principal al sector Los C\u00f3ndores), cosa que no fue tal. Esa calle no la pavimentaron y nosotros presentamos esta inquietud en el Concejo, porque claramente esto es un malestar que viven los vecinos del sector, hay viviendas que se est\u00e1n viendo afectadas por la mala ejecuci\u00f3n de los trabajos\u201d.<\/p>\n<p style=\"text-align: justify;\">La soluci\u00f3n ahora debe nacer del Municipio, afirm\u00f3 la Concejala.<\/p>\n<p style=\"text-align: justify;\">\u201cClaramente quien tiene que buscar una soluci\u00f3n para los vecinos es el Municipio, as\u00ed es que, nosotros hicimos la solicitud de que en un pr\u00f3ximo Concejo se nos pueda entregar informaci\u00f3n, que pas\u00f3 con ese convenio, que pasa con esos trabajos. El Alcalde nos mencionaba que se iba a reunir con el director del Serviu, esperamos que pueda hacerle las consultas y tengas las respuestas para hacer frente a las necesidades de la gente, entregar una soluci\u00f3n y que estos trabajos terminen\u201d.<\/p>\n<p style=\"text-align: justify;\">La idea es que estos trabajos se terminen, se terminen bien y dejen de ser un inconveniente para los vecinos y vecinas de calle Armando Hern\u00e1ndez en la Ribera Sur de Puerto Ays\u00e9n.<\/p>\n<\/div><\/section><\/div><div  style='height:50px' class='hr hr-invisible   avia-builder-el-6  el_after_av_one_full  el_before_av_social_share '><span class='hr-inner ' ><span class='hr-inner-style'><\/span><\/span><\/div><\/p>\n<div  class='av-social-sharing-box  avia-builder-el-7  el_after_av_hr  el_before_av_hr  '><div class='av-share-box'><h5 class='av-share-link-description av-no-toc '>Compartir esta noticia<\/h5><ul class='av-share-box-list noLightbox'><li class='av-share-link av-social-link-facebook' ><a target=\"_blank\" aria-label=\"Compartir en Facebook\" href='https:\/\/www.facebook.com\/sharer.php?u=https:\/\/radiorevelacionfm.cl\/?p=6165&#038;t=Concejala%20Villarroel%20present%C3%B3%20ante%20el%20Concejo%20inconvenientes%20en%20pavimentaci%C3%B3n%20de%20calle%20Armando%20Hern%C3%A1ndez%20en%20Ays%C3%A9n' aria-hidden='false' data-av_icon='\ue8f3' data-av_iconfont='entypo-fontello' title='' data-avia-related-tooltip='Compartir en Facebook' rel=\"noopener\"><span class='avia_hidden_link_text'>Compartir en Facebook<\/span><\/a><\/li><li class='av-share-link av-social-link-twitter' ><a target=\"_blank\" aria-label=\"Compartir en Twitter\" href='https:\/\/twitter.com\/share?text=Concejala%20Villarroel%20present%C3%B3%20ante%20el%20Concejo%20inconvenientes%20en%20pavimentaci%C3%B3n%20de%20calle%20Armando%20Hern%C3%A1ndez%20en%20Ays%C3%A9n&#038;url=https:\/\/radiorevelacionfm.cl\/?p=6165' aria-hidden='false' data-av_icon='\ue8f1' data-av_iconfont='entypo-fontello' title='' data-avia-related-tooltip='Compartir en Twitter' rel=\"noopener\"><span class='avia_hidden_link_text'>Compartir en Twitter<\/span><\/a><\/li><li class='av-share-link av-social-link-whatsapp' ><a target=\"_blank\" aria-label=\"Compartir en Whatsapp\" href='https:\/\/api.whatsapp.com\/send?text=https:\/\/radiorevelacionfm.cl\/?p=6165' aria-hidden='false' data-av_icon='\uf232' data-av_iconfont='entypo-fontello' title='' data-avia-related-tooltip='Compartir en Whatsapp' rel=\"noopener\"><span class='avia_hidden_link_text'>Compartir en Whatsapp<\/span><\/a><\/li><li class='av-share-link av-social-link-linkedin' ><a target=\"_blank\" aria-label=\"Compartir en LinkedIn\" href='https:\/\/linkedin.com\/shareArticle?mini=true&#038;title=Concejala%20Villarroel%20present%C3%B3%20ante%20el%20Concejo%20inconvenientes%20en%20pavimentaci%C3%B3n%20de%20calle%20Armando%20Hern%C3%A1ndez%20en%20Ays%C3%A9n&#038;url=https:\/\/radiorevelacionfm.cl\/?p=6165' aria-hidden='false' data-av_icon='\ue8fc' data-av_iconfont='entypo-fontello' title='' data-avia-related-tooltip='Compartir en LinkedIn' rel=\"noopener\"><span class='avia_hidden_link_text'>Compartir en LinkedIn<\/span><\/a><\/li><li class='av-share-link av-social-link-mail' ><a  aria-label=\"Compartir por correo\" href='mailto:?subject=Concejala%20Villarroel%20present%C3%B3%20ante%20el%20Concejo%20inconvenientes%20en%20pavimentaci%C3%B3n%20de%20calle%20Armando%20Hern%C3%A1ndez%20en%20Ays%C3%A9n&#038;body=https:\/\/radiorevelacionfm.cl\/?p=6165' aria-hidden='false' data-av_icon='\ue805' data-av_iconfont='entypo-fontello' title='' data-avia-related-tooltip='Compartir por correo'><span class='avia_hidden_link_text'>Compartir por correo<\/span><\/a><\/li><\/ul><\/div><\/div>\n<div  style='height:50px' class='hr hr-invisible   avia-builder-el-8  el_after_av_social_share  el_before_av_comments_list '><span class='hr-inner ' ><span class='hr-inner-style'><\/span><\/span><\/div>\n<div  class='av-buildercomment  av-blog-meta-html-info-disabled av-blog-meta-tag-disabled  '><\/div>\n","protected":false},"excerpt":{"rendered":"","protected":false},"author":1,"featured_media":6166,"comment_status":"open","ping_status":"open","sticky":false,"template":"","format":"standard","meta":{"footnotes":""},"categories":[38],"tags":[],"class_list":["post-6165","post","type-post","status-publish","format-standard","has-post-thumbnail","hentry","category-regional"],"jetpack_featured_media_url":"https:\/\/radiorevelacionfm.cl\/wp-content\/uploads\/2021\/07\/acceso-a-los-condores-1_optimized.jpg","_links":{"self":[{"href":"https:\/\/radiorevelacionfm.cl\/index.php?rest_route=\/wp\/v2\/posts\/6165","targetHints":{"allow":["GET"]}}],"collection":[{"href":"https:\/\/radiorevelacionfm.cl\/index.php?rest_route=\/wp\/v2\/posts"}],"about":[{"href":"https:\/\/radiorevelacionfm.cl\/index.php?rest_route=\/wp\/v2\/types\/post"}],"author":[{"embeddable":true,"href":"https:\/\/radiorevelacionfm.cl\/index.php?rest_route=\/wp\/v2\/users\/1"}],"replies":[{"embeddable":true,"href":"https:\/\/radiorevelacionfm.cl\/index.php?rest_route=%2Fwp%2Fv2%2Fcomments&post=6165"}],"version-history":[{"count":1,"href":"https:\/\/radiorevelacionfm.cl\/index.php?rest_route=\/wp\/v2\/posts\/6165\/revisions"}],"predecessor-version":[{"id":6167,"href":"https:\/\/radiorevelacionfm.cl\/index.php?rest_route=\/wp\/v2\/posts\/6165\/revisions\/6167"}],"wp:featuredmedia":[{"embeddable":true,"href":"https:\/\/radiorevelacionfm.cl\/index.php?rest_route=\/wp\/v2\/media\/6166"}],"wp:attachment":[{"href":"https:\/\/radiorevelacionfm.cl\/index.php?rest_route=%2Fwp%2Fv2%2Fmedia&parent=6165"}],"wp:term":[{"taxonomy":"category","embeddable":true,"href":"https:\/\/radiorevelacionfm.cl\/index.php?rest_route=%2Fwp%2Fv2%2Fcategories&post=6165"},{"taxonomy":"post_tag","embeddable":true,"href":"https:\/\/radiorevelacionfm.cl\/index.php?rest_route=%2Fwp%2Fv2%2Ftags&post=6165"}],"curies":[{"name":"wp","href":"https:\/\/api.w.org\/{rel}","templated":true}]}}